{"id":1022,"date":"2025-02-12T15:43:01","date_gmt":"2025-02-12T14:43:01","guid":{"rendered":"https:\/\/uniejow.pl\/ucop\/?p=1022"},"modified":"2025-02-12T15:43:03","modified_gmt":"2025-02-12T14:43:03","slug":"nabor-wnioskow-na-podjecie-dzialalnosci-gospodarczej-oraz-doposazenia-stanowiska-pracy","status":"publish","type":"post","link":"https:\/\/uniejow.pl\/ucop\/aktualnosci\/nabor-wnioskow-na-podjecie-dzialalnosci-gospodarczej-oraz-doposazenia-stanowiska-pracy\/","title":{"rendered":"Nab\u00f3r wniosk\u00f3w na podj\u0119cie dzia\u0142alno\u015bci gospodarczej oraz doposa\u017cenia stanowiska pracy"},"content":{"rendered":"\n<p><\/p>\n\n\n\n<p>Powiatowy Urz\u0105d Pracy w Podd\u0119bicach og\u0142osi\u0142 nabory wniosk\u00f3w o przyznanie \u015brodk\u00f3w na:<\/p>\n\n\n\n<ol class=\"wp-block-list\">\n<li> Podj\u0119cie dzia\u0142alno\u015bci gospodarczej ze \u015brodk\u00f3w Europejskiego Funduszu Spo\u0142ecznego Plus w ramach projektu \u201eAktywizacja os\u00f3b bezrobotnych z powiatu podd\u0119bickiego (II)\u201d \u2013 Priorytet FELD.07.00. FUNDUSZE EUROPEJSKIE DLA ZATRUDNIENIA I INTEGRACJI W \u0141\u00d3DZKIEM, Dzia\u0142anie FELD.07.01 Aktywizacja zawodowa &#8211; PUP w ramach programu regionalnego Fundusze Europejskie dla \u0141\u00f3dzkiego 2021-2027\u201d.                                                                                                                                                                   <\/li>\n\n\n\n<li>Przyznanie refundacji koszt\u00f3w wyposa\u017cenia lub doposa\u017cenia stanowiska pracy ze \u015brodk\u00f3w Europejskiego Funduszu Spo\u0142ecznego Plus w ramach projektu \u201eAktywizacja os\u00f3b bezrobotnych z powiatu podd\u0119bickiego (II)\u201d \u2013 Priorytet FELD 07.00 FUNDUSZE EUROPEJSKIE DLA ZATRUDNIENIA I INTEGRACJI W \u0141\u00d3DZKIEM, Dzia\u0142anie FELD.07.01 Aktywizacja zawodowa &#8211; PUP w ramach programu regionalnego Fundusze Europejskie dla \u0141\u00f3dzkiego 2021-2027\u201d.<\/li>\n<\/ol>\n\n\n\n<p>Zgodnie z ustaw\u0105 wysoko\u015b\u0107 udzielonej dotacji nie mo\u017ce przekroczy\u0107 600 % przeci\u0119tnego wynagrodzenia, jednak\u017ce jest uzale\u017cniona od posiadanych przez Urz\u0105d \u015brodk\u00f3w i zatwierdzonego projektu.<\/p>\n\n\n\n<p>Wsparciem mog\u0105 by\u0107 obj\u0119te osoby zarejestrowane w PUP jako bezrobotne, kt\u00f3re w szczeg\u00f3lno\u015bci znajduj\u0105 si\u0119 w trudnej sytuacji na rynku pracy, tj.<\/p>\n\n\n\n<ul class=\"wp-block-list\">\n<li> kobiety,<\/li>\n<\/ul>\n\n\n\n<ul class=\"wp-block-list\">\n<li>osoby m\u0142ode(osoby mi\u0119dzy 18 a 29 rokiem \u017cycia),<\/li>\n<\/ul>\n\n\n\n<ul class=\"wp-block-list\">\n<li> osoby starsze (osoby w wieku 55 lat i wi\u0119cej),<\/li>\n<\/ul>\n\n\n\n<ul class=\"wp-block-list\">\n<li> osoby z niepe\u0142nosprawno\u015bciami,<\/li>\n<\/ul>\n\n\n\n<ul class=\"wp-block-list\">\n<li> osoby d\u0142ugotrwale bezrobotne (osoba bezrobotna pozostaj\u0105ca w rejestrze PUP przez okres ponad 12 miesi\u0119cy w okresie ostatnich 2 lat, z wy\u0142\u0105czeniem okres\u00f3w odbywania sta\u017cu i przygotowania zawodowego doros\u0142ych),<\/li>\n<\/ul>\n\n\n\n<ul class=\"wp-block-list\">\n<li> osoby o niskich kwalifikacjach (szko\u0142a podstawowa, gimnazjum, zasadnicza szko\u0142a zawodowa, liceum og\u00f3lnokszta\u0142c\u0105ce, technikum uzupe\u0142niaj\u0105ce, studium policealne, szko\u0142a specjalna przysposabiaj\u0105ca do pracy).<\/li>\n<\/ul>\n\n\n\n<p><strong>Nab\u00f3r wniosk\u00f3w b\u0119dzie trwa\u0142 od 17 &#8211; 19 lutego 2025r.<\/strong><\/p>\n\n\n\n<p>Wnioski do pobrania ze strony internetowej urz\u0119du <a href=\"https:\/\/l.facebook.com\/l.php?u=http%3A%2F%2Fpoddebice.praca.gov.pl%2F%3Ffbclid%3DIwZXh0bgNhZW0CMTAAAR08w8B4Xxz9FgB86Aj5sRE5NFQe7poqR16Zw1IHxqTUMTy58L_RC3CP9Xk_aem_-LmIdDuJTRArl2cWMAg2yg&amp;h=AT0hV296NbsqeCtIDPK3243XSPYVVB5nbv2s5yiFEBWgdOaXIqkXKvAlMuIAELPdH8v35KNk_Xfqewj-S71dSj-BJfbLn2EqKZyJrG105BIEx4Nv9jvQAUchIXoQrcYgu8UA&amp;__tn__=-UK-R&amp;c[0]=AT35zZhHm6fAC_PYhR8eh9FzUEPhxmktc7UDMzmnBprIKmTQyXaf7hdVx0RAd4bx2KIAy2gz9PnDSwAzFdg04J_C9sMG6LupOmG5iIGu805e9ucn6PyxEYRgUatE14DvpQRo0q1ICODpQpTi0ZsEsoCvBJZ-HA3QfAUUSBVoY4taQQM2PwxLDl8TqAEs2oUMoGyYE0ADqNkQQzBEsyrwbtckyigopjM\" rel=\"noreferrer noopener\" target=\"_blank\">poddebice.praca.gov.pl<\/a> w zak\u0142adce g\u00f3rne menu: dla bezrobotnych i poszukuj\u0105cych pracy, zak\u0142adka: dokumenty do pobrania \u2192 dofinansowanie podj\u0119cia dzia\u0142alno\u015bci gospodarczej lub w siedzibie PUP w Podd\u0119bicach, pok. 5<\/p>\n\n\n\n<p>\u017ar\u00f3d\u0142o: <a href=\"https:\/\/poddebice.praca.gov.pl\/\">https:\/\/poddebice.praca.gov.pl\/<\/a> <\/p>\n\n\n\n<p><\/p>\n\n\n\n<p>M\u0141<\/p>\n","protected":false},"excerpt":{"rendered":"<p>Powiatowy Urz\u0105d Pracy w Podd\u0119bicach og\u0142osi\u0142 nabory wniosk\u00f3w o przyznanie \u015brodk\u00f3w na: Zgodnie z ustaw\u0105 wysoko\u015b\u0107 udzielonej dotacji nie mo\u017ce [&#8230;]<\/p>\n<p><a class=\"btn btn-secondary understrap-read-more-link\" href=\"https:\/\/uniejow.pl\/ucop\/aktualnosci\/nabor-wnioskow-na-podjecie-dzialalnosci-gospodarczej-oraz-doposazenia-stanowiska-pracy\/\">Czytaj dalej\u2026<span class=\"screen-reader-text\"> from Nab\u00f3r wniosk\u00f3w na podj\u0119cie dzia\u0142alno\u015bci gospodarczej oraz doposa\u017cenia stanowiska pracy<\/span><\/a><\/p>\n","protected":false},"author":5,"featured_media":1025,"comment_status":"closed","ping_status":"closed","sticky":false,"template":"","format":"standard","meta":{"_acf_changed":false,"footnotes":""},"categories":[4],"tags":[],"class_list":["post-1022","post","type-post","status-publish","format-standard","has-post-thumbnail","hentry","category-aktualnosci"],"acf":[],"_links":{"self":[{"href":"https:\/\/uniejow.pl\/ucop\/wp-json\/wp\/v2\/posts\/1022","targetHints":{"allow":["GET"]}}],"collection":[{"href":"https:\/\/uniejow.pl\/ucop\/wp-json\/wp\/v2\/posts"}],"about":[{"href":"https:\/\/uniejow.pl\/ucop\/wp-json\/wp\/v2\/types\/post"}],"author":[{"embeddable":true,"href":"https:\/\/uniejow.pl\/ucop\/wp-json\/wp\/v2\/users\/5"}],"replies":[{"embeddable":true,"href":"https:\/\/uniejow.pl\/ucop\/wp-json\/wp\/v2\/comments?post=1022"}],"version-history":[{"count":1,"href":"https:\/\/uniejow.pl\/ucop\/wp-json\/wp\/v2\/posts\/1022\/revisions"}],"predecessor-version":[{"id":1024,"href":"https:\/\/uniejow.pl\/ucop\/wp-json\/wp\/v2\/posts\/1022\/revisions\/1024"}],"wp:featuredmedia":[{"embeddable":true,"href":"https:\/\/uniejow.pl\/ucop\/wp-json\/wp\/v2\/media\/1025"}],"wp:attachment":[{"href":"https:\/\/uniejow.pl\/ucop\/wp-json\/wp\/v2\/media?parent=1022"}],"wp:term":[{"taxonomy":"category","embeddable":true,"href":"https:\/\/uniejow.pl\/ucop\/wp-json\/wp\/v2\/categories?post=1022"},{"taxonomy":"post_tag","embeddable":true,"href":"https:\/\/uniejow.pl\/ucop\/wp-json\/wp\/v2\/tags?post=1022"}],"curies":[{"name":"wp","href":"https:\/\/api.w.org\/{rel}","templated":true}]}}