{"id":1065,"date":"2025-03-03T10:30:31","date_gmt":"2025-03-03T09:30:31","guid":{"rendered":"https:\/\/uniejow.pl\/ucop\/?p=1065"},"modified":"2025-02-24T10:34:01","modified_gmt":"2025-02-24T09:34:01","slug":"intereuropa-umiedzynarodowienie-dzialalnosci-przedsiebiorstw-z-wojewodztwa-lodzkiego","status":"publish","type":"post","link":"https:\/\/uniejow.pl\/ucop\/aktualnosci\/intereuropa-umiedzynarodowienie-dzialalnosci-przedsiebiorstw-z-wojewodztwa-lodzkiego\/","title":{"rendered":"InterEuropa &#8211; umi\u0119dzynarodowienie dzia\u0142alno\u015bci przedsi\u0119biorstw z wojew\u00f3dztwa \u0142\u00f3dzkiego"},"content":{"rendered":"\n<figure class=\"wp-block-image size-full\"><img loading=\"lazy\" decoding=\"async\" width=\"942\" height=\"132\" src=\"https:\/\/uniejow.pl\/ucop\/wp-content\/uploads\/2024\/10\/image-1.png\" alt=\"\" class=\"wp-image-46\" srcset=\"https:\/\/uniejow.pl\/ucop\/wp-content\/uploads\/2024\/10\/image-1.png 942w, https:\/\/uniejow.pl\/ucop\/wp-content\/uploads\/2024\/10\/image-1-300x42.png 300w, https:\/\/uniejow.pl\/ucop\/wp-content\/uploads\/2024\/10\/image-1-768x108.png 768w\" sizes=\"auto, (max-width: 942px) 100vw, 942px\" \/><\/figure>\n\n\n\n<p>Projekt <strong>InterEuropa<\/strong> to inicjatywa maj\u0105ca na celu wsparcie mikro, ma\u0142ych i \u015brednich przedsi\u0119biorstw (M\u015aP) z wojew\u00f3dztwa \u0142\u00f3dzkiego w procesie umi\u0119dzynarodowienia ich dzia\u0142alno\u015bci na rynkach europejskich. Realizowany w latach 2024-2026, projekt koncentruje si\u0119 na umo\u017cliwieniu firmom udzia\u0142u w kluczowych wydarzeniach targowych oraz ekspansji na nowe rynki zagraniczne.<\/p>\n\n\n\n<p><strong>G\u0142\u00f3wne za\u0142o\u017cenia projektu InterEuropa:<\/strong><\/p>\n\n\n\n<ul class=\"wp-block-list\">\n<li><strong>Udzia\u0142 w mi\u0119dzynarodowych targach<\/strong>: Organizacja misji gospodarczych, podczas kt\u00f3rych przedsi\u0119biorcy z regionu \u0142\u00f3dzkiego maj\u0105 mo\u017cliwo\u015b\u0107 prezentacji swoich produkt\u00f3w i us\u0142ug na renomowanych europejskich targach bran\u017cowych.<\/li>\n\n\n\n<li><strong>Wsparcie merytoryczne<\/strong>: Przygotowanie firm do wej\u015bcia na rynki zagraniczne poprzez szkolenia, warsztaty oraz konsultacje z ekspertami w dziedzinie eksportu i internacjonalizacji.<\/li>\n\n\n\n<li><strong>Networking i nawi\u0105zywanie kontakt\u00f3w<\/strong>: Umo\u017cliwienie przedsi\u0119biorcom uczestnictwa w spotkaniach B2B oraz sesjach networkingowych z potencjalnymi partnerami biznesowymi z Europy.<\/li>\n<\/ul>\n\n\n\n<p>Projekt InterEuropa jest wsp\u00f3\u0142finansowany ze \u015brodk\u00f3w programu regionalnego <strong>Fundusze Europejskie dla \u0141\u00f3dzkiego 2021-2027<\/strong>, co podkre\u015bla jego znaczenie dla rozwoju gospodarczego regionu. Dzi\u0119ki tej inicjatywie, firmy z wojew\u00f3dztwa \u0142\u00f3dzkiego zyskuj\u0105 realne szanse na zwi\u0119kszenie swojej konkurencyjno\u015bci oraz obecno\u015bci na rynkach mi\u0119dzynarodowych.<\/p>\n\n\n\n<p>Przedsi\u0119biorcy zainteresowani udzia\u0142em w projekcie InterEuropa mog\u0105 uzyska\u0107 wi\u0119cej informacji oraz zg\u0142osi\u0107 ch\u0119\u0107 uczestnictwa poprzez stron\u0119 internetow\u0105 <a href=\"https:\/\/biznes.lodzkie.pl\/nasze-projekty\/\">\u0141\u00f3dzkie dla Biznesu<\/a> lub skontaktowa\u0107 si\u0119 z biurem Uniejowskiego Centrum Obs\u0142ugi Przedsi\u0119biorcy.<\/p>\n\n\n\n<p>(\u017ar\u00f3d\u0142o: <a href=\"https:\/\/biznes.lodzkie.pl\/nasze-projekty\/\">https:\/\/biznes.lodzkie.pl\/nasze-projekty\/<\/a>)<\/p>\n\n\n\n<p>AS<\/p>\n","protected":false},"excerpt":{"rendered":"<p>Projekt InterEuropa to inicjatywa maj\u0105ca na celu wsparcie mikro, ma\u0142ych i \u015brednich przedsi\u0119biorstw (M\u015aP) z wojew\u00f3dztwa \u0142\u00f3dzkiego w procesie umi\u0119dzynarodowienia [&#8230;]<\/p>\n<p><a class=\"btn btn-secondary understrap-read-more-link\" href=\"https:\/\/uniejow.pl\/ucop\/aktualnosci\/intereuropa-umiedzynarodowienie-dzialalnosci-przedsiebiorstw-z-wojewodztwa-lodzkiego\/\">Czytaj dalej\u2026<span class=\"screen-reader-text\"> from InterEuropa &#8211; umi\u0119dzynarodowienie dzia\u0142alno\u015bci przedsi\u0119biorstw z wojew\u00f3dztwa \u0142\u00f3dzkiego<\/span><\/a><\/p>\n","protected":false},"author":2,"featured_media":1064,"comment_status":"closed","ping_status":"closed","sticky":false,"template":"","format":"standard","meta":{"_acf_changed":false,"footnotes":""},"categories":[4],"tags":[],"class_list":["post-1065","post","type-post","status-publish","format-standard","has-post-thumbnail","hentry","category-aktualnosci"],"acf":[],"_links":{"self":[{"href":"https:\/\/uniejow.pl\/ucop\/wp-json\/wp\/v2\/posts\/1065","targetHints":{"allow":["GET"]}}],"collection":[{"href":"https:\/\/uniejow.pl\/ucop\/wp-json\/wp\/v2\/posts"}],"about":[{"href":"https:\/\/uniejow.pl\/ucop\/wp-json\/wp\/v2\/types\/post"}],"author":[{"embeddable":true,"href":"https:\/\/uniejow.pl\/ucop\/wp-json\/wp\/v2\/users\/2"}],"replies":[{"embeddable":true,"href":"https:\/\/uniejow.pl\/ucop\/wp-json\/wp\/v2\/comments?post=1065"}],"version-history":[{"count":1,"href":"https:\/\/uniejow.pl\/ucop\/wp-json\/wp\/v2\/posts\/1065\/revisions"}],"predecessor-version":[{"id":1066,"href":"https:\/\/uniejow.pl\/ucop\/wp-json\/wp\/v2\/posts\/1065\/revisions\/1066"}],"wp:featuredmedia":[{"embeddable":true,"href":"https:\/\/uniejow.pl\/ucop\/wp-json\/wp\/v2\/media\/1064"}],"wp:attachment":[{"href":"https:\/\/uniejow.pl\/ucop\/wp-json\/wp\/v2\/media?parent=1065"}],"wp:term":[{"taxonomy":"category","embeddable":true,"href":"https:\/\/uniejow.pl\/ucop\/wp-json\/wp\/v2\/categories?post=1065"},{"taxonomy":"post_tag","embeddable":true,"href":"https:\/\/uniejow.pl\/ucop\/wp-json\/wp\/v2\/tags?post=1065"}],"curies":[{"name":"wp","href":"https:\/\/api.w.org\/{rel}","templated":true}]}}