{"id":1137,"date":"2025-02-26T09:28:00","date_gmt":"2025-02-26T08:28:00","guid":{"rendered":"https:\/\/uniejow.pl\/ucop\/?p=1137"},"modified":"2025-02-26T09:31:38","modified_gmt":"2025-02-26T08:31:38","slug":"dobry-start-w-sektorze-kosmetycznym","status":"publish","type":"post","link":"https:\/\/uniejow.pl\/ucop\/aktualnosci\/dobry-start-w-sektorze-kosmetycznym\/","title":{"rendered":"Dobry start w sektorze kosmetycznym"},"content":{"rendered":"\n<p>Sektor kosmetyczny jest jednym z dynamicznie rozwijaj\u0105cych si\u0119 bran\u017c, a dla przedsi\u0119biorc\u00f3w, kt\u00f3rzy planuj\u0105 rozpocz\u0119cie dzia\u0142alno\u015bci lub chc\u0105 rozwin\u0105\u0107 swoj\u0105 firm\u0119 w tej dziedzinie, istnieje szereg dost\u0119pnych program\u00f3w wsparcia. W tym artykule przedstawiamy najnowsze mo\u017cliwo\u015bci finansowania oraz szkolenia, kt\u00f3re mog\u0105 pom\u00f3c w osi\u0105gni\u0119ciu sukcesu na rynku kosmetycznym.<\/p>\n\n\n\n<p><strong>1. Dofinansowanie dzia\u0142a\u0144 w zakresie bezpiecze\u0144stwa i higieny pracy<\/strong><\/p>\n\n\n\n<p>Organizowane przez ZUS, to konkurs skierowany do p\u0142atnik\u00f3w sk\u0142adek, kt\u00f3rzy planuj\u0105 inwestycje maj\u0105ce na celu popraw\u0119 bezpiecze\u0144stwa i higieny pracy. W ramach tego wsparcia przedsi\u0119biorcy mog\u0105 uzyska\u0107 dofinansowanie na dzia\u0142ania doradcze i inwestycyjne, kt\u00f3re poprawiaj\u0105 warunki pracy.<\/p>\n\n\n\n<ul class=\"wp-block-list\">\n<li><strong>Kwoty dofinansowania:<\/strong> od 10.000 z\u0142 do 300.000 z\u0142 (do 80% koszt\u00f3w)<\/li>\n\n\n\n<li><strong>Termin sk\u0142adania wniosk\u00f3w:<\/strong> 10 lutego 2025 r. \u2013 10 marca 2025 r.<br><a href=\"https:\/\/bip.zus.pl\/konkurs-dofinansowanie-dzialan-platnika-skladek-na-poprawe-bezpieczenstwa-i-higieny-pracy\/konkurs-202501\">Wi\u0119cej informacji i formularz aplikacyjny<\/a><\/li>\n<\/ul>\n\n\n\n<p><strong>2. Szkolenie i rozw\u00f3j zawodowy w ramach &#8222;Strefy Rozwoju 3.0&#8221;<\/strong><\/p>\n\n\n\n<p>Je\u015bli chcesz podnie\u015b\u0107 kwalifikacje swoje lub swoich pracownik\u00f3w, warto zapozna\u0107 si\u0119 z ofert\u0105 \u0141\u00f3dzkiej Specjalnej Strefy Ekonomicznej. Program ten obejmuje dofinansowanie na studia podyplomowe, kursy zawodowe oraz inne formy edukacyjne.<\/p>\n\n\n\n<ul class=\"wp-block-list\">\n<li><strong>Kwoty dofinansowania:<\/strong> Maksymalnie 50.000 z\u0142 dla mikro przedsi\u0119biorstw<\/li>\n\n\n\n<li><strong>Termin sk\u0142adania wniosk\u00f3w:<\/strong> do wyczerpania alokacji<br><a href=\"https:\/\/strefarozwoju.lodz.pl\/2025\/01\/28\/vi-nabor-wnioskow-do-strefy-rozwoyou-3-0\/\">Wi\u0119cej informacji o konkursie<\/a><\/li>\n<\/ul>\n\n\n\n<p><strong>3. Wsparcie w trudnych czasach gospodarczych \u2013 PARP<\/strong><\/p>\n\n\n\n<p>Je\u015bli Twoja firma boryka si\u0119 z trudno\u015bciami, takim jak spadek popytu na produkty czy brak wykwalifikowanych pracownik\u00f3w, mo\u017cesz skorzysta\u0107 z pomocy w ramach programu &#8222;Wsparcie firm w okresowych trudno\u015bciach&#8221;. Dzi\u0119ki dofinansowaniu na doradztwo i us\u0142ugi rozwojowe, przedsi\u0119biorcy mog\u0105 opracowa\u0107 strategie radzenia sobie z kryzysami.<\/p>\n\n\n\n<ul class=\"wp-block-list\">\n<li><strong>Kwoty dofinansowania:<\/strong> Do 19.298 z\u0142 dla samozatrudnionych<\/li>\n\n\n\n<li><strong>Termin sk\u0142adania wniosk\u00f3w:<\/strong> Nab\u00f3r ci\u0105g\u0142y do 30.04.2027 r.<br><a href=\"https:\/\/www.parp.gov.pl\/component\/grants\/grants\/wsparcie-firm-w-okresowych-trudnosciach---oferta-dla-przedsiebiorcow#terminy\">Wi\u0119cej informacji<\/a><\/li>\n<\/ul>\n\n\n\n<p><strong>4. Po\u017cyczka na inwestycje w M\u015aP \u2013 \u0141\u00f3dzkie<\/strong><\/p>\n\n\n\n<p>Dla firm z sektora M\u015aP, kt\u00f3re chc\u0105 zainwestowa\u0107 w rozw\u00f3j swojego biznesu, dost\u0119pna jest po\u017cyczka na inwestycje. \u015arodki mo\u017cna przeznaczy\u0107 na zakup sprz\u0119tu, nieruchomo\u015bci czy warto\u015bci niematerialnych, co pozwala na popraw\u0119 zdolno\u015bci produkcyjnych i jako\u015bci oferowanych us\u0142ug.<\/p>\n\n\n\n<ul class=\"wp-block-list\">\n<li><strong>Kwota po\u017cyczki:<\/strong> Do 3.000.000 z\u0142<\/li>\n\n\n\n<li><strong>Oprocentowanie:<\/strong> 2% w skali roku<\/li>\n\n\n\n<li><strong>Termin sk\u0142adania wniosk\u00f3w:<\/strong> do wyczerpania \u015brodk\u00f3w<br><a href=\"https:\/\/larr.pl\/pozyczka-na-inwestycje-w-msp--wojewodztwo-lodzkie\">Wi\u0119cej informacji<\/a><\/li>\n<\/ul>\n\n\n\n<p><strong>5. Edukacja dla profesjonalist\u00f3w \u2013 kursy w dziedzinie kosmetologii i dermokosmetyk\u00f3w<\/strong><\/p>\n\n\n\n<p>Aby zwi\u0119kszy\u0107 swoje kompetencje w bran\u017cy kosmetycznej, warto zainwestowa\u0107 w specjalistyczne kursy. Warto zwr\u00f3ci\u0107 uwag\u0119 na kursy online, takie jak Intensive Course in Dermato-Cosmetic Sciences, kt\u00f3re oferuj\u0105 pog\u0142\u0119bion\u0105 wiedz\u0119 z zakresu dermokosmetyk\u00f3w, toksykologii czy regulacji prawnych dotycz\u0105cych kosmetyk\u00f3w.<\/p>\n\n\n\n<ul class=\"wp-block-list\">\n<li><strong>Koszt kursu:<\/strong> 1800 \u20ac<br><a href=\"https:\/\/biotechnologia.pl\/nasze-szkolenia\">Wi\u0119cej informacji<\/a><\/li>\n<\/ul>\n\n\n\n<p><strong>6. Targi i wydarzenia bran\u017cowe<\/strong><\/p>\n\n\n\n<p>Aby zbudowa\u0107 siln\u0105 pozycj\u0119 na rynku, warto uczestniczy\u0107 w wydarzeniach targowych i konferencjach bran\u017cowych. Dzi\u0119ki nim mo\u017cna nawi\u0105za\u0107 cenne kontakty, zaprezentowa\u0107 swoje produkty i us\u0142ugi, a tak\u017ce pozna\u0107 najnowsze trendy w kosmetyce.<\/p>\n\n\n\n<ul class=\"wp-block-list\">\n<li><strong>Beauty Expo 2025 w Kownie<\/strong> (21-23 marca 2025 r.)<br><a href=\"https:\/\/www.paih.gov.pl\/events\/beauty-expo-2025-litwa\/\">Rejestracja i szczeg\u00f3\u0142y<\/a><\/li>\n\n\n\n<li>Expo 2025 Osaka, Kansai (20 maja 2025 r.)<br><a href=\"https:\/\/expo.gov.pl\/news\/zglos-sie-na-polsko-japonskie-forum-eksportowe-w-osace\/?fbclid=IwY2xjawIrp1tleHRuA2FlbQIxMAABHXMPXVrT6x3OxuobRXGy85C5hQ_lcBxq7t8VAjTVVrFMdMSUJRSGomeFdg_aem_zdCHJluupXbnrtV6JUfnpg\">Rejestracja i szczeg\u00f3\u0142y<\/a><\/li>\n\n\n\n<li><strong>Mi\u0119dzynarodowa Konferencja Przemys\u0142u Kosmetycznego<\/strong> (28 maja 2025 r.)<br><a href=\"https:\/\/kosmetyki-detergenty.pl\/%f0%9f%9b%a1%ef%b8%8f-patronat-pspkd-i-miedzynarodowa-konferencja-przemyslu-kosmetycznego-%e2%9c%a8-warszawa-28-maja-2025\/\">Rejestracja<\/a><\/li>\n\n\n\n<li><strong>PCI Days 2025<\/strong> \u2013 Targi dla przemys\u0142u farmaceutycznego i kosmetycznego (11-13 czerwca 2025 r.)<br><a href=\"https:\/\/pcidays.pl\/targi-farmaceutyczne-i-kosmetyczne-2025\/\">Rejestracja<\/a><\/li>\n<\/ul>\n\n\n\n<p><strong>Podsumowanie<\/strong><\/p>\n\n\n\n<p>Sektor kosmetyczny oferuje ogromne mo\u017cliwo\u015bci rozwoju dla przedsi\u0119biorc\u00f3w, kt\u00f3rzy potrafi\u0105 wykorzysta\u0107 dost\u0119pne wsparcie finansowe oraz edukacyjne. Skorzystanie z oferowanych dotacji, po\u017cyczek, kurs\u00f3w i wydarze\u0144 bran\u017cowych to \u015bwietny spos\u00f3b na rozw\u00f3j firmy i popraw\u0119 jej konkurencyjno\u015bci na rynku.<\/p>\n","protected":false},"excerpt":{"rendered":"<p>Sektor kosmetyczny jest jednym z dynamicznie rozwijaj\u0105cych si\u0119 bran\u017c, a dla przedsi\u0119biorc\u00f3w, kt\u00f3rzy planuj\u0105 rozpocz\u0119cie dzia\u0142alno\u015bci lub chc\u0105 rozwin\u0105\u0107 swoj\u0105 [&#8230;]<\/p>\n<p><a class=\"btn btn-secondary understrap-read-more-link\" href=\"https:\/\/uniejow.pl\/ucop\/aktualnosci\/dobry-start-w-sektorze-kosmetycznym\/\">Czytaj dalej\u2026<span class=\"screen-reader-text\"> from Dobry start w sektorze kosmetycznym<\/span><\/a><\/p>\n","protected":false},"author":2,"featured_media":1138,"comment_status":"closed","ping_status":"closed","sticky":false,"template":"","format":"standard","meta":{"_acf_changed":false,"footnotes":""},"categories":[4],"tags":[],"class_list":["post-1137","post","type-post","status-publish","format-standard","has-post-thumbnail","hentry","category-aktualnosci"],"acf":[],"_links":{"self":[{"href":"https:\/\/uniejow.pl\/ucop\/wp-json\/wp\/v2\/posts\/1137","targetHints":{"allow":["GET"]}}],"collection":[{"href":"https:\/\/uniejow.pl\/ucop\/wp-json\/wp\/v2\/posts"}],"about":[{"href":"https:\/\/uniejow.pl\/ucop\/wp-json\/wp\/v2\/types\/post"}],"author":[{"embeddable":true,"href":"https:\/\/uniejow.pl\/ucop\/wp-json\/wp\/v2\/users\/2"}],"replies":[{"embeddable":true,"href":"https:\/\/uniejow.pl\/ucop\/wp-json\/wp\/v2\/comments?post=1137"}],"version-history":[{"count":2,"href":"https:\/\/uniejow.pl\/ucop\/wp-json\/wp\/v2\/posts\/1137\/revisions"}],"predecessor-version":[{"id":1141,"href":"https:\/\/uniejow.pl\/ucop\/wp-json\/wp\/v2\/posts\/1137\/revisions\/1141"}],"wp:featuredmedia":[{"embeddable":true,"href":"https:\/\/uniejow.pl\/ucop\/wp-json\/wp\/v2\/media\/1138"}],"wp:attachment":[{"href":"https:\/\/uniejow.pl\/ucop\/wp-json\/wp\/v2\/media?parent=1137"}],"wp:term":[{"taxonomy":"category","embeddable":true,"href":"https:\/\/uniejow.pl\/ucop\/wp-json\/wp\/v2\/categories?post=1137"},{"taxonomy":"post_tag","embeddable":true,"href":"https:\/\/uniejow.pl\/ucop\/wp-json\/wp\/v2\/tags?post=1137"}],"curies":[{"name":"wp","href":"https:\/\/api.w.org\/{rel}","templated":true}]}}