{"id":1344,"date":"2025-03-17T13:28:00","date_gmt":"2025-03-17T12:28:00","guid":{"rendered":"https:\/\/uniejow.pl\/ucop\/?p=1344"},"modified":"2025-03-17T13:28:00","modified_gmt":"2025-03-17T12:28:00","slug":"stoisko-narodowe-na-targach-intersolar-europe","status":"publish","type":"post","link":"https:\/\/uniejow.pl\/ucop\/aktualnosci\/stoisko-narodowe-na-targach-intersolar-europe\/","title":{"rendered":"Stoisko narodowe na targach Intersolar Europe"},"content":{"rendered":"\n<p><\/p>\n\n\n\n<p>Polska Agencja Rozwoju Przedsi\u0119biorczo\u015bci organizuje stoisko narodowe podczas targ\u00f3w Intersolar Europe 2025 w ramach realizacji Programu Promocji Sektora zielonych technologii.                                                                                                                    Targi odb\u0119d\u0105 si\u0119 w dniach 7-9 maja 2025 r. w Monachium (Niemcy).<\/p>\n\n\n\n<p>Jako wiod\u0105ca na \u015bwiecie wystawa dla bran\u017cy solarnej, <strong>Intersolar Europe<\/strong> demonstruje ogromn\u0105 witalno\u015b\u0107 rynku solarnego. Od ponad 30 lat zapewnia mo\u017cliwo\u015b\u0107 nawi\u0105zywania kontakt\u00f3w dla kluczowych graczy &#8211; od producent\u00f3w, dostawc\u00f3w i dystrybutor\u00f3w po instalator\u00f3w, us\u0142ugodawc\u00f3w, deweloper\u00f3w projekt\u00f3w, planist\u00f3w i start-upy &#8211; wszystko pod has\u0142em \u201eConnecting Solar Business\u201d. W ubieg\u0142orocznej edycji udzia\u0142 wzi\u0119\u0142o ponad 100&nbsp;000 odwiedzaj\u0105cych. W tym roku na targach Intersolar Europe zobaczymy oko\u0142o 1450 wystawc\u00f3w na powierzchni 105 500 mkw.<\/p>\n\n\n\n<p>Wi\u0119cej o targach Intersolar Europe znajdziecie na<a href=\"https:\/\/www.intersolar.de\/exhibition-quick-facts\"> stronie g\u0142\u00f3wnej wydarzenia<\/a>.<\/p>\n\n\n\n<p>Firmy zainteresowane promocj\u0105 swojej oferty na polskim stoisku narodowym podczas targ\u00f3w Intersolar Europe 2025                 PARP umo\u017cliwi:<\/p>\n\n\n\n<ul class=\"wp-block-list\">\n<li>skorzystanie ze stoiska\u00a0w celu organizacji spotka\u0144,<\/li>\n\n\n\n<li>prezentacj\u0119 materia\u0142\u00f3w informacyjno-promocyjnych (ulotki, foldery, itp.),<\/li>\n\n\n\n<li>wy\u015bwietlanie film\u00f3w promocyjnych.<\/li>\n<\/ul>\n\n\n\n<p>Ze stoiska mog\u0105 korzysta\u0107 polskie firmy, kt\u00f3re:<\/p>\n\n\n\n<ul class=\"wp-block-list\">\n<li>b\u0119d\u0105 na miejscu w charakterze zwiedzaj\u0105cych,<\/li>\n\n\n\n<li>planuj\u0105 organizacj\u0119 w\u0142asnego stoiska,<\/li>\n\n\n\n<li>nie planuj\u0105 osobistego udzia\u0142u, ale chc\u0105 zaprezentowa\u0107 na stoisku narodowym swoje materia\u0142y promocyjne.<\/li>\n<\/ul>\n\n\n\n<p>Korzystanie ze stoiska organizowanego przez PARP jest <strong>bezp\u0142atne<\/strong>. Uczestnicy we w\u0142asnym zakresie pokrywaj\u0105 koszty zwi\u0105zane z podr\u00f3\u017c\u0105, zakwaterowaniem i pobytem. <\/p>\n\n\n\n<p>Wszyscy zainteresowani ofert\u0105 proszeni s\u0105 o wype\u0142nienie <a href=\"https:\/\/www.parp.gov.pl\/component\/parpevents\/event\/3602?fbclid=IwZXh0bgNhZW0CMTAAAR3saEJSGfLEb-6zz5RKJOEwzNq_e_jBDk7c6BKxv3xlajhyP-jX6IcQr9Y_aem_LlPgl-wppo_3fDmOSuNhww\">formularza zg\u0142oszeniowego<\/a> w terminie <strong>do 4 kwietnia br<\/strong>.<\/p>\n\n\n\n<p>Wi\u0119cej informacji nt. stoiska narodowego na targach Intersolar Europe 2025 oraz Programu Promocji Sektora zielonych technologii uzyskacie pisz\u0105c na adres <a href=\"mailto:green_brand@parp.gov.pl\">green_brand@parp.gov.pl<\/a><\/p>\n\n\n\n<p><\/p>\n\n\n\n<p>Stoisko narodowe na targach Intersolar Europe 2025 zostanie zorganizowane&nbsp;w ramach Programu Promocji Sektora zielonych technologii, realizowanego przez Polsk\u0105 Agencj\u0119 Rozwoju Przedsi\u0119biorczo\u015bci w ramach projektu niekonkurencyjnego pn. \u201eUmi\u0119dzynarodowienie M\u015aP \u2013 BRAND HUB\u201d dzia\u0142anie 2.26 Programu \u201eFundusze Europejskie dla Nowoczesnej Gospodarki 2021-2027\u201d (FENG).<\/p>\n\n\n\n<p>\u017ar\u00f3d\u0142o: www.parp.gov.pl <\/p>\n\n\n\n<p>M\u0141   <\/p>\n","protected":false},"excerpt":{"rendered":"<p>Polska Agencja Rozwoju Przedsi\u0119biorczo\u015bci organizuje stoisko narodowe podczas targ\u00f3w Intersolar Europe 2025 w ramach realizacji Programu Promocji Sektora zielonych technologii. [&#8230;]<\/p>\n<p><a class=\"btn btn-secondary understrap-read-more-link\" href=\"https:\/\/uniejow.pl\/ucop\/aktualnosci\/stoisko-narodowe-na-targach-intersolar-europe\/\">Czytaj dalej\u2026<span class=\"screen-reader-text\"> from Stoisko narodowe na targach Intersolar Europe<\/span><\/a><\/p>\n","protected":false},"author":5,"featured_media":1345,"comment_status":"closed","ping_status":"closed","sticky":false,"template":"","format":"standard","meta":{"_acf_changed":false,"footnotes":""},"categories":[4],"tags":[],"class_list":["post-1344","post","type-post","status-publish","format-standard","has-post-thumbnail","hentry","category-aktualnosci"],"acf":[],"_links":{"self":[{"href":"https:\/\/uniejow.pl\/ucop\/wp-json\/wp\/v2\/posts\/1344","targetHints":{"allow":["GET"]}}],"collection":[{"href":"https:\/\/uniejow.pl\/ucop\/wp-json\/wp\/v2\/posts"}],"about":[{"href":"https:\/\/uniejow.pl\/ucop\/wp-json\/wp\/v2\/types\/post"}],"author":[{"embeddable":true,"href":"https:\/\/uniejow.pl\/ucop\/wp-json\/wp\/v2\/users\/5"}],"replies":[{"embeddable":true,"href":"https:\/\/uniejow.pl\/ucop\/wp-json\/wp\/v2\/comments?post=1344"}],"version-history":[{"count":1,"href":"https:\/\/uniejow.pl\/ucop\/wp-json\/wp\/v2\/posts\/1344\/revisions"}],"predecessor-version":[{"id":1346,"href":"https:\/\/uniejow.pl\/ucop\/wp-json\/wp\/v2\/posts\/1344\/revisions\/1346"}],"wp:featuredmedia":[{"embeddable":true,"href":"https:\/\/uniejow.pl\/ucop\/wp-json\/wp\/v2\/media\/1345"}],"wp:attachment":[{"href":"https:\/\/uniejow.pl\/ucop\/wp-json\/wp\/v2\/media?parent=1344"}],"wp:term":[{"taxonomy":"category","embeddable":true,"href":"https:\/\/uniejow.pl\/ucop\/wp-json\/wp\/v2\/categories?post=1344"},{"taxonomy":"post_tag","embeddable":true,"href":"https:\/\/uniejow.pl\/ucop\/wp-json\/wp\/v2\/tags?post=1344"}],"curies":[{"name":"wp","href":"https:\/\/api.w.org\/{rel}","templated":true}]}}