{"id":1366,"date":"2025-03-18T10:38:27","date_gmt":"2025-03-18T09:38:27","guid":{"rendered":"https:\/\/uniejow.pl\/ucop\/?p=1366"},"modified":"2025-04-03T08:56:41","modified_gmt":"2025-04-03T07:56:41","slug":"nadchodzace-wydarzenia-promocyjne-w-branzy-rolno-spozywczej-przeglad","status":"publish","type":"post","link":"https:\/\/uniejow.pl\/ucop\/aktualnosci\/nadchodzace-wydarzenia-promocyjne-w-branzy-rolno-spozywczej-przeglad\/","title":{"rendered":"Nadchodz\u0105ce wydarzenia promocyjne w bran\u017cy rolno-spo\u017cywczej"},"content":{"rendered":"\n<p>W nadchodz\u0105cych miesi\u0105cach bran\u017ca rolno-spo\u017cywcza w Polsce obfituje w liczne wydarzenia, stanowi\u0105ce doskona\u0142\u0105 okazj\u0119 do nawi\u0105zania kontakt\u00f3w biznesowych, poznania najnowszych trend\u00f3w oraz promocji w\u0142asnych produkt\u00f3w. Prezentujemy kr\u00f3tki przegl\u0105d najwa\u017cniejszych z nich na nadchodz\u0105ce miesi\u0105ce:<\/p>\n\n\n\n<p>1.<strong>SweetTARGI \u2013 Targi Piekarnicze, Cukiernicze i Lodziarskie 2025<\/strong><\/p>\n\n\n\n<p><\/p>\n\n\n\n<p>Niezwykle s\u0142odkie spotkanie bran\u017cy piekarniczej i cukierniczej, prezentuj\u0105ce najnowsze produkty i technologie.<\/p>\n\n\n\n<p><strong>Termin:<\/strong> 22\u201324 marca 2025, <strong>Lokalizacja:<\/strong> Mi\u0119dzynarodowe Centrum Kongresowe, Katowice<\/p>\n\n\n\n<p>2. <strong>Europejskie Forum Rolnicze w Jasionce k. Rzeszowa<\/strong><\/p>\n\n\n\n<p>To wydarzenie, gdzie prowadzone s\u0105 dyskusje na temat przysz\u0142o\u015bci rolnictwa w Europie z udzia\u0142em ekspert\u00f3w i przedstawicieli bran\u017cy.<\/p>\n\n\n\n<p><strong>Termin:<\/strong> 26\u201327 marca 2025, <strong>Lokalizacja:<\/strong> G2A Arena, Jasionka k. Rzeszowa<\/p>\n\n\n\n<p>3. <strong>EkoTrendy 2025 \u2013 Targi Zdrowej \u017bywno\u015bci, Eko Produkt\u00f3w i Rekreacji<\/strong><\/p>\n\n\n\n<p>To targi promuj\u0105ce ekologiczne produkty spo\u017cywcze oraz zdrowy styl \u017cycia.<\/p>\n\n\n\n<p><strong>Termin:<\/strong> 5\u20136 kwietnia 2025, <strong>Lokalizacja:<\/strong> Bielsko-Bia\u0142a<\/p>\n\n\n\n<p>4. <strong>Targi Agro Expo 2025 w Mongolii<\/strong><\/p>\n\n\n\n<p>To mi\u0119dzynarodowe targi rolnicze odbywaj\u0105ce si\u0119 w r\u00f3\u017cnych lokalizacjach na \u015bwiecie, stanowi\u0105ce istotne platformy dla profesjonalist\u00f3w z bran\u017cy rolniczej. Mo\u017cliwo\u015b\u0107 udzia\u0142u w targach we wsp\u00f3\u0142pracy z PAIH.<\/p>\n\n\n\n<p><strong>Termin:<\/strong> 4-6 kwietnia 2025, <strong>Lokalizacja:<\/strong> Mongolia<\/p>\n\n\n\n<p>5. <strong>XI Mi\u0119dzynarodowe Targi \u017bywno\u015bci i Napoj\u00f3w, Technologii i Opakowa\u0144 dla Bran\u017cy Spo\u017cywczej<\/strong><\/p>\n\n\n\n<p>Targi, podczas kt\u00f3rych prezentowane s\u0105 innowacje w zakresie technologii produkcji i pakowania \u017cywno\u015bci.<\/p>\n\n\n\n<p><strong>Termin:<\/strong> 8\u201310 kwietnia 2025, <strong>Lokalizacja:<\/strong> EXPO XXI, Warszawa<\/p>\n\n\n\n<p>6. <strong>GASTROTARGI SMAKKi \u2013 III Mi\u0119dzynarodowe Targi Bran\u017cy HoReCa<\/strong><\/p>\n\n\n\n<p>Wydarzenie skierowane do sektora gastronomicznego, prezentuj\u0105ce najnowsze trendy i produkty.<\/p>\n\n\n\n<p><strong>Termin:<\/strong> 9\u201310 kwietnia 2025, <strong>Lokalizacja:<\/strong> PGE Narodowy, Warszawa<\/p>\n\n\n\n<p>7. <strong>XVI Tydzie\u0144 Rolniczy<\/strong><\/p>\n\n\n\n<p>Szesnasta edycja najwi\u0119kszych targ\u00f3w rolniczo-spo\u017cywczych w regionie, obejmuj\u0105ca m.in. mechanizacj\u0119, wyposa\u017cenie rolnicze, produkcj\u0119 roln\u0105 i zwierz\u0119c\u0105 oraz przemys\u0142 spo\u017cywczy i opakowaniowy.<\/p>\n\n\n\n<p><strong>Termin:<\/strong> 15\u201320 kwietnia 2025, <strong>Lokalizacja:<\/strong> Bagdad, Irak<\/p>\n\n\n\n<p>8. <strong>Targi Natural &amp; Organic Products Expo 2025<\/strong><\/p>\n\n\n\n<p>Targi dedykowane bran\u017cy naturalnych i organicznych produkt\u00f3w, obejmuj\u0105ce sektory \u017cywno\u015bci, napoj\u00f3w, zdrowia, wellness, urody oraz suplement\u00f3w diety. Istnieje mo\u017cliwo\u015b\u0107 udzia\u0142u we wsp\u00f3\u0142pracy z PAIH.<\/p>\n\n\n\n<p><strong>Termin:<\/strong> 12\u201313 maja 2025, <strong>Lokalizacja:<\/strong> Londyn, Wielka Brytania<\/p>\n\n\n\n<p>9. <strong>Targi rolnicze BATA AGRO 2025<\/strong><\/p>\n\n\n\n<p>Najwi\u0119ksze targi rolnicze w Bu\u0142garii, gromadz\u0105ce czo\u0142owych przedstawicieli bran\u017cy, prezentuj\u0105ce najnowsze technologie i rozwi\u0105zania w sektorze rolniczym. Istnieje mo\u017cliwo\u015b\u0107 udzia\u0142u we wsp\u00f3\u0142pracy z PAIH.<\/p>\n\n\n\n<p><strong>Termin:<\/strong> 12\u201316 maja 2025, <strong>Lokalizacja:<\/strong> Stara Zagora, Bu\u0142garia<\/p>\n\n\n\n<p>10. <strong>Targi National Restaurant Association (NRA) Show 2025<\/strong><\/p>\n\n\n\n<p>Jedne z najwi\u0119kszych targ\u00f3w bran\u017cy gastronomicznej na \u015bwiecie, prezentuj\u0105ce najnowsze trendy, produkty i us\u0142ugi dedykowane sektorowi HoReCa. Istnieje mo\u017cliwo\u015b\u0107 udzia\u0142u we wsp\u00f3\u0142pracy z PAIH.<\/p>\n\n\n\n<p><strong>Termin:<\/strong> 17\u201320 maja 2025, <strong>Lokalizacja:<\/strong> Chicago, USA<\/p>\n\n\n\n<p>11. <strong>Polsko-Japo\u0144skie Forum Eksportowe<\/strong><\/p>\n\n\n\n<p>Forum maj\u0105ce na celu promocj\u0119 polskich produkt\u00f3w na rynku japo\u0144skim oraz nawi\u0105zanie wsp\u00f3\u0142pracy handlowej mi\u0119dzy przedsi\u0119biorcami z obu kraj\u00f3w.<\/p>\n\n\n\n<p><strong>Termin:<\/strong> 20 maja 2025, <strong>Lokalizacja:<\/strong> Tokio, Japonia<\/p>\n\n\n\n<p>12. <strong>Targi Summer Fancy Food Show<\/strong><\/p>\n\n\n\n<p>Jedne z najwi\u0119kszych targ\u00f3w \u017cywno\u015bci specjalistycznej w Ameryce P\u00f3\u0142nocnej, prezentuj\u0105ce szerok\u0105 gam\u0119 produkt\u00f3w spo\u017cywczych z ca\u0142ego \u015bwiata. Mo\u017cliwo\u015b\u0107 udzia\u0142u we wsp\u00f3\u0142pracy z Ministerstwem Rolnictwa i Rozwoju Wsi.<\/p>\n\n\n\n<p><strong>Termin:<\/strong> 29 czerwca \u2013 1 lipca 2025, <strong>Lokalizacja:<\/strong> Nowy Jork, USA<\/p>\n\n\n\n<p>13. <strong>POLAGRA 2025<\/strong><\/p>\n\n\n\n<p>To jedne z najwi\u0119kszych targ\u00f3w bran\u017cy spo\u017cywczej w Polsce, obejmuj\u0105ce sektory \u017cywno\u015bci, technologii spo\u017cywczych i gastronomii.<\/p>\n\n\n\n<p><strong>Termin:<\/strong> 24\u201326 wrze\u015bnia 2025, <strong>Lokalizacja:<\/strong> Mi\u0119dzynarodowe Targi Pozna\u0144skie, Pozna\u0144<\/p>\n\n\n\n<p>14. <strong>Mi\u0119dzynarodowe Targi Przemys\u0142u Spo\u017cywczego Anuga 2025<\/strong><\/p>\n\n\n\n<p>Jedne z najwa\u017cniejszych na \u015bwiecie targ\u00f3w przemys\u0142u spo\u017cywczego, prezentuj\u0105ce najnowsze trendy i innowacje w bran\u017cy.<\/p>\n\n\n\n<p><strong>Termin:<\/strong> 4\u20138 pa\u017adziernika 2025, <strong>Lokalizacja:<\/strong> Kolonia, Niemcy<\/p>\n\n\n\n<p><strong>Korzy\u015bci z udzia\u0142u w wydarzeniach bran\u017cy rolno-spo\u017cywczej:<\/strong><\/p>\n\n\n\n<ul class=\"wp-block-list\">\n<li><strong>Promocja marki i produkt\u00f3w:<\/strong> Mo\u017cliwo\u015b\u0107 zaprezentowania oferty szerokiemu gronu odbiorc\u00f3w, co zwi\u0119ksza rozpoznawalno\u015b\u0107 marki.<\/li>\n\n\n\n<li><strong>Nawi\u0105zywanie kontakt\u00f3w biznesowych:<\/strong> Spotkania z potencjalnymi klientami, partnerami oraz dostawcami sprzyjaj\u0105 rozszerzaniu sieci kontakt\u00f3w.<\/li>\n\n\n\n<li><strong>Pozyskiwanie wiedzy:<\/strong> Udzia\u0142 w konferencjach i prelekcjach pozwala na \u015bledzenie najnowszych trend\u00f3w i innowacji w bran\u017cy.<\/li>\n\n\n\n<li><strong>Optymalizacja proces\u00f3w:<\/strong> Poznanie nowych technologii i rozwi\u0105za\u0144 mo\u017ce prowadzi\u0107 do usprawnienia dzia\u0142alno\u015bci oraz obni\u017cenia koszt\u00f3w produkcji.<\/li>\n<\/ul>\n\n\n\n<p>Udzia\u0142 w tych wydarzeniach stanowi istotny element rozwoju dla firm z sektora rolno-spo\u017cywczego, umo\u017cliwiaj\u0105c im lepsze dostosowanie si\u0119 do dynamicznie zmieniaj\u0105cego si\u0119 rynku.<\/p>\n\n\n\n<p>Przedsi\u0119biorco! Je\u015bli jeste\u015b zainteresowany udzia\u0142em w wy\u017cej wymienionych wydarzeniach zapraszamy do kontaktu z naszym biurem, pomo\u017cemy w formalno\u015bciach.<\/p>\n\n\n\n<p>Zapraszamy r\u00f3wnie\u017c do \u015bledzenia aktualnych bran\u017cowych wydarze\u0144 w naszych mediach spo\u0142eczno\u015bciowych oraz w dost\u0119pnej na naszej stronie <a href=\"https:\/\/uniejow.pl\/ucop\/promocja\/\">BAZIE WIEDZY<\/a>.<\/p>\n\n\n\n<p>AS<\/p>\n\n\n\n<p><\/p>\n","protected":false},"excerpt":{"rendered":"<p>W nadchodz\u0105cych miesi\u0105cach bran\u017ca rolno-spo\u017cywcza w Polsce obfituje w liczne wydarzenia, stanowi\u0105ce doskona\u0142\u0105 okazj\u0119 do nawi\u0105zania kontakt\u00f3w biznesowych, poznania najnowszych [&#8230;]<\/p>\n<p><a class=\"btn btn-secondary understrap-read-more-link\" href=\"https:\/\/uniejow.pl\/ucop\/aktualnosci\/nadchodzace-wydarzenia-promocyjne-w-branzy-rolno-spozywczej-przeglad\/\">Czytaj dalej\u2026<span class=\"screen-reader-text\"> from Nadchodz\u0105ce wydarzenia promocyjne w bran\u017cy rolno-spo\u017cywczej<\/span><\/a><\/p>\n","protected":false},"author":2,"featured_media":1367,"comment_status":"closed","ping_status":"closed","sticky":false,"template":"","format":"standard","meta":{"_acf_changed":false,"footnotes":""},"categories":[4],"tags":[],"class_list":["post-1366","post","type-post","status-publish","format-standard","has-post-thumbnail","hentry","category-aktualnosci"],"acf":[],"_links":{"self":[{"href":"https:\/\/uniejow.pl\/ucop\/wp-json\/wp\/v2\/posts\/1366","targetHints":{"allow":["GET"]}}],"collection":[{"href":"https:\/\/uniejow.pl\/ucop\/wp-json\/wp\/v2\/posts"}],"about":[{"href":"https:\/\/uniejow.pl\/ucop\/wp-json\/wp\/v2\/types\/post"}],"author":[{"embeddable":true,"href":"https:\/\/uniejow.pl\/ucop\/wp-json\/wp\/v2\/users\/2"}],"replies":[{"embeddable":true,"href":"https:\/\/uniejow.pl\/ucop\/wp-json\/wp\/v2\/comments?post=1366"}],"version-history":[{"count":6,"href":"https:\/\/uniejow.pl\/ucop\/wp-json\/wp\/v2\/posts\/1366\/revisions"}],"predecessor-version":[{"id":1486,"href":"https:\/\/uniejow.pl\/ucop\/wp-json\/wp\/v2\/posts\/1366\/revisions\/1486"}],"wp:featuredmedia":[{"embeddable":true,"href":"https:\/\/uniejow.pl\/ucop\/wp-json\/wp\/v2\/media\/1367"}],"wp:attachment":[{"href":"https:\/\/uniejow.pl\/ucop\/wp-json\/wp\/v2\/media?parent=1366"}],"wp:term":[{"taxonomy":"category","embeddable":true,"href":"https:\/\/uniejow.pl\/ucop\/wp-json\/wp\/v2\/categories?post=1366"},{"taxonomy":"post_tag","embeddable":true,"href":"https:\/\/uniejow.pl\/ucop\/wp-json\/wp\/v2\/tags?post=1366"}],"curies":[{"name":"wp","href":"https:\/\/api.w.org\/{rel}","templated":true}]}}