{"id":1371,"date":"2025-03-18T14:15:19","date_gmt":"2025-03-18T13:15:19","guid":{"rendered":"https:\/\/uniejow.pl\/ucop\/?p=1371"},"modified":"2025-03-18T14:53:29","modified_gmt":"2025-03-18T13:53:29","slug":"nadchodzace-wydarzenia-promocyjne-w-branzy-energetycznej","status":"publish","type":"post","link":"https:\/\/uniejow.pl\/ucop\/aktualnosci\/nadchodzace-wydarzenia-promocyjne-w-branzy-energetycznej\/","title":{"rendered":"Nadchodz\u0105ce wydarzenia promocyjne  w bran\u017cy energetycznej"},"content":{"rendered":"\n<p><\/p>\n\n\n\n<p>W nadchodz\u0105cych miesi\u0105cach w Polsce sektor energetyczny zape\u0142ni si\u0119 wieloma wydarzeniami, kt\u00f3re b\u0119d\u0105 doskona\u0142\u0105 okazj\u0105 do budowania relacji biznesowych, zapoznania si\u0119 z najnowszymi trendami oraz promowania innowacyjnych rozwi\u0105za\u0144.<\/p>\n\n\n\n<p>Prezentujemy kr\u00f3tki przegl\u0105d najwa\u017cniejszych z nich na nadchodz\u0105ce miesi\u0105ce:<\/p>\n\n\n\n<ol start=\"1\" class=\"wp-block-list\">\n<li><strong>Intersolar Europe 2025<\/strong><\/li>\n<\/ol>\n\n\n\n<p class=\"has-text-align-left\">    Jedne z najwi\u0119kszych targ\u00f3w w Europie po\u015bwi\u0119conych energii s\u0142onecznej. Wydarzenie skupia si\u0119 na nowych                                         technologiach w zakresie fotowoltaiki, magazynowania energii i zr\u00f3wnowa\u017conych \u017ar\u00f3de\u0142 energii.<\/p>\n\n\n\n<p><strong>Data:<\/strong> 6-9 maja 2025&nbsp;&nbsp; &nbsp;&nbsp;&nbsp;&nbsp;&nbsp;&nbsp;&nbsp;&nbsp;&nbsp;&nbsp;&nbsp;&nbsp;&nbsp;&nbsp;&nbsp;&nbsp;&nbsp; <strong>Lokalizacja<\/strong> Monachium, Niemcy<\/p>\n\n\n\n<p>2. <strong>Targi \u015awiat\u0142o + Elektrotechnika 2025<\/strong>  <\/p>\n\n\n\n<p>Targi \u015awiat\u0142o to najwi\u0119ksze w Polsce wydarzenie bran\u017cy o\u015bwietleniowej, oferuj\u0105ce przegl\u0105d najnowszej oferty producent\u00f3w o\u015bwietlenia architektonicznego, ulicznego, komercyjnego i mieszkaniowego oraz uk\u0142ad\u00f3w zasilania, sterowania i \u017ar\u00f3de\u0142 \u015bwiat\u0142a.                                                                                                                                                          Z kolei Targi Elektrotechnika to przestrze\u0144 dla innowacji z obszaru elektrotechniki, elektryki, budownictwa i teletechniki, a tak\u017ce rozwi\u0105za\u0144 z zakresu elektromobilno\u015bci, automatyki i odnawialnych \u017ar\u00f3de\u0142 energii.<\/p>\n\n\n\n<p><strong>Data:<\/strong> 12-14 marca 2025&nbsp;&nbsp;&nbsp;&nbsp; &nbsp;&nbsp;&nbsp;&nbsp;&nbsp;&nbsp;&nbsp;&nbsp; <strong>Lokalizacja:<\/strong> Warszawa<\/p>\n\n\n\n<p>   3. <strong>Volta-X | Mi\u0119dzynarodowe Targi System\u00f3w Energetycznych<\/strong><\/p>\n\n\n\n<p>Targi dedykowane systemom magazynowania energii, rozwi\u0105zaniom w zakresie mobilno\u015bci elektrycznej oraz inteligentnym zarz\u0105dzaniu sieciami energetycznymi.<\/p>\n\n\n\n<p><strong>Data:<\/strong> 25-27 marca 2025&nbsp;&nbsp;&nbsp;&nbsp;&nbsp;&nbsp;&nbsp;&nbsp;&nbsp;&nbsp;&nbsp;&nbsp;&nbsp;&nbsp; <strong>Lokalizacja:<\/strong> Stuttgart, Niemcy<\/p>\n\n\n\n<ol start=\"4\" class=\"wp-block-list\">\n<li><strong>Power Connect Expo Energy Summit 2025<\/strong><\/li>\n<\/ol>\n\n\n\n<p>Nowoczesne wydarzenie, kt\u00f3re \u0142\u0105czy lider\u00f3w bran\u017cy energetycznej, promuj\u0105c innowacyjne technologie, zr\u00f3wnowa\u017cony rozw\u00f3j oraz zr\u00f3\u017cnicowane rozwi\u0105zania w zakresie efektywno\u015bci energetycznej.<\/p>\n\n\n\n<p><strong>Data:<\/strong> 26-28 marca 2025&nbsp;&nbsp;&nbsp;&nbsp;&nbsp;&nbsp;&nbsp;&nbsp;&nbsp;&nbsp;&nbsp;&nbsp;&nbsp;&nbsp; &nbsp;&nbsp;&nbsp;<strong>Lokalizacja: <\/strong>Gda\u0144sk<\/p>\n\n\n\n<p>   5. <strong>&nbsp;41. Konferencja Energetyczna EuroPOWER &amp; OZE POWER<\/strong><\/p>\n\n\n\n<p>Konferencja i targi koncentruj\u0105ce si\u0119 na przysz\u0142o\u015bci energetyki w Polsce, w tym transformacji w kierunku odnawialnych \u017ar\u00f3de\u0142 energii oraz wyzwa\u0144 zwi\u0105zanych z bezpiecze\u0144stwem energetycznym.<\/p>\n\n\n\n<p><strong>Data:<\/strong> 3-4 kwietnia 2025&nbsp;&nbsp; &nbsp;&nbsp;&nbsp;&nbsp;&nbsp;&nbsp;&nbsp;&nbsp;&nbsp;&nbsp; &nbsp;&nbsp;<strong>Lokalizacja: <\/strong>Warszawa<\/p>\n\n\n\n<ol start=\"6\" class=\"wp-block-list\">\n<li><strong>NetZero Energy \u2013 Mi\u0119dzynarodowe Targi Energii Odnawialnej<\/strong><\/li>\n<\/ol>\n\n\n\n<p>Targi po\u015bwi\u0119cone energii odnawialnej, ze szczeg\u00f3lnym uwzgl\u0119dnieniem technologii, kt\u00f3re pomagaj\u0105 osi\u0105gn\u0105\u0107 cele neutralno\u015bci w\u0119glowej. B\u0119d\u0105 to przestrze\u0144 dla innowacji w sektorze energii i klimatu.<\/p>\n\n\n\n<p><strong>Data:<\/strong> 8-10 kwietnia 2025&nbsp; &nbsp;&nbsp;&nbsp;&nbsp;&nbsp;&nbsp;&nbsp;&nbsp;&nbsp; <strong>Lokalizacja:<\/strong> Pozna\u0144<\/p>\n\n\n\n<p>     7. <strong>Future Energy Week Poland<\/strong><\/p>\n\n\n\n<p>Targi i konferencje po\u015bwi\u0119cone przysz\u0142o\u015bci energetyki w Polsce, z naciskiem na technologie niskoemisyjne, OZE oraz zarz\u0105dzanie energi\u0105 w kontek\u015bcie rozwoju gospodarki opartej na wiedzy<\/p>\n\n\n\n<p><strong>Data:<\/strong> 8-10 kwietnia 2025 &nbsp;&nbsp;&nbsp;&nbsp;&nbsp;&nbsp;&nbsp;&nbsp;&nbsp;&nbsp; &nbsp;&nbsp;&nbsp;<strong>Lokalizacja:<\/strong> Warszawa <\/p>\n\n\n\n<p>     8. <strong>Targi IE expo China 2025<\/strong><\/p>\n\n\n\n<p>Mi\u0119dzynarodowe wydarzenie po\u015bwi\u0119cone zielonym technologiom, w tym zarz\u0105dzaniu energi\u0105, ochronie \u015brodowiska oraz zr\u00f3wnowa\u017conemu rozwojowi w regionie Azji.<\/p>\n\n\n\n<p><strong>Data:<\/strong> 21-23 kwietnia 2025&nbsp;&nbsp;&nbsp; &nbsp;&nbsp;&nbsp;&nbsp;&nbsp; &nbsp;&nbsp;<strong>Lokalizacja:<\/strong> Szanghaj , Chiny<\/p>\n\n\n\n<ol start=\"9\" class=\"wp-block-list\">\n<li> <strong>GREENPOWER \u2013 Mi\u0119dzynarodowe Targi Energii Odnawialnej<\/strong><\/li>\n<\/ol>\n\n\n\n<p>Targi, kt\u00f3re s\u0105 jednym z najwi\u0119kszych wydarze\u0144 bran\u017cy OZE w Polsce. Prezentuj\u0105 najnowsze technologie w zakresie energii s\u0142onecznej, wiatrowej, biomasy oraz energii wodnej.<\/p>\n\n\n\n<p><strong>Data:<\/strong> 23-25 kwietnia 2025&nbsp;&nbsp;&nbsp;&nbsp;&nbsp;&nbsp;&nbsp;&nbsp;&nbsp; &nbsp;&nbsp; <strong>Lokalizacja:<\/strong> Pozna\u0144<\/p>\n\n\n\n<p>  10. <strong>Targi Intersolar Europe 2025<\/strong><\/p>\n\n\n\n<p>Intersolar Europe to wiod\u0105ce na \u015bwiecie targi bran\u017cy solarnej, skupiaj\u0105ce si\u0119 na fotowoltaice, technologiach solarnych oraz rozwi\u0105zaniach energetycznych. Wydarzenie odbywa si\u0119 w ramach The smarter E Europe, najwi\u0119kszego w Europie centrum innowacji dla nowoczesnej energetyki.<\/p>\n\n\n\n<p><strong>Data:<\/strong> 7 &#8211; 9 maja 2025&nbsp;&nbsp;&nbsp;&nbsp;&nbsp;&nbsp;&nbsp;&nbsp;&nbsp; &nbsp;&nbsp; <strong>Lokalizacja:<\/strong> Messe M\u00fcnchen, Monachium, Niemcy<\/p>\n\n\n\n<p>   11. <strong>IV Polskie Forum Gospodarczo-Technologiczne w Szwajcarii<\/strong><\/p>\n\n\n\n<p>Wydarzenie maj\u0105ce na celu podkre\u015blenie znaczenia wsp\u00f3\u0142pracy mi\u0119dzynarodowej w kluczowych sektorach gospodarki, skupiaj\u0105ce si\u0119 na aspektach gospodarczych, cyfrowych, energetycznych i finansowych.<\/p>\n\n\n\n<p><strong>Data:<\/strong> 27 maja 2025&nbsp;&nbsp;&nbsp;&nbsp;&nbsp;&nbsp;&nbsp;&nbsp;&nbsp; &nbsp;&nbsp; <strong>Lokalizacja:<\/strong> Zurych, Szwajcaria<\/p>\n\n\n\n<p><\/p>\n\n\n\n<p>Udzia\u0142 przedsi\u0119biorc\u00f3w w targach bran\u017cy energetycznej stanowi doskona\u0142\u0105 okazj\u0119 do rozwoju i nawi\u0105zywania nowych kontakt\u00f3w biznesowych. Wydarzenia te umo\u017cliwiaj\u0105 prezentacj\u0119 innowacyjnych rozwi\u0105za\u0144, wymian\u0119 do\u015bwiadcze\u0144 oraz budowanie trwa\u0142ych relacji z partnerami i klientami. Dzi\u0119ki temu przedsi\u0119biorstwa mog\u0105 zwi\u0119kszy\u0107 swoj\u0105 konkurencyjno\u015b\u0107 na rynku oraz lepiej dostosowa\u0107 si\u0119 do dynamicznych zmian w sektorze energetycznym.<\/p>\n\n\n\n<p>Zapraszamy do naszej <a href=\"https:\/\/uniejow.pl\/ucop\/baza-wiedzy\/\">Bazy wiedzy<\/a>, gdzie znajd\u0105 Pa\u0144stwo wi\u0119cej informacji na temat wydarze\u0144 promocyjnych w bran\u017cy energetycznej. Oferujemy aktualne zestawienia targ\u00f3w, konferencji i spotka\u0144 biznesowych, kt\u00f3re mog\u0105 wspiera\u0107 rozw\u00f3j i nawi\u0105zywanie warto\u015bciowych kontakt\u00f3w.<\/p>\n\n\n\n<p>Dodatkowo udost\u0119pniamy zestawienie mo\u017cliwo\u015bci finansowania udzia\u0142u w takich wydarzeniach, obejmuj\u0105ce dost\u0119pne dotacje, programy wsparcia oraz inne \u017ar\u00f3d\u0142a dofinansowania, kt\u00f3re mog\u0105 pom\u00f3c przedsi\u0119biorcom w pe\u0142nym wykorzystaniu potencja\u0142u bran\u017cowych inicjatyw.<\/p>\n\n\n\n<p><\/p>\n\n\n\n<p>M\u0141<\/p>\n","protected":false},"excerpt":{"rendered":"<p>W nadchodz\u0105cych miesi\u0105cach w Polsce sektor energetyczny zape\u0142ni si\u0119 wieloma wydarzeniami, kt\u00f3re b\u0119d\u0105 doskona\u0142\u0105 okazj\u0105 do budowania relacji biznesowych, zapoznania [&#8230;]<\/p>\n<p><a class=\"btn btn-secondary understrap-read-more-link\" href=\"https:\/\/uniejow.pl\/ucop\/aktualnosci\/nadchodzace-wydarzenia-promocyjne-w-branzy-energetycznej\/\">Czytaj dalej\u2026<span class=\"screen-reader-text\"> from Nadchodz\u0105ce wydarzenia promocyjne  w bran\u017cy energetycznej<\/span><\/a><\/p>\n","protected":false},"author":5,"featured_media":1372,"comment_status":"closed","ping_status":"closed","sticky":false,"template":"","format":"standard","meta":{"_acf_changed":false,"footnotes":""},"categories":[4],"tags":[],"class_list":["post-1371","post","type-post","status-publish","format-standard","has-post-thumbnail","hentry","category-aktualnosci"],"acf":[],"_links":{"self":[{"href":"https:\/\/uniejow.pl\/ucop\/wp-json\/wp\/v2\/posts\/1371","targetHints":{"allow":["GET"]}}],"collection":[{"href":"https:\/\/uniejow.pl\/ucop\/wp-json\/wp\/v2\/posts"}],"about":[{"href":"https:\/\/uniejow.pl\/ucop\/wp-json\/wp\/v2\/types\/post"}],"author":[{"embeddable":true,"href":"https:\/\/uniejow.pl\/ucop\/wp-json\/wp\/v2\/users\/5"}],"replies":[{"embeddable":true,"href":"https:\/\/uniejow.pl\/ucop\/wp-json\/wp\/v2\/comments?post=1371"}],"version-history":[{"count":7,"href":"https:\/\/uniejow.pl\/ucop\/wp-json\/wp\/v2\/posts\/1371\/revisions"}],"predecessor-version":[{"id":1380,"href":"https:\/\/uniejow.pl\/ucop\/wp-json\/wp\/v2\/posts\/1371\/revisions\/1380"}],"wp:featuredmedia":[{"embeddable":true,"href":"https:\/\/uniejow.pl\/ucop\/wp-json\/wp\/v2\/media\/1372"}],"wp:attachment":[{"href":"https:\/\/uniejow.pl\/ucop\/wp-json\/wp\/v2\/media?parent=1371"}],"wp:term":[{"taxonomy":"category","embeddable":true,"href":"https:\/\/uniejow.pl\/ucop\/wp-json\/wp\/v2\/categories?post=1371"},{"taxonomy":"post_tag","embeddable":true,"href":"https:\/\/uniejow.pl\/ucop\/wp-json\/wp\/v2\/tags?post=1371"}],"curies":[{"name":"wp","href":"https:\/\/api.w.org\/{rel}","templated":true}]}}