{"id":1477,"date":"2025-03-31T15:51:17","date_gmt":"2025-03-31T14:51:17","guid":{"rendered":"https:\/\/uniejow.pl\/ucop\/?p=1477"},"modified":"2025-03-31T15:53:12","modified_gmt":"2025-03-31T14:53:12","slug":"nabor-wnioskow-na-otwarcie-dzialalnosci-gospodarczej-dla-bezrobotnych","status":"publish","type":"post","link":"https:\/\/uniejow.pl\/ucop\/aktualnosci\/nabor-wnioskow-na-otwarcie-dzialalnosci-gospodarczej-dla-bezrobotnych\/","title":{"rendered":"Nab\u00f3r wniosk\u00f3w na otwarcie dzia\u0142alno\u015bci gospodarczej dla bezrobotnych"},"content":{"rendered":"\n<p><\/p>\n\n\n\n<p>Wojew\u00f3dzki Urz\u0105d Pracy w \u0141odzi poinformowa\u0142 i\u017c 8 kwietnia 2025r. od godz. 8:00 zaprasza do sk\u0142adania formularzy rekrutacyjnych w ramach IV naboru do projektu &#8222;Aktywizacja zawodowa os\u00f3b bezrobotnych 2023-2029 <a><\/a>poprzez wsparcie rozwoju przedsi\u0119biorczo\u015bci\u201d.<\/p>\n\n\n\n<p>W projekcie mog\u0105 wzi\u0105\u0107 udzia\u0142 wszyscy bezrobotni zarejestrowani w Powiatowym Urz\u0119dzie Pracy, kt\u00f3rzy zamieszkuj\u0105 na terenie wojew\u00f3dztwa \u0142\u00f3dzkiego i chc\u0105 rozpocz\u0105\u0107 w\u0142asn\u0105 dzia\u0142alno\u015b\u0107 gospodarcz\u0105.<\/p>\n\n\n\n<p>Wszystkie niezb\u0119dne dokumenty oraz regulaminy dost\u0119pne na stronie: <a href=\"https:\/\/wuplodz.praca.gov.pl\/web\/projekty-wlasne\/?fbclid=IwZXh0bgNhZW0CMTAAAR396ISpX2Uj9K0ybzJenPqn8iGAvf5kI52iMwmEaExPNJRIw7pt3am8wz0_aem_doeBJURAjInBPDU-2ExrjQ\" rel=\"noreferrer noopener\" target=\"_blank\">https:\/\/wuplodz.praca.gov.pl\/web\/projekty-wlasne\/<\/a><\/p>\n\n\n\n<p><\/p>\n\n\n\n<p><\/p>\n\n\n\n<p>M\u0141<\/p>\n","protected":false},"excerpt":{"rendered":"<p>Wojew\u00f3dzki Urz\u0105d Pracy w \u0141odzi poinformowa\u0142 i\u017c 8 kwietnia 2025r. od godz. 8:00 zaprasza do sk\u0142adania formularzy rekrutacyjnych w ramach [&#8230;]<\/p>\n<p><a class=\"btn btn-secondary understrap-read-more-link\" href=\"https:\/\/uniejow.pl\/ucop\/aktualnosci\/nabor-wnioskow-na-otwarcie-dzialalnosci-gospodarczej-dla-bezrobotnych\/\">Czytaj dalej\u2026<span class=\"screen-reader-text\"> from Nab\u00f3r wniosk\u00f3w na otwarcie dzia\u0142alno\u015bci gospodarczej dla bezrobotnych<\/span><\/a><\/p>\n","protected":false},"author":5,"featured_media":1479,"comment_status":"closed","ping_status":"closed","sticky":false,"template":"","format":"standard","meta":{"_acf_changed":false,"footnotes":""},"categories":[4],"tags":[],"class_list":["post-1477","post","type-post","status-publish","format-standard","has-post-thumbnail","hentry","category-aktualnosci"],"acf":[],"_links":{"self":[{"href":"https:\/\/uniejow.pl\/ucop\/wp-json\/wp\/v2\/posts\/1477","targetHints":{"allow":["GET"]}}],"collection":[{"href":"https:\/\/uniejow.pl\/ucop\/wp-json\/wp\/v2\/posts"}],"about":[{"href":"https:\/\/uniejow.pl\/ucop\/wp-json\/wp\/v2\/types\/post"}],"author":[{"embeddable":true,"href":"https:\/\/uniejow.pl\/ucop\/wp-json\/wp\/v2\/users\/5"}],"replies":[{"embeddable":true,"href":"https:\/\/uniejow.pl\/ucop\/wp-json\/wp\/v2\/comments?post=1477"}],"version-history":[{"count":1,"href":"https:\/\/uniejow.pl\/ucop\/wp-json\/wp\/v2\/posts\/1477\/revisions"}],"predecessor-version":[{"id":1478,"href":"https:\/\/uniejow.pl\/ucop\/wp-json\/wp\/v2\/posts\/1477\/revisions\/1478"}],"wp:featuredmedia":[{"embeddable":true,"href":"https:\/\/uniejow.pl\/ucop\/wp-json\/wp\/v2\/media\/1479"}],"wp:attachment":[{"href":"https:\/\/uniejow.pl\/ucop\/wp-json\/wp\/v2\/media?parent=1477"}],"wp:term":[{"taxonomy":"category","embeddable":true,"href":"https:\/\/uniejow.pl\/ucop\/wp-json\/wp\/v2\/categories?post=1477"},{"taxonomy":"post_tag","embeddable":true,"href":"https:\/\/uniejow.pl\/ucop\/wp-json\/wp\/v2\/tags?post=1477"}],"curies":[{"name":"wp","href":"https:\/\/api.w.org\/{rel}","templated":true}]}}