{"id":1483,"date":"2025-04-03T08:55:52","date_gmt":"2025-04-03T07:55:52","guid":{"rendered":"https:\/\/uniejow.pl\/ucop\/?p=1483"},"modified":"2025-04-03T08:56:10","modified_gmt":"2025-04-03T07:56:10","slug":"nadchodzace-wydarzenia-promocyjne-w-branzy-kosmetycznej","status":"publish","type":"post","link":"https:\/\/uniejow.pl\/ucop\/aktualnosci\/nadchodzace-wydarzenia-promocyjne-w-branzy-kosmetycznej\/","title":{"rendered":"Nadchodz\u0105ce wydarzenia promocyjne w bran\u017cy kosmetycznej"},"content":{"rendered":"\n<p>Bran\u017ca beauty to jeden z najbardziej dynamicznych sektor\u00f3w gospodarki, gdzie innowacje, zmieniaj\u0105ce si\u0119 trendy oraz strategiczne relacje biznesowe odgrywaj\u0105 kluczow\u0105 rol\u0119. Udzia\u0142 w presti\u017cowych wydarzeniach bran\u017cowych nie tylko otwiera drzwi do nowych klient\u00f3w i partner\u00f3w, ale r\u00f3wnie\u017c umo\u017cliwia ekspansj\u0119 na mi\u0119dzynarodowe rynki. Rok 2025 przynosi szereg znacz\u0105cych targ\u00f3w i konferencji, kt\u00f3re stanowi\u0105 doskona\u0142\u0105 okazj\u0119 do wzmocnienia pozycji rynkowej oraz zdobycia przewagi konkurencyjnej.<\/p>\n\n\n\n<p><strong>Kluczowe wydarzenia bran\u017cy beauty w 2025 roku<\/strong>:<\/p>\n\n\n\n<p><strong>LOOK i beautyVISION (Pozna\u0144, Polska) \u2013 5\u20136 kwietnia 2025<\/strong><\/p>\n\n\n\n<p>Jedno z najwa\u017cniejszych wydarze\u0144 kosmetycznych w Polsce, gromadz\u0105ce ekspert\u00f3w z bran\u017cy fryzjerskiej i kosmetycznej. To doskona\u0142a okazja do prezentacji nowo\u015bci, budowania relacji biznesowych oraz zwi\u0119kszenia rozpoznawalno\u015bci marki.<\/p>\n\n\n\n<p><strong>Stoisko PAIH na targach FOR BEAUTY 2025 \u2013 11\u201312 kwietnia 2025<\/strong><\/p>\n\n\n\n<p>Wydarzenie dedykowane kosmetykom, fryzjerstwu i piel\u0119gnacji cia\u0142a, organizowane w Czechach. Udzia\u0142 w targach to szansa na networking i ekspansj\u0119 na rynek \u015brodkowoeuropejski.<\/p>\n\n\n\n<p><strong>Stoisko PAIH na targach Beautyworld Japan Tokyo 2025 \u2013 28\u201330 kwietnia 2025<\/strong><\/p>\n\n\n\n<p>Najwi\u0119ksze targi kosmetyczne w Japonii, idealne miejsce do nawi\u0105zania wsp\u00f3\u0142pracy z azjatyckimi partnerami oraz prezentacji innowacyjnych produkt\u00f3w.<\/p>\n\n\n\n<p><strong>Stoisko PAIH na targach Natural &amp; Organic Products Expo 2025 \u2013 12\u201313 maja 2025<\/strong><\/p>\n\n\n\n<p>Wydarzenie skoncentrowane na naturalnych i organicznych produktach kosmetycznych, otwieraj\u0105ce drzwi do ekologicznego segmentu rynku.<\/p>\n\n\n\n<p><strong>Stoisko PAIH na targach China Beauty Expo 2025 \u2013 12\u201314 maja 2025<\/strong><\/p>\n\n\n\n<p>Jedna z najwi\u0119kszych i najwa\u017cniejszych imprez bran\u017cowych w Chinach, przyci\u0105gaj\u0105ca producent\u00f3w, dystrybutor\u00f3w oraz ekspert\u00f3w beauty z ca\u0142ego \u015bwiata.<\/p>\n\n\n\n<p><strong>Polsko \u2013 Japo\u0144skie Forum Eksportowe \u2013 20 maja 2025<\/strong><\/p>\n\n\n\n<p>Spotkanie biznesowe umo\u017cliwiaj\u0105ce nawi\u0105zanie kontakt\u00f3w handlowych mi\u0119dzy polskimi a japo\u0144skimi przedsi\u0119biorcami z sektora beauty.<\/p>\n\n\n\n<p><strong>Mi\u0119dzynarodowe Targi Slavic B2Beauty \u2013 28\u201329 maja 2025<\/strong><\/p>\n\n\n\n<p>Wydarzenie skupiaj\u0105ce firmy kosmetyczne z regionu Europy \u015arodkowo-Wschodniej, daj\u0105ce mo\u017cliwo\u015b\u0107 budowania mi\u0119dzynarodowych relacji biznesowych.<\/p>\n\n\n\n<p><strong>Stoisko PAIH na targach Central Asia Beauty Expo 2025 \u2013 29\u201331 maja 2025<\/strong><\/p>\n\n\n\n<p>Kluczowe targi dla bran\u017cy beauty w Azji Centralnej, otwieraj\u0105ce mo\u017cliwo\u015bci eksportowe dla polskich marek kosmetycznych.<\/p>\n\n\n\n<p><strong>Targi dla Przemys\u0142u Farmaceutycznego i Kosmetycznego \u2013 11\u201313 czerwca 2025<\/strong><\/p>\n\n\n\n<p>Wydarzenie po\u015bwi\u0119cone innowacjom w produkcji kosmetyk\u00f3w i farmaceutyk\u00f3w, obejmuj\u0105ce szeroki zakres temat\u00f3w od surowc\u00f3w po gotowe produkty.<\/p>\n\n\n\n<p><strong>PCI Days (Warszawa, Polska) \u2013 Czerwiec 2025<\/strong><\/p>\n\n\n\n<p>Jedno z najwa\u017cniejszych wydarze\u0144 dla producent\u00f3w kosmetyk\u00f3w i farmaceutyk\u00f3w. Targi te gromadz\u0105 ekspert\u00f3w z zakresu produkcji, dystrybucji i innowacji technologicznych. To okazja do nawi\u0105zania kluczowych kontakt\u00f3w z dostawcami surowc\u00f3w, opakowa\u0144 oraz technologii.<\/p>\n\n\n\n<p><strong>Beauty Wroc\u0142aw (Wroc\u0142aw, Polska) \u2013 Czerwiec 2025<\/strong><\/p>\n\n\n\n<p>Wydarzenie skierowane do profesjonalist\u00f3w i pasjonat\u00f3w bran\u017cy beauty. Oferuje szeroki wachlarz prezentacji produktowych, szkole\u0144 oraz paneli dyskusyjnych z ekspertami.<\/p>\n\n\n\n<p><strong>Cosmoprof North America (Las Vegas, USA) \u2013 Lipiec 2025<\/strong><\/p>\n\n\n\n<p>Jedne z najbardziej presti\u017cowych targ\u00f3w kosmetycznych na \u015bwiecie. Cosmoprof North America to miejsce dla globalnych graczy, kt\u00f3rzy chc\u0105 rozwija\u0107 swoj\u0105 mark\u0119 na rynku ameryka\u0144skim i mi\u0119dzynarodowym.<\/p>\n\n\n\n<p><strong>Dlaczego warto uczestniczy\u0107 w tych wydarzeniach?<\/strong><\/p>\n\n\n\n<p><strong>Rozw\u00f3j sieci kontakt\u00f3w<\/strong> \u2013 Mo\u017cliwo\u015b\u0107 spotka\u0144 z kluczowymi graczami rynku, dystrybutorami oraz przedstawicielami sieci handlowych. <\/p>\n\n\n\n<p><strong>Budowanie \u015bwiadomo\u015bci marki<\/strong> \u2013 Obecno\u015b\u0107 na mi\u0119dzynarodowych wydarzeniach zwi\u0119ksza rozpoznawalno\u015b\u0107 i uwiarygadnia mark\u0119. <\/p>\n\n\n\n<p><strong>Dost\u0119p do innowacji i trend\u00f3w<\/strong> \u2013 Targi to platforma wymiany wiedzy o najnowszych technologiach i produktach kszta\u0142tuj\u0105cych przysz\u0142o\u015b\u0107 bran\u017cy. <\/p>\n\n\n\n<p><strong>Edukacja i inspiracja<\/strong> \u2013 Prelekcje, warsztaty i szkolenia prowadzone przez ekspert\u00f3w wspieraj\u0105 rozw\u00f3j kompetencji i konkurencyjno\u015bci na rynku.<\/p>\n\n\n\n<p><\/p>\n\n\n\n<p>Obecno\u015b\u0107 na strategicznych wydarzeniach bran\u017cy beauty to inwestycja w rozw\u00f3j, innowacje i ekspansj\u0119 na nowe rynki. Rok 2025 oferuje liczne okazje do budowania relacji biznesowych oraz zdobycia cennej wiedzy, kt\u00f3ra pozwoli firmom umocni\u0107 swoj\u0105 pozycj\u0119 w bran\u017cy.<\/p>\n\n\n\n<p>Uniejowskie Centrum Obs\u0142ugi Przedsi\u0119biorcy zach\u0119ca do aktywnego uczestnictwa w kluczowych wydarzeniach \u2013 to krok w stron\u0119 d\u0142ugoterminowego sukcesu i silnej pozycji na rynku krajowym oraz mi\u0119dzynarodowym.<\/p>\n\n\n\n<p><strong>Nie czekaj \u2013 rozwijaj swoj\u0105 mark\u0119 i skorzystaj z potencja\u0142u globalnych targ\u00f3w beauty!<\/strong><\/p>\n\n\n\n<p>Zapraszamy r\u00f3wnie\u017c do \u015bledzenia aktualnych bran\u017cowych wydarze\u0144 w naszych mediach spo\u0142eczno\u015bciowych oraz w dost\u0119pnej na naszej stronie <a href=\"https:\/\/uniejow.pl\/ucop\/promocja\/\">BAZIE WIEDZY<\/a>.<\/p>\n\n\n\n<p>WM<\/p>\n","protected":false},"excerpt":{"rendered":"<p>Bran\u017ca beauty to jeden z najbardziej dynamicznych sektor\u00f3w gospodarki, gdzie innowacje, zmieniaj\u0105ce si\u0119 trendy oraz strategiczne relacje biznesowe odgrywaj\u0105 kluczow\u0105 [&#8230;]<\/p>\n<p><a class=\"btn btn-secondary understrap-read-more-link\" href=\"https:\/\/uniejow.pl\/ucop\/aktualnosci\/nadchodzace-wydarzenia-promocyjne-w-branzy-kosmetycznej\/\">Czytaj dalej\u2026<span class=\"screen-reader-text\"> from Nadchodz\u0105ce wydarzenia promocyjne w bran\u017cy kosmetycznej<\/span><\/a><\/p>\n","protected":false},"author":2,"featured_media":1484,"comment_status":"closed","ping_status":"closed","sticky":false,"template":"","format":"standard","meta":{"_acf_changed":false,"footnotes":""},"categories":[4],"tags":[],"class_list":["post-1483","post","type-post","status-publish","format-standard","has-post-thumbnail","hentry","category-aktualnosci"],"acf":[],"_links":{"self":[{"href":"https:\/\/uniejow.pl\/ucop\/wp-json\/wp\/v2\/posts\/1483","targetHints":{"allow":["GET"]}}],"collection":[{"href":"https:\/\/uniejow.pl\/ucop\/wp-json\/wp\/v2\/posts"}],"about":[{"href":"https:\/\/uniejow.pl\/ucop\/wp-json\/wp\/v2\/types\/post"}],"author":[{"embeddable":true,"href":"https:\/\/uniejow.pl\/ucop\/wp-json\/wp\/v2\/users\/2"}],"replies":[{"embeddable":true,"href":"https:\/\/uniejow.pl\/ucop\/wp-json\/wp\/v2\/comments?post=1483"}],"version-history":[{"count":1,"href":"https:\/\/uniejow.pl\/ucop\/wp-json\/wp\/v2\/posts\/1483\/revisions"}],"predecessor-version":[{"id":1485,"href":"https:\/\/uniejow.pl\/ucop\/wp-json\/wp\/v2\/posts\/1483\/revisions\/1485"}],"wp:featuredmedia":[{"embeddable":true,"href":"https:\/\/uniejow.pl\/ucop\/wp-json\/wp\/v2\/media\/1484"}],"wp:attachment":[{"href":"https:\/\/uniejow.pl\/ucop\/wp-json\/wp\/v2\/media?parent=1483"}],"wp:term":[{"taxonomy":"category","embeddable":true,"href":"https:\/\/uniejow.pl\/ucop\/wp-json\/wp\/v2\/categories?post=1483"},{"taxonomy":"post_tag","embeddable":true,"href":"https:\/\/uniejow.pl\/ucop\/wp-json\/wp\/v2\/tags?post=1483"}],"curies":[{"name":"wp","href":"https:\/\/api.w.org\/{rel}","templated":true}]}}