{"id":1492,"date":"2025-04-03T13:52:14","date_gmt":"2025-04-03T12:52:14","guid":{"rendered":"https:\/\/uniejow.pl\/ucop\/?p=1492"},"modified":"2025-04-07T08:00:15","modified_gmt":"2025-04-07T07:00:15","slug":"twoj-region-twoja-przyszlosc-jak-wykorzystac-fundusze-europejskie","status":"publish","type":"post","link":"https:\/\/uniejow.pl\/ucop\/aktualnosci\/twoj-region-twoja-przyszlosc-jak-wykorzystac-fundusze-europejskie\/","title":{"rendered":"Tw\u00f3j region \u2013 Twoja przysz\u0142o\u015b\u0107. Jak wykorzysta\u0107 Fundusze Europejskie?"},"content":{"rendered":"\n<p><\/p>\n\n\n\n<p>Polska Agencja Rozwoju Przedsi\u0119biorczo\u015bci oraz Ministerstwo Funduszy i Polityki Regionalnej serdecznie zapraszaj\u0105 przedsi\u0119biorc\u00f3w do udzia\u0142u w spotkaniu regionalnym pt.: <strong>\u201eTw\u00f3j region \u2013 Twoja przysz\u0142o\u015b\u0107. Jak wykorzysta\u0107 Fundusze Europejskie?\u201d<\/strong>, kt\u00f3re odb\u0119dzie si\u0119 w \u0141odzi <strong>13 maja 2025 roku<\/strong>.<\/p>\n\n\n\n<p>Podczas spotkania om\u00f3wione zostan\u0105 Fundusze Europejskie dost\u0119pne dla przedsi\u0119biorc\u00f3w, ich aktualny stan oraz nowe mo\u017cliwo\u015bci wsparcia rozwoju firm w Polsce. Przedstawiciele PARP i MFiPR przybli\u017c\u0105 szczeg\u00f3\u0142y nowych program\u00f3w, warunki udzia\u0142u oraz mo\u017cliwo\u015bci uzyskania dofinansowania w ramach Funduszy Europejskich na lata 2021-2027.<\/p>\n\n\n\n<p><strong>Dlaczego warto wzi\u0105\u0107 udzia\u0142?<\/strong><\/p>\n\n\n\n<ul class=\"wp-block-list\">\n<li>Poznasz nowe programy wsparcia dla przedsi\u0119biorc\u00f3w.<\/li>\n\n\n\n<li>Dowiesz si\u0119, jakie fundusze dost\u0119pne s\u0105 w wojew\u00f3dztwie \u0142\u00f3dzkim.<\/li>\n\n\n\n<li>Zasi\u0119gniesz wiedzy od do\u015bwiadczonych praktyk\u00f3w.<\/li>\n\n\n\n<li>B\u0119dziesz mie\u0107 mo\u017cliwo\u015b\u0107 rozmowy z ekspertami PARP, MFiPR, PIFE i BGK.<\/li>\n<\/ul>\n\n\n\n<p>To doskona\u0142a okazja do zdobycia cennych informacji, wymiany do\u015bwiadcze\u0144 oraz nawi\u0105zania nowych kontakt\u00f3w biznesowych.<\/p>\n\n\n\n<p>Serdecznie zapraszamy do udzia\u0142u!<\/p>\n\n\n\n<figure class=\"wp-block-image size-large\"><a href=\"https:\/\/www.parp.gov.pl\/component\/site\/site\/cykl-spotkan-regionalnych-twoj-region---twoja-przyszlosc-jak-wykorzystac-fundusze-europejskie#nadchodzacewydarzenia\"><img loading=\"lazy\" decoding=\"async\" width=\"735\" height=\"1024\" src=\"https:\/\/uniejow.pl\/ucop\/wp-content\/uploads\/2025\/04\/modul_na_www_spotkania_regionalne_1170x1630-735x1024.jpg\" alt=\"\" class=\"wp-image-1494\" srcset=\"https:\/\/uniejow.pl\/ucop\/wp-content\/uploads\/2025\/04\/modul_na_www_spotkania_regionalne_1170x1630-735x1024.jpg 735w, https:\/\/uniejow.pl\/ucop\/wp-content\/uploads\/2025\/04\/modul_na_www_spotkania_regionalne_1170x1630-215x300.jpg 215w, https:\/\/uniejow.pl\/ucop\/wp-content\/uploads\/2025\/04\/modul_na_www_spotkania_regionalne_1170x1630-768x1070.jpg 768w, https:\/\/uniejow.pl\/ucop\/wp-content\/uploads\/2025\/04\/modul_na_www_spotkania_regionalne_1170x1630.jpg 919w\" sizes=\"auto, (max-width: 735px) 100vw, 735px\" \/><\/a><\/figure>\n","protected":false},"excerpt":{"rendered":"<p>Polska Agencja Rozwoju Przedsi\u0119biorczo\u015bci oraz Ministerstwo Funduszy i Polityki Regionalnej serdecznie zapraszaj\u0105 przedsi\u0119biorc\u00f3w do udzia\u0142u w spotkaniu regionalnym pt.: \u201eTw\u00f3j [&#8230;]<\/p>\n<p><a class=\"btn btn-secondary understrap-read-more-link\" href=\"https:\/\/uniejow.pl\/ucop\/aktualnosci\/twoj-region-twoja-przyszlosc-jak-wykorzystac-fundusze-europejskie\/\">Czytaj dalej\u2026<span class=\"screen-reader-text\"> from Tw\u00f3j region \u2013 Twoja przysz\u0142o\u015b\u0107. Jak wykorzysta\u0107 Fundusze Europejskie?<\/span><\/a><\/p>\n","protected":false},"author":5,"featured_media":1493,"comment_status":"closed","ping_status":"closed","sticky":false,"template":"","format":"standard","meta":{"_acf_changed":false,"footnotes":""},"categories":[4],"tags":[],"class_list":["post-1492","post","type-post","status-publish","format-standard","has-post-thumbnail","hentry","category-aktualnosci"],"acf":[],"_links":{"self":[{"href":"https:\/\/uniejow.pl\/ucop\/wp-json\/wp\/v2\/posts\/1492","targetHints":{"allow":["GET"]}}],"collection":[{"href":"https:\/\/uniejow.pl\/ucop\/wp-json\/wp\/v2\/posts"}],"about":[{"href":"https:\/\/uniejow.pl\/ucop\/wp-json\/wp\/v2\/types\/post"}],"author":[{"embeddable":true,"href":"https:\/\/uniejow.pl\/ucop\/wp-json\/wp\/v2\/users\/5"}],"replies":[{"embeddable":true,"href":"https:\/\/uniejow.pl\/ucop\/wp-json\/wp\/v2\/comments?post=1492"}],"version-history":[{"count":1,"href":"https:\/\/uniejow.pl\/ucop\/wp-json\/wp\/v2\/posts\/1492\/revisions"}],"predecessor-version":[{"id":1495,"href":"https:\/\/uniejow.pl\/ucop\/wp-json\/wp\/v2\/posts\/1492\/revisions\/1495"}],"wp:featuredmedia":[{"embeddable":true,"href":"https:\/\/uniejow.pl\/ucop\/wp-json\/wp\/v2\/media\/1493"}],"wp:attachment":[{"href":"https:\/\/uniejow.pl\/ucop\/wp-json\/wp\/v2\/media?parent=1492"}],"wp:term":[{"taxonomy":"category","embeddable":true,"href":"https:\/\/uniejow.pl\/ucop\/wp-json\/wp\/v2\/categories?post=1492"},{"taxonomy":"post_tag","embeddable":true,"href":"https:\/\/uniejow.pl\/ucop\/wp-json\/wp\/v2\/tags?post=1492"}],"curies":[{"name":"wp","href":"https:\/\/api.w.org\/{rel}","templated":true}]}}