{"id":1496,"date":"2025-04-04T09:06:04","date_gmt":"2025-04-04T08:06:04","guid":{"rendered":"https:\/\/uniejow.pl\/ucop\/?p=1496"},"modified":"2025-04-04T09:23:23","modified_gmt":"2025-04-04T08:23:23","slug":"nabor-wnioskow-do-strefy-rozwoyou-3-0","status":"publish","type":"post","link":"https:\/\/uniejow.pl\/ucop\/aktualnosci\/nabor-wnioskow-do-strefy-rozwoyou-3-0\/","title":{"rendered":"Nab\u00f3r wniosk\u00f3w do Strefy RozwoYou 3.0"},"content":{"rendered":"\n<p><\/p>\n\n\n\n<p>\u0141\u00f3dzka Specjalna Strefa Ekonomiczna og\u0142osi\u0142a, \u017ce ju\u017c <strong>8 kwietnia 2025 r. o godzinie 10:00<\/strong> rusza <strong>VIII nab\u00f3r wniosk\u00f3w do projektu Strefa RozwoYou 3.0<\/strong>. Do dyspozycji przedsi\u0119biorc\u00f3w i pracodawc\u00f3w z wojew\u00f3dztwa \u0142\u00f3dzkiego oddana zostanie <strong>alokacja w wysoko\u015bci 500 000 z\u0142<\/strong>.<\/p>\n\n\n\n<p><strong>Kto mo\u017ce aplikowa\u0107?<\/strong><\/p>\n\n\n\n<p>W naborze mog\u0105 wzi\u0105\u0107 udzia\u0142:<\/p>\n\n\n\n<ul class=\"wp-block-list\">\n<li><strong>Przedsi\u0119biorcy<\/strong> w rozumieniu art. 2 ust. 2 Rozporz\u0105dzenia KE nr 2023\/2831 z 13 grudnia 2023 r., kt\u00f3rych siedziba mie\u015bci si\u0119 na terenie wojew\u00f3dztwa \u0142\u00f3dzkiego.<\/li>\n\n\n\n<li><strong>Pozostali pracodawcy<\/strong>, tj. jednostki organizacyjne (nawet bez osobowo\u015bci prawnej) lub osoby fizyczne prowadz\u0105ce dzia\u0142alno\u015b\u0107 gospodarcz\u0105, zatrudniaj\u0105ce przynajmniej jednego pracownika (zgodnie z art. 3 Kodeksu Pracy), posiadaj\u0105ce siedzib\u0119 w wojew\u00f3dztwie \u0142\u00f3dzkim.<\/li>\n\n\n\n<li><strong>Pracodawcy nieb\u0119d\u0105cy jednostkami sektora finans\u00f3w publicznych<\/strong>, czyli podmioty niewymienione w art. 9 Ustawy o finansach publicznych, r\u00f3wnie\u017c z siedzib\u0105 w woj. \u0142\u00f3dzkim.<\/li>\n<\/ul>\n\n\n\n<p><strong>Limity finansowe<\/strong><\/p>\n\n\n\n<p>Kwoty dofinansowania zale\u017c\u0105 od wielko\u015bci podmiotu:<\/p>\n\n\n\n<ul class=\"wp-block-list\">\n<li><strong>Mikroprzedsi\u0119biorstwo<\/strong> \u2013 do 50 000 z\u0142<\/li>\n\n\n\n<li><strong>Ma\u0142e przedsi\u0119biorstwo<\/strong> \u2013 do 80 000 z\u0142<\/li>\n\n\n\n<li><strong>\u015arednie i du\u017ce przedsi\u0119biorstwo<\/strong> \u2013 do 100 000 z\u0142<\/li>\n\n\n\n<li><strong>Pracodawcy spoza sektora finans\u00f3w publicznych<\/strong> \u2013 do 50 000 z\u0142<\/li>\n\n\n\n<li><strong>Pozostali pracodawcy<\/strong> \u2013 do 35 000 z\u0142<\/li>\n<\/ul>\n\n\n\n<p>Dodatkowo:<\/p>\n\n\n\n<ul class=\"wp-block-list\">\n<li>Maksymalne wsparcie dla jednego pracownika to <strong>10 000 z\u0142 netto<\/strong> (wymagany wk\u0142ad w\u0142asny min. 15%).<\/li>\n\n\n\n<li>Stawki maksymalne:\n<ul class=\"wp-block-list\">\n<li>us\u0142ugi szkoleniowe\/doradcze: <strong>100 z\u0142 netto\/godz.<\/strong><\/li>\n\n\n\n<li>studia podyplomowe: <strong>20 z\u0142 netto\/godz.<\/strong><\/li>\n\n\n\n<li>egzaminy: <strong>300 z\u0142 netto\/godz.<\/strong><\/li>\n<\/ul>\n<\/li>\n<\/ul>\n\n\n\n<p><strong>Wa\u017cne informacje organizacyjne<\/strong><\/p>\n\n\n\n<p>Aby przyst\u0105pi\u0107 do naboru, niezb\u0119dne jest:<\/p>\n\n\n\n<ul class=\"wp-block-list\">\n<li>Posiadanie <strong>siedziby g\u0142\u00f3wnej na terenie wojew\u00f3dztwa \u0142\u00f3dzkiego<\/strong><\/li>\n\n\n\n<li>Rejestracja i aktywne konto instytucjonalne w <strong>Bazie Us\u0142ug Rozwojowych (BUR)<\/strong><\/li>\n<\/ul>\n\n\n\n<p>Zanim z\u0142o\u017cysz wniosek, zapoznaj si\u0119 z <strong>regulaminem naboru oraz za\u0142\u0105cznikami<\/strong>, dost\u0119pnymi na stronie projektu:<br><a href=\"https:\/\/strefarozwoju.lodz.pl\/dokumenty\/\">https:\/\/strefarozwoju.lodz.pl\/dokumenty\/<\/a><\/p>\n\n\n\n<p>Nie przegap okazji na rozw\u00f3j swojego zespo\u0142u i firmy \u2013 skorzystaj z mo\u017cliwo\u015bci, jakie oferuje Strefa RozwoYou 3.0!<\/p>\n\n\n\n<p>Wi\u0119cej informacji o aktualnych naborach znajduje si\u0119 w zak\u0142adce <a href=\"https:\/\/uniejow.pl\/ucop\/baza-wiedzy\/\">BAZA WIEDZY<\/a>.<\/p>\n\n\n\n<p><\/p>\n\n\n\n<p>AS<\/p>\n","protected":false},"excerpt":{"rendered":"<p>\u0141\u00f3dzka Specjalna Strefa Ekonomiczna og\u0142osi\u0142a, \u017ce ju\u017c 8 kwietnia 2025 r. o godzinie 10:00 rusza VIII nab\u00f3r wniosk\u00f3w do projektu [&#8230;]<\/p>\n<p><a class=\"btn btn-secondary understrap-read-more-link\" href=\"https:\/\/uniejow.pl\/ucop\/aktualnosci\/nabor-wnioskow-do-strefy-rozwoyou-3-0\/\">Czytaj dalej\u2026<span class=\"screen-reader-text\"> from Nab\u00f3r wniosk\u00f3w do Strefy RozwoYou 3.0<\/span><\/a><\/p>\n","protected":false},"author":2,"featured_media":1501,"comment_status":"closed","ping_status":"closed","sticky":false,"template":"","format":"standard","meta":{"_acf_changed":false,"footnotes":""},"categories":[4],"tags":[],"class_list":["post-1496","post","type-post","status-publish","format-standard","has-post-thumbnail","hentry","category-aktualnosci"],"acf":[],"_links":{"self":[{"href":"https:\/\/uniejow.pl\/ucop\/wp-json\/wp\/v2\/posts\/1496","targetHints":{"allow":["GET"]}}],"collection":[{"href":"https:\/\/uniejow.pl\/ucop\/wp-json\/wp\/v2\/posts"}],"about":[{"href":"https:\/\/uniejow.pl\/ucop\/wp-json\/wp\/v2\/types\/post"}],"author":[{"embeddable":true,"href":"https:\/\/uniejow.pl\/ucop\/wp-json\/wp\/v2\/users\/2"}],"replies":[{"embeddable":true,"href":"https:\/\/uniejow.pl\/ucop\/wp-json\/wp\/v2\/comments?post=1496"}],"version-history":[{"count":1,"href":"https:\/\/uniejow.pl\/ucop\/wp-json\/wp\/v2\/posts\/1496\/revisions"}],"predecessor-version":[{"id":1498,"href":"https:\/\/uniejow.pl\/ucop\/wp-json\/wp\/v2\/posts\/1496\/revisions\/1498"}],"wp:featuredmedia":[{"embeddable":true,"href":"https:\/\/uniejow.pl\/ucop\/wp-json\/wp\/v2\/media\/1501"}],"wp:attachment":[{"href":"https:\/\/uniejow.pl\/ucop\/wp-json\/wp\/v2\/media?parent=1496"}],"wp:term":[{"taxonomy":"category","embeddable":true,"href":"https:\/\/uniejow.pl\/ucop\/wp-json\/wp\/v2\/categories?post=1496"},{"taxonomy":"post_tag","embeddable":true,"href":"https:\/\/uniejow.pl\/ucop\/wp-json\/wp\/v2\/tags?post=1496"}],"curies":[{"name":"wp","href":"https:\/\/api.w.org\/{rel}","templated":true}]}}