{"id":1504,"date":"2025-04-04T13:39:21","date_gmt":"2025-04-04T12:39:21","guid":{"rendered":"https:\/\/uniejow.pl\/ucop\/?p=1504"},"modified":"2025-04-07T07:57:45","modified_gmt":"2025-04-07T06:57:45","slug":"abonament-na-rozwoj","status":"publish","type":"post","link":"https:\/\/uniejow.pl\/ucop\/aktualnosci\/abonament-na-rozwoj\/","title":{"rendered":"aBONament na rozw\u00f3j"},"content":{"rendered":"\n<p><\/p>\n\n\n\n<p><\/p>\n\n\n\n<p><strong>Program &#8222;aBONament na rozw\u00f3j&#8221; \u2013 Wsparcie dla Twojego rozwoju zawodowego<\/strong><\/p>\n\n\n\n<p>Program &#8222;aBONament na rozw\u00f3j&#8221; to inicjatywa, maj\u0105ca na celu wsparcie os\u00f3b doros\u0142ych w zdobywaniu nowych kwalifikacji i kompetencji zawodowych. Je\u015bli chcesz podnie\u015b\u0107 swoje umiej\u0119tno\u015bci, a tak\u017ce zwi\u0119kszy\u0107 swoje szanse na rynku pracy, ten program jest dla Ciebie!<\/p>\n\n\n\n<p><strong>Celem programu jest:<\/strong><\/p>\n\n\n\n<ul class=\"wp-block-list\">\n<li><strong>Podniesienie kwalifikacji zawodowych<\/strong> \u2013 Program umo\u017cliwia uczestnikom zdobycie nowych umiej\u0119tno\u015bci, kt\u00f3re zwi\u0119ksz\u0105 ich konkurencyjno\u015b\u0107 na rynku pracy.<\/li>\n\n\n\n<li><strong>Wsparcie os\u00f3b z niepe\u0142nosprawno\u015bciami<\/strong> \u2013 W projekcie bierze udzia\u0142 specjalna grupa os\u00f3b z niepe\u0142nosprawno\u015bciami, kt\u00f3rym zapewniamy dost\u0119p do szerokiej gamy us\u0142ug rozwojowych.<\/li>\n<\/ul>\n\n\n\n<p><strong>Oferta wsparcia<\/strong><\/p>\n\n\n\n<p>Uczestnicy programu mog\u0105 liczy\u0107 na szeroki zakres us\u0142ug rozwojowych, w tym:<\/p>\n\n\n\n<ul class=\"wp-block-list\">\n<li><strong>Szkolenia i us\u0142ugi doradcze<\/strong> \u2013 Do 100 z\u0142 za godzin\u0119 zaj\u0119\u0107, kt\u00f3re obejmuj\u0105 r\u00f3\u017cnorodne tematy, od szkole\u0144 twardych po doradztwo zawodowe.<\/li>\n\n\n\n<li><strong>Studia podyplomowe<\/strong> \u2013 Dofinansowanie do 20 z\u0142 za godzin\u0119 zaj\u0119\u0107, daj\u0105ce mo\u017cliwo\u015b\u0107 zdobycia dodatkowych kwalifikacji.<\/li>\n\n\n\n<li><strong>Egzaminy zawodowe<\/strong> \u2013 Mo\u017cliwo\u015b\u0107 dofinansowania egzamin\u00f3w zawodowych do kwoty 300 z\u0142 za godzin\u0119.<\/li>\n<\/ul>\n\n\n\n<p><strong>Wysoko\u015b\u0107 wsparcia finansowego<\/strong><\/p>\n\n\n\n<p>Uczestnicy programu mog\u0105 otrzyma\u0107 do 6 800 z\u0142 na osob\u0119, co pokrywa a\u017c do 93% koszt\u00f3w wybranych us\u0142ug rozwojowych. Uczestnicy pokrywaj\u0105 jedynie 7% koszt\u00f3w jako wk\u0142ad w\u0142asny.<\/p>\n\n\n\n<p><strong>Dodatkowe wsparcie<\/strong><\/p>\n\n\n\n<p>Program oferuje r\u00f3wnie\u017c dodatkowe korzy\u015bci, kt\u00f3re pomagaj\u0105 w pe\u0142ni wykorzysta\u0107 dost\u0119pne zasoby:<\/p>\n\n\n\n<ul class=\"wp-block-list\">\n<li><strong>Konsultacje i doradztwo zawodowe<\/strong> \u2013 Specjalistyczna pomoc w wyborze najlepszych us\u0142ug rozwojowych.<\/li>\n\n\n\n<li><strong>Bilans Kompetencji<\/strong> \u2013 Us\u0142uga umo\u017cliwiaj\u0105ca ocen\u0119 aktualnych umiej\u0119tno\u015bci, co u\u0142atwia planowanie dalszego rozwoju.<\/li>\n\n\n\n<li><strong>Wsparcie rekrutacyjne<\/strong> \u2013 Pomoc w procesie aplikacji do programu, w tym doradztwo w zakresie wyboru odpowiednich szkole\u0144 i studi\u00f3w podyplomowych.<\/li>\n<\/ul>\n\n\n\n<p><strong>Cele programu<\/strong><\/p>\n\n\n\n<p>Celem programu jest wsparcie 1 870 os\u00f3b doros\u0142ych, z kt\u00f3rych minimum 1 590 zdob\u0119dzie nowe kwalifikacje zawodowe, w tym:<\/p>\n\n\n\n<ul class=\"wp-block-list\">\n<li>Co najmniej 94 osoby z zielonymi kwalifikacjami (zwi\u0105zanymi z ekologi\u0105 i zr\u00f3wnowa\u017conym rozwojem).<\/li>\n\n\n\n<li>Co najmniej 187 os\u00f3b z kompetencjami cyfrowymi, co odpowiada na rosn\u0105ce zapotrzebowanie na umiej\u0119tno\u015bci w obszarze nowych technologii.<\/li>\n<\/ul>\n\n\n\n<p><strong>Gdzie mo\u017cna skorzysta\u0107 z programu?<\/strong><\/p>\n\n\n\n<p>Program &#8222;aBONament na rozw\u00f3j&#8221; realizowany jest w wojew\u00f3dztwie \u0142\u00f3dzkim. Biuro projektu mie\u015bci si\u0119 w \u0141odzi, przy ul. Piotrkowskiej 66, w miejscu dostosowanym do potrzeb os\u00f3b z niepe\u0142nosprawno\u015bciami.<\/p>\n\n\n\n<p>Wi\u0119cej informacji oraz niezb\u0119dne dokumenty znajduj\u0105 si\u0119 na stronie projektu: <a href=\"https:\/\/bony.inse.pl\/\">https:\/\/bony.inse.pl\/<\/a> <\/p>\n\n\n\n<p>Program &#8222;aBONament na rozw\u00f3j&#8221; skierowany jest wy\u0142\u0105cznie do os\u00f3b fizycznych, kt\u00f3re pragn\u0105 podnie\u015b\u0107 swoje kwalifikacje i kompetencje zawodowe. Cho\u0107 program jest dedykowany indywidualnym uczestnikom, jego efekty mog\u0105 przyczyni\u0107 si\u0119 do wi\u0119kszej aktywno\u015bci przedsi\u0119biorczej. Dzi\u0119ki zdobytym umiej\u0119tno\u015bciom, uczestnicy b\u0119d\u0105 lepiej przygotowani do podejmowania dzia\u0142a\u0144 zawodowych, kt\u00f3re mog\u0105 prowadzi\u0107 do rozwoju w\u0142asnej dzia\u0142alno\u015bci gospodarczej.<\/p>\n\n\n\n<p>Wi\u0119cej informacji o aktualnych naborach znajduje si\u0119 w zak\u0142adce <a href=\"https:\/\/uniejow.pl\/ucop\/baza-wiedzy\/\">BAZA WIEDZY<\/a>.<\/p>\n\n\n\n<p>M\u0141<\/p>\n","protected":false},"excerpt":{"rendered":"<p>Program &#8222;aBONament na rozw\u00f3j&#8221; \u2013 Wsparcie dla Twojego rozwoju zawodowego Program &#8222;aBONament na rozw\u00f3j&#8221; to inicjatywa, maj\u0105ca na celu wsparcie [&#8230;]<\/p>\n<p><a class=\"btn btn-secondary understrap-read-more-link\" href=\"https:\/\/uniejow.pl\/ucop\/aktualnosci\/abonament-na-rozwoj\/\">Czytaj dalej\u2026<span class=\"screen-reader-text\"> from aBONament na rozw\u00f3j<\/span><\/a><\/p>\n","protected":false},"author":5,"featured_media":1508,"comment_status":"closed","ping_status":"closed","sticky":false,"template":"","format":"standard","meta":{"_acf_changed":false,"footnotes":""},"categories":[4],"tags":[],"class_list":["post-1504","post","type-post","status-publish","format-standard","has-post-thumbnail","hentry","category-aktualnosci"],"acf":[],"_links":{"self":[{"href":"https:\/\/uniejow.pl\/ucop\/wp-json\/wp\/v2\/posts\/1504","targetHints":{"allow":["GET"]}}],"collection":[{"href":"https:\/\/uniejow.pl\/ucop\/wp-json\/wp\/v2\/posts"}],"about":[{"href":"https:\/\/uniejow.pl\/ucop\/wp-json\/wp\/v2\/types\/post"}],"author":[{"embeddable":true,"href":"https:\/\/uniejow.pl\/ucop\/wp-json\/wp\/v2\/users\/5"}],"replies":[{"embeddable":true,"href":"https:\/\/uniejow.pl\/ucop\/wp-json\/wp\/v2\/comments?post=1504"}],"version-history":[{"count":3,"href":"https:\/\/uniejow.pl\/ucop\/wp-json\/wp\/v2\/posts\/1504\/revisions"}],"predecessor-version":[{"id":1509,"href":"https:\/\/uniejow.pl\/ucop\/wp-json\/wp\/v2\/posts\/1504\/revisions\/1509"}],"wp:featuredmedia":[{"embeddable":true,"href":"https:\/\/uniejow.pl\/ucop\/wp-json\/wp\/v2\/media\/1508"}],"wp:attachment":[{"href":"https:\/\/uniejow.pl\/ucop\/wp-json\/wp\/v2\/media?parent=1504"}],"wp:term":[{"taxonomy":"category","embeddable":true,"href":"https:\/\/uniejow.pl\/ucop\/wp-json\/wp\/v2\/categories?post=1504"},{"taxonomy":"post_tag","embeddable":true,"href":"https:\/\/uniejow.pl\/ucop\/wp-json\/wp\/v2\/tags?post=1504"}],"curies":[{"name":"wp","href":"https:\/\/api.w.org\/{rel}","templated":true}]}}