{"id":1530,"date":"2025-05-13T07:44:14","date_gmt":"2025-05-13T06:44:14","guid":{"rendered":"https:\/\/uniejow.pl\/ucop\/?p=1530"},"modified":"2025-05-13T07:44:16","modified_gmt":"2025-05-13T06:44:16","slug":"promocja-marki-innowacyjnych-msp-rusza-nabor-wnioskow","status":"publish","type":"post","link":"https:\/\/uniejow.pl\/ucop\/aktualnosci\/promocja-marki-innowacyjnych-msp-rusza-nabor-wnioskow\/","title":{"rendered":"Promocja marki innowacyjnych M\u015aP \u2013 rusza nab\u00f3r wniosk\u00f3w!"},"content":{"rendered":"\n<p><\/p>\n\n\n\n<p>Od 13 maja do 24 czerwca 2025 r. mikro, ma\u0142e i \u015brednie przedsi\u0119biorstwa b\u0119d\u0105 mog\u0142y ubiega\u0107 si\u0119 o dofinansowanie w ramach dzia\u0142ania \u201ePromocja marki innowacyjnych M\u015aP\u201d. Celem programu jest wsparcie firm w rozwijaniu potencja\u0142u eksportowego i budowaniu rozpoznawalno\u015bci ich marek na rynkach mi\u0119dzynarodowych.<\/p>\n\n\n\n<p><strong>Dla kogo?<\/strong><\/p>\n\n\n\n<p>Z programu mog\u0105 skorzysta\u0107 przedsi\u0119biorcy z sektora M\u015aP prowadz\u0105cy dzia\u0142alno\u015b\u0107 w Polsce, kt\u00f3rzy dzia\u0142aj\u0105 w jednym z wybranych sektor\u00f3w, m.in.:<\/p>\n\n\n\n<ul class=\"wp-block-list\">\n<li>medycznym i farmaceutycznym,<\/li>\n\n\n\n<li>budowlanym,<\/li>\n\n\n\n<li>elektronicznym i fotonicznym,<\/li>\n\n\n\n<li>zielonych technologii (w tym OZE, GOZ),<\/li>\n\n\n\n<li>IT\/ICT,<\/li>\n\n\n\n<li>przemys\u0142\u00f3w kreatywnych,<\/li>\n\n\n\n<li>kosmetycznym,<\/li>\n\n\n\n<li>maszynowym, meblarskim, motoryzacyjnym,<\/li>\n\n\n\n<li>statk\u00f3w i pojazd\u00f3w szynowych,<\/li>\n\n\n\n<li>wysokich technologii w zakresie bezpiecze\u0144stwa,<\/li>\n\n\n\n<li>lotniczo-kosmicznym,<\/li>\n\n\n\n<li>spo\u017cywczym.<\/li>\n<\/ul>\n\n\n\n<p><strong>Na co mo\u017cna otrzyma\u0107 dofinansowanie?<\/strong><\/p>\n\n\n\n<p>Wsparcie obejmuje szeroki wachlarz dzia\u0142a\u0144 promocyjnych, takich jak:<\/p>\n\n\n\n<ul class=\"wp-block-list\">\n<li>udzia\u0142 w targach bran\u017cowych w roli wystawcy \u2013 zar\u00f3wno na stoiskach narodowych, jak i niezale\u017cnie,<\/li>\n\n\n\n<li>udzia\u0142 w zagranicznych misjach gospodarczych, po\u0142\u0105czonych ze spotkaniami B2B, seminariami i konferencjami,<\/li>\n\n\n\n<li>organizacja pokaz\u00f3w, prezentacji czy degustacji promuj\u0105cych mark\u0119,<\/li>\n\n\n\n<li>kampanie promocyjne wspieraj\u0105ce ekspansj\u0119 na nowe rynki.<\/li>\n<\/ul>\n\n\n\n<p><strong>Koszty, kt\u00f3re kwalifikuj\u0105 si\u0119 do dofinansowania, obejmuj\u0105 m.in.:<\/strong><\/p>\n\n\n\n<ul class=\"wp-block-list\">\n<li>wynajem i budow\u0119 stoisk targowych,<\/li>\n\n\n\n<li>rezerwacj\u0119 powierzchni wystawienniczej,<\/li>\n\n\n\n<li>koszty podr\u00f3\u017cy s\u0142u\u017cbowych,<\/li>\n\n\n\n<li>organizacj\u0119 wydarze\u0144 promocyjnych w ramach misji,<\/li>\n\n\n\n<li>przygotowanie kampanii promocyjnych,<\/li>\n\n\n\n<li>koszty po\u015brednie (do 7% warto\u015bci koszt\u00f3w bezpo\u015brednich).<\/li>\n<\/ul>\n\n\n\n<p>To szansa na zdobycie nowych rynk\u00f3w, nawi\u0105zanie mi\u0119dzynarodowych kontakt\u00f3w i wypromowanie swojej marki poza granicami Polski.<\/p>\n\n\n\n<p>Wi\u0119cej informacji, w tym szczeg\u00f3\u0142owy regulamin i wykaz kwalifikuj\u0105cych si\u0119 wydarze\u0144 targowych, znajduje si\u0119 na stronie internetowej Ministerstwa Rozwoju i Technologii oraz Polskiej Agencji Rozwoju Przedsi\u0119biorczo\u015bci. \u2013 <a href=\"https:\/\/www.parp.gov.pl\/component\/grants\/grants\/promocja-marki-innowacyjnych-msp#terminy\">TUTAJ<\/a><\/p>\n\n\n\n<p>Ponadto wi\u0119cej informacji o aktualnych naborach znajdziesz w naszej <a href=\"https:\/\/uniejow.pl\/ucop\/aktualne-nabory\/\">BAZIE WIEDZY.<\/a><\/p>\n\n\n\n<p>AS<\/p>\n\n\n\n<p><\/p>\n","protected":false},"excerpt":{"rendered":"<p>Od 13 maja do 24 czerwca 2025 r. mikro, ma\u0142e i \u015brednie przedsi\u0119biorstwa b\u0119d\u0105 mog\u0142y ubiega\u0107 si\u0119 o dofinansowanie w [&#8230;]<\/p>\n<p><a class=\"btn btn-secondary understrap-read-more-link\" href=\"https:\/\/uniejow.pl\/ucop\/aktualnosci\/promocja-marki-innowacyjnych-msp-rusza-nabor-wnioskow\/\">Czytaj dalej\u2026<span class=\"screen-reader-text\"> from Promocja marki innowacyjnych M\u015aP \u2013 rusza nab\u00f3r wniosk\u00f3w!<\/span><\/a><\/p>\n","protected":false},"author":2,"featured_media":1531,"comment_status":"closed","ping_status":"closed","sticky":false,"template":"","format":"standard","meta":{"_acf_changed":false,"footnotes":""},"categories":[4],"tags":[],"class_list":["post-1530","post","type-post","status-publish","format-standard","has-post-thumbnail","hentry","category-aktualnosci"],"acf":[],"_links":{"self":[{"href":"https:\/\/uniejow.pl\/ucop\/wp-json\/wp\/v2\/posts\/1530","targetHints":{"allow":["GET"]}}],"collection":[{"href":"https:\/\/uniejow.pl\/ucop\/wp-json\/wp\/v2\/posts"}],"about":[{"href":"https:\/\/uniejow.pl\/ucop\/wp-json\/wp\/v2\/types\/post"}],"author":[{"embeddable":true,"href":"https:\/\/uniejow.pl\/ucop\/wp-json\/wp\/v2\/users\/2"}],"replies":[{"embeddable":true,"href":"https:\/\/uniejow.pl\/ucop\/wp-json\/wp\/v2\/comments?post=1530"}],"version-history":[{"count":1,"href":"https:\/\/uniejow.pl\/ucop\/wp-json\/wp\/v2\/posts\/1530\/revisions"}],"predecessor-version":[{"id":1532,"href":"https:\/\/uniejow.pl\/ucop\/wp-json\/wp\/v2\/posts\/1530\/revisions\/1532"}],"wp:featuredmedia":[{"embeddable":true,"href":"https:\/\/uniejow.pl\/ucop\/wp-json\/wp\/v2\/media\/1531"}],"wp:attachment":[{"href":"https:\/\/uniejow.pl\/ucop\/wp-json\/wp\/v2\/media?parent=1530"}],"wp:term":[{"taxonomy":"category","embeddable":true,"href":"https:\/\/uniejow.pl\/ucop\/wp-json\/wp\/v2\/categories?post=1530"},{"taxonomy":"post_tag","embeddable":true,"href":"https:\/\/uniejow.pl\/ucop\/wp-json\/wp\/v2\/tags?post=1530"}],"curies":[{"name":"wp","href":"https:\/\/api.w.org\/{rel}","templated":true}]}}