{"id":1569,"date":"2025-04-15T09:14:16","date_gmt":"2025-04-15T08:14:16","guid":{"rendered":"https:\/\/uniejow.pl\/ucop\/?p=1569"},"modified":"2025-04-15T09:24:10","modified_gmt":"2025-04-15T08:24:10","slug":"xvii-europejski-kongres-gospodarczy-2025-razem-dla-bezpiecznej-przyszlosci","status":"publish","type":"post","link":"https:\/\/uniejow.pl\/ucop\/aktualnosci\/xvii-europejski-kongres-gospodarczy-2025-razem-dla-bezpiecznej-przyszlosci\/","title":{"rendered":"XVII Europejski Kongres Gospodarczy 2025: Razem dla bezpiecznej przysz\u0142o\u015bci"},"content":{"rendered":"\n<p>W dniach 23\u201325 kwietnia 2025 roku Katowice ponownie stan\u0105 si\u0119 centrum europejskiej debaty gospodarczej, goszcz\u0105c XVII edycj\u0119 Europejskiego Kongresu Gospodarczego (EEC). Wydarzenie odb\u0119dzie si\u0119 w Mi\u0119dzynarodowym Centrum Kongresowym oraz w Spodku pod has\u0142em \u201eRazem dla bezpiecznej przysz\u0142o\u015bci\u201d.<\/p>\n\n\n\n<p><strong>Kluczowe tematy Kongresu<\/strong><\/p>\n\n\n\n<p>Tegoroczna edycja skupi si\u0119 na aktualnych wyzwaniach i trendach kszta\u0142tuj\u0105cych przysz\u0142o\u015b\u0107 Europy i Polski. W\u015br\u00f3d g\u0142\u00f3wnych nurt\u00f3w tematycznych znajd\u0105 si\u0119:\u200b<\/p>\n\n\n\n<ul class=\"wp-block-list\">\n<li><strong>Bezpiecze\u0144stwo w szerokim uj\u0119ciu<\/strong>: Om\u00f3wione zostan\u0105 kwestie gospodarcze, energetyczne, \u017cywno\u015bciowe, zdrowotne oraz cyberbezpiecze\u0144stwo.\u200b<\/li>\n\n\n\n<li><strong>Polska prezydencja w Unii Europejskiej<\/strong>: Dyskusje b\u0119d\u0105 dotyczy\u0107 strategii i priorytet\u00f3w polskiego przyw\u00f3dztwa w Radzie UE, wsp\u00f3lnej polityki bezpiecze\u0144stwa oraz wsp\u00f3\u0142pracy transatlantyckiej.\u200b<\/li>\n\n\n\n<li><strong>Zielona energia i gospodarka<\/strong>: Poruszone zostan\u0105 tematy transformacji energetycznej, zr\u00f3wnowa\u017conego rozwoju oraz regulacji wspieraj\u0105cych czyst\u0105 energi\u0119.\u200b<\/li>\n\n\n\n<li><strong>Wsp\u00f3lna Polityka Rolna a polskie rolnictwo, zr\u00f3wnowa\u017cona polska \u017cywno\u015b\u0107 oraz polska \u017cywno\u015b\u0107 za granic\u0105: sukcesy, szanse i wyzwania<\/strong><\/li>\n<\/ul>\n\n\n\n<p>Kongres zgromadzi kilkuset prelegent\u00f3w, w tym lider\u00f3w politycznych, przedstawicieli biznesu i ekspert\u00f3w z r\u00f3\u017cnych dziedzin.<\/p>\n\n\n\n<p>Kongresowi towarzyszy\u0107 b\u0119d\u0105 liczne inicjatywy, takie jak:\u200b<\/p>\n\n\n\n<ul class=\"wp-block-list\">\n<li><strong>EEC Startup Challenge 2025<\/strong>: Konkurs dla innowacyjnych startup\u00f3w prezentuj\u0105cych nowatorskie rozwi\u0105zania w pi\u0119ciu kategoriach bran\u017cowych.\u200b<\/li>\n\n\n\n<li><strong>Top Inwestycje Komunalne 2025<\/strong>: Wyr\u00f3\u017cnienie dla najwa\u017cniejszych inwestycji komunalnych o znaczeniu prorozwojowym.<\/li>\n\n\n\n<li><strong>Inwestor bez Granic 2025<\/strong>: Nagrody dla firm wyr\u00f3\u017cniaj\u0105cych si\u0119 na polu inwestycji zagranicznych i krajowych.\u200b<\/li>\n<\/ul>\n\n\n\n<p>Rejestracja na Kongres jest otwarta dla wszystkich zainteresowanych. Uczestnicy mog\u0105 wzi\u0105\u0107 udzia\u0142 zar\u00f3wno stacjonarnie, jak i online. Szczeg\u00f3\u0142owe informacje oraz formularz rejestracyjny dost\u0119pne s\u0105 na oficjalnej stronie wydarzenia: <a href=\"https:\/\/www.eecpoland.eu\/2025\/pl\/\">www.eecpoland.eu<\/a>.\u200b<a href=\"https:\/\/www.trade.gov.pl\/kalendarz\/xvii-europejski-kongres-gospodarczy-eec-2025\/?utm_source=chatgpt.com\" target=\"_blank\" rel=\"noreferrer noopener\">Trade.gov.pl<\/a><\/p>\n\n\n\n<p>Europejski Kongres Gospodarczy 2025 to nie tylko platforma wymiany my\u015bli i do\u015bwiadcze\u0144, ale tak\u017ce okazja do nawi\u0105zania warto\u015bciowych kontakt\u00f3w biznesowych i wsp\u00f3lnego kszta\u0142towania przysz\u0142o\u015bci europejskiej gospodarki.<\/p>\n\n\n\n<p>\u017ar\u00f3d\u0142o: <a href=\"https:\/\/www.eecpoland.eu\/2025\/pl\/\">https:\/\/www.eecpoland.eu\/2025\/pl\/<\/a> <\/p>\n\n\n\n<p><\/p>\n\n\n\n<p><\/p>\n\n\n\n<p>AS<\/p>\n\n\n\n<p><\/p>\n","protected":false},"excerpt":{"rendered":"<p>W dniach 23\u201325 kwietnia 2025 roku Katowice ponownie stan\u0105 si\u0119 centrum europejskiej debaty gospodarczej, goszcz\u0105c XVII edycj\u0119 Europejskiego Kongresu Gospodarczego [&#8230;]<\/p>\n<p><a class=\"btn btn-secondary understrap-read-more-link\" href=\"https:\/\/uniejow.pl\/ucop\/aktualnosci\/xvii-europejski-kongres-gospodarczy-2025-razem-dla-bezpiecznej-przyszlosci\/\">Czytaj dalej\u2026<span class=\"screen-reader-text\"> from XVII Europejski Kongres Gospodarczy 2025: Razem dla bezpiecznej przysz\u0142o\u015bci<\/span><\/a><\/p>\n","protected":false},"author":2,"featured_media":1575,"comment_status":"closed","ping_status":"closed","sticky":false,"template":"","format":"standard","meta":{"_acf_changed":false,"footnotes":""},"categories":[4],"tags":[],"class_list":["post-1569","post","type-post","status-publish","format-standard","has-post-thumbnail","hentry","category-aktualnosci"],"acf":[],"_links":{"self":[{"href":"https:\/\/uniejow.pl\/ucop\/wp-json\/wp\/v2\/posts\/1569","targetHints":{"allow":["GET"]}}],"collection":[{"href":"https:\/\/uniejow.pl\/ucop\/wp-json\/wp\/v2\/posts"}],"about":[{"href":"https:\/\/uniejow.pl\/ucop\/wp-json\/wp\/v2\/types\/post"}],"author":[{"embeddable":true,"href":"https:\/\/uniejow.pl\/ucop\/wp-json\/wp\/v2\/users\/2"}],"replies":[{"embeddable":true,"href":"https:\/\/uniejow.pl\/ucop\/wp-json\/wp\/v2\/comments?post=1569"}],"version-history":[{"count":2,"href":"https:\/\/uniejow.pl\/ucop\/wp-json\/wp\/v2\/posts\/1569\/revisions"}],"predecessor-version":[{"id":1574,"href":"https:\/\/uniejow.pl\/ucop\/wp-json\/wp\/v2\/posts\/1569\/revisions\/1574"}],"wp:featuredmedia":[{"embeddable":true,"href":"https:\/\/uniejow.pl\/ucop\/wp-json\/wp\/v2\/media\/1575"}],"wp:attachment":[{"href":"https:\/\/uniejow.pl\/ucop\/wp-json\/wp\/v2\/media?parent=1569"}],"wp:term":[{"taxonomy":"category","embeddable":true,"href":"https:\/\/uniejow.pl\/ucop\/wp-json\/wp\/v2\/categories?post=1569"},{"taxonomy":"post_tag","embeddable":true,"href":"https:\/\/uniejow.pl\/ucop\/wp-json\/wp\/v2\/tags?post=1569"}],"curies":[{"name":"wp","href":"https:\/\/api.w.org\/{rel}","templated":true}]}}