{"id":1576,"date":"2025-04-15T12:42:12","date_gmt":"2025-04-15T11:42:12","guid":{"rendered":"https:\/\/uniejow.pl\/ucop\/?p=1576"},"modified":"2025-04-17T12:44:46","modified_gmt":"2025-04-17T11:44:46","slug":"nabor-viii-bony-rozwojowe-dla-firm-z-wojewodztwa-lodzkiego","status":"publish","type":"post","link":"https:\/\/uniejow.pl\/ucop\/aktualnosci\/nabor-viii-bony-rozwojowe-dla-firm-z-wojewodztwa-lodzkiego\/","title":{"rendered":"NAB\u00d3R VIII \u2013 Bony rozwojowe dla firm z wojew\u00f3dztwa \u0142\u00f3dzkiego"},"content":{"rendered":"\n<p><\/p>\n\n\n\n<p><strong>Rozpocz\u0119cie naboru: 25 kwietnia 2025 r. o godz. 11:00<\/strong><\/p>\n\n\n\n<p>Z przyjemno\u015bci\u0105 informujemy, \u017ce ju\u017c wkr\u00f3tce rozpocznie si\u0119 VIII edycja naboru na bony rozwojowe dla przedsi\u0119biorstw z wojew\u00f3dztwa \u0142\u00f3dzkiego. To doskona\u0142a okazja dla firm zainteresowanych podnoszeniem kwalifikacji swoich pracownik\u00f3w. W ramach programu mo\u017cliwe jest uzyskanie nawet do 85% dofinansowania na szkolenia, kursy oraz inne formy rozwoju kompetencji.<\/p>\n\n\n\n<h3 class=\"wp-block-heading\">Dla kogo?<\/h3>\n\n\n\n<p>Z dofinansowania mog\u0105 skorzysta\u0107:<\/p>\n\n\n\n<ul class=\"wp-block-list\">\n<li>mikro, ma\u0142e i \u015brednie przedsi\u0119biorstwa,<\/li>\n\n\n\n<li>pracodawcy spoza sektora finans\u00f3w publicznych,<\/li>\n\n\n\n<li>firmy posiadaj\u0105ce siedzib\u0119 lub oddzia\u0142 na terenie wojew\u00f3dztwa \u0142\u00f3dzkiego.<\/li>\n<\/ul>\n\n\n\n<h3 class=\"wp-block-heading\">Na co mo\u017cna otrzyma\u0107 dofinansowanie?<\/h3>\n\n\n\n<p>Program obejmuje finansowanie us\u0142ug rozwojowych takich jak:<\/p>\n\n\n\n<ul class=\"wp-block-list\">\n<li>szkolenia zawodowe i kompetencyjne,<\/li>\n\n\n\n<li>kursy specjalistyczne,<\/li>\n\n\n\n<li>doradztwo indywidualne i grupowe,<\/li>\n\n\n\n<li>studia podyplomowe.<\/li>\n<\/ul>\n\n\n\n<h3 class=\"wp-block-heading\">Wysoko\u015b\u0107 dofinansowania<\/h3>\n\n\n\n<ul class=\"wp-block-list\">\n<li>Limit na jednego pracownika: do 7 600 z\u0142 brutto,<\/li>\n\n\n\n<li>Wk\u0142ad w\u0142asny:\n<ul class=\"wp-block-list\">\n<li>15% dla mikro i ma\u0142ych przedsi\u0119biorstw,<\/li>\n\n\n\n<li>40% dla przedsi\u0119biorstw \u015bredniej wielko\u015bci.<\/li>\n<\/ul>\n<\/li>\n<\/ul>\n\n\n\n<h3 class=\"wp-block-heading\">Harmonogram<\/h3>\n\n\n\n<ul class=\"wp-block-list\">\n<li>Termin rozpocz\u0119cia naboru: 25 kwietnia 2025 r. (pi\u0105tek), godz. 11:00,<\/li>\n\n\n\n<li>Przedsi\u0119biorcy mog\u0105 zarejestrowa\u0107 si\u0119 w systemie wcze\u015bniej, jeszcze przed uruchomieniem naboru.<\/li>\n<\/ul>\n\n\n\n<h3 class=\"wp-block-heading\">Dokumenty i szczeg\u00f3\u0142y<\/h3>\n\n\n\n<p>Szczeg\u00f3\u0142owe informacje dotycz\u0105ce naboru:<br><a href=\"https:\/\/bon2.larr.pl\/wp-content\/uploads\/2025\/04\/Informacje-o-planowanym-naborze-z-dnia-13.04.2025-roku-nabor-VIII-v1.pdf\">https:\/\/bon2.larr.pl\/wp-content\/uploads\/2025\/04\/Informacje-o-planowanym-naborze-z-dnia-13.04.2025-roku-nabor-VIII-v1.pdf<\/a> <\/p>\n\n\n\n<p>Zach\u0119camy do skorzystania z tej szansy i zainwestowania w rozw\u00f3j swojego zespo\u0142u. To realne wsparcie, kt\u00f3re mo\u017ce przyczyni\u0107 si\u0119 do wzmocnienia konkurencyjno\u015bci Twojej firmy.<\/p>\n\n\n\n<p>Wi\u0119cej informacji o aktualnych naborach znajduje si\u0119 w zak\u0142adce <a href=\"https:\/\/uniejow.pl\/ucop\/baza-wiedzy\/\">BAZA WIEDZY<\/a>.<\/p>\n\n\n\n<p>M\u0141<\/p>\n","protected":false},"excerpt":{"rendered":"<p>Rozpocz\u0119cie naboru: 25 kwietnia 2025 r. o godz. 11:00 Z przyjemno\u015bci\u0105 informujemy, \u017ce ju\u017c wkr\u00f3tce rozpocznie si\u0119 VIII edycja naboru [&#8230;]<\/p>\n<p><a class=\"btn btn-secondary understrap-read-more-link\" href=\"https:\/\/uniejow.pl\/ucop\/aktualnosci\/nabor-viii-bony-rozwojowe-dla-firm-z-wojewodztwa-lodzkiego\/\">Czytaj dalej\u2026<span class=\"screen-reader-text\"> from NAB\u00d3R VIII \u2013 Bony rozwojowe dla firm z wojew\u00f3dztwa \u0142\u00f3dzkiego<\/span><\/a><\/p>\n","protected":false},"author":5,"featured_media":1577,"comment_status":"closed","ping_status":"closed","sticky":false,"template":"","format":"standard","meta":{"_acf_changed":false,"footnotes":""},"categories":[4],"tags":[],"class_list":["post-1576","post","type-post","status-publish","format-standard","has-post-thumbnail","hentry","category-aktualnosci"],"acf":[],"_links":{"self":[{"href":"https:\/\/uniejow.pl\/ucop\/wp-json\/wp\/v2\/posts\/1576","targetHints":{"allow":["GET"]}}],"collection":[{"href":"https:\/\/uniejow.pl\/ucop\/wp-json\/wp\/v2\/posts"}],"about":[{"href":"https:\/\/uniejow.pl\/ucop\/wp-json\/wp\/v2\/types\/post"}],"author":[{"embeddable":true,"href":"https:\/\/uniejow.pl\/ucop\/wp-json\/wp\/v2\/users\/5"}],"replies":[{"embeddable":true,"href":"https:\/\/uniejow.pl\/ucop\/wp-json\/wp\/v2\/comments?post=1576"}],"version-history":[{"count":4,"href":"https:\/\/uniejow.pl\/ucop\/wp-json\/wp\/v2\/posts\/1576\/revisions"}],"predecessor-version":[{"id":1600,"href":"https:\/\/uniejow.pl\/ucop\/wp-json\/wp\/v2\/posts\/1576\/revisions\/1600"}],"wp:featuredmedia":[{"embeddable":true,"href":"https:\/\/uniejow.pl\/ucop\/wp-json\/wp\/v2\/media\/1577"}],"wp:attachment":[{"href":"https:\/\/uniejow.pl\/ucop\/wp-json\/wp\/v2\/media?parent=1576"}],"wp:term":[{"taxonomy":"category","embeddable":true,"href":"https:\/\/uniejow.pl\/ucop\/wp-json\/wp\/v2\/categories?post=1576"},{"taxonomy":"post_tag","embeddable":true,"href":"https:\/\/uniejow.pl\/ucop\/wp-json\/wp\/v2\/tags?post=1576"}],"curies":[{"name":"wp","href":"https:\/\/api.w.org\/{rel}","templated":true}]}}