{"id":1629,"date":"2025-05-02T09:10:00","date_gmt":"2025-05-02T08:10:00","guid":{"rendered":"https:\/\/uniejow.pl\/ucop\/?p=1629"},"modified":"2025-04-30T08:03:26","modified_gmt":"2025-04-30T07:03:26","slug":"tu-i-teraz-bony-rozwojowe-dla-osob-doroslych-z-wojewodztwa-lodzkiego","status":"publish","type":"post","link":"https:\/\/uniejow.pl\/ucop\/aktualnosci\/tu-i-teraz-bony-rozwojowe-dla-osob-doroslych-z-wojewodztwa-lodzkiego\/","title":{"rendered":"Tu i Teraz! \u2013 bony rozwojowe dla os\u00f3b doros\u0142ych z wojew\u00f3dztwa \u0142\u00f3dzkiego"},"content":{"rendered":"\n<p>Projekt \u201eTu i Teraz! \u2013 bony rozwojowe dla os\u00f3b doros\u0142ych z wojew\u00f3dztwa \u0142\u00f3dzkiego\u201d to inicjatywa maj\u0105ca na celu wspieranie mieszka\u0144c\u00f3w regionu w podnoszeniu kwalifikacji zawodowych i rozwijaniu kompetencji. Realizowany jest przez Fundacj\u0119 Wiosna Jesie\u0144 we wsp\u00f3\u0142pracy z \u0141\u00f3dzk\u0105 Izb\u0105 Przemys\u0142owo-Handlow\u0105, przy wsparciu finansowym z Europejskiego Funduszu Spo\u0142ecznego Plus w ramach programu Fundusze Europejskie dla \u0141\u00f3dzkiego 2021\u20132027. <\/p>\n\n\n\n<h3 class=\"wp-block-heading\">Cele i za\u0142o\u017cenia projektu<\/h3>\n\n\n\n<p>G\u0142\u00f3wnym celem projektu jest umo\u017cliwienie co najmniej 90% z 1800 uczestnik\u00f3w podniesienia lub zmiany kwalifikacji zawodowych poprzez dost\u0119p do r\u00f3\u017cnorodnych us\u0142ug rozwojowych dost\u0119pnych w Bazie Us\u0142ug Rozwojowych (BUR). Projekt skierowany jest do os\u00f3b fizycznych ucz\u0105cych si\u0119, pracuj\u0105cych lub zamieszkuj\u0105cych na terenie wojew\u00f3dztwa \u0142\u00f3dzkiego, kt\u00f3re z w\u0142asnej inicjatywy chc\u0105 rozwija\u0107 swoje umiej\u0119tno\u015bci zawodowe. <\/p>\n\n\n\n<h3 class=\"wp-block-heading\">Zakres wsparcia<\/h3>\n\n\n\n<p>Uczestnicy projektu mog\u0105 skorzysta\u0107 z dofinansowania w wysoko\u015bci 93% koszt\u00f3w nast\u0119puj\u0105cych us\u0142ug: <\/p>\n\n\n\n<ul class=\"wp-block-list\">\n<li>szkolenia<\/li>\n\n\n\n<li>doradztwo<\/li>\n\n\n\n<li>studia podyplomowe<\/li>\n\n\n\n<li>egzaminy<\/li>\n<\/ul>\n\n\n\n<p>Pozosta\u0142e 7% koszt\u00f3w pokrywa uczestnik jako wk\u0142ad w\u0142asny. Wszystkie us\u0142ugi musz\u0105 by\u0107 \u015bwiadczone przez podmioty zarejestrowane w BUR, zgodnie z obowi\u0105zuj\u0105cym regulaminem. <\/p>\n\n\n\n<h3 class=\"wp-block-heading\">Harmonogram i finansowanie<\/h3>\n\n\n\n<ul class=\"wp-block-list\">\n<li><strong>Okres realizacji:<\/strong> 1 pa\u017adziernika 2024 r. \u2013 30 wrze\u015bnia 2027 r.<\/li>\n\n\n\n<li><strong>Ca\u0142kowita warto\u015b\u0107 projektu:<\/strong> 16 130 004,00 z\u0142 <\/li>\n<\/ul>\n\n\n\n<h3 class=\"wp-block-heading\">Jak wzi\u0105\u0107 udzia\u0142?<\/h3>\n\n\n\n<p>Aby przyst\u0105pi\u0107 do projektu, nale\u017cy:<\/p>\n\n\n\n<ol class=\"wp-block-list\">\n<li>Zarejestrowa\u0107 si\u0119 w Bazie Us\u0142ug Rozwojowych (BUR).<\/li>\n\n\n\n<li>Wybra\u0107 odpowiedni\u0105 us\u0142ug\u0119 rozwojow\u0105.<\/li>\n\n\n\n<li>Z\u0142o\u017cy\u0107 wniosek o dofinansowanie poprzez system operatora.<\/li>\n\n\n\n<li>Po zatwierdzeniu wniosku, podpisa\u0107 umow\u0119 wsparcia.<\/li>\n\n\n\n<li>Zrealizowa\u0107 wybran\u0105 us\u0142ug\u0119 i dokona\u0107 jej rozliczenia.<\/li>\n<\/ol>\n\n\n\n<p>Szczeg\u00f3\u0142owe informacje oraz formularze zg\u0142oszeniowe dost\u0119pne s\u0105 na stronie projektu: <a href=\"https:\/\/psfoperator.eu\/fwj\/\">https:\/\/psfoperator.eu\/fwj\/<\/a>.<\/p>\n\n\n\n<h3 class=\"wp-block-heading\">Kontakt<\/h3>\n\n\n\n<p>W przypadku pyta\u0144 lub potrzeby uzyskania dodatkowych informacji, mo\u017cna skontaktowa\u0107 si\u0119 z operatorem projektu:<\/p>\n\n\n\n<ul class=\"wp-block-list\">\n<li><strong>Fundacja Wiosna Jesie\u0144<\/strong><\/li>\n\n\n\n<li><strong>\u0141\u00f3dzka Izba Przemys\u0142owo-Handlowa<\/strong><\/li>\n<\/ul>\n\n\n\n<p>Projekt \u201eTu i Teraz!\u201d stanowi doskona\u0142\u0105 okazj\u0119 dla mieszka\u0144c\u00f3w wojew\u00f3dztwa \u0142\u00f3dzkiego do inwestowania w sw\u00f3j rozw\u00f3j zawodowy, co przyczynia si\u0119 do zwi\u0119kszenia konkurencyjno\u015bci na rynku pracy oraz adaptacji do zmieniaj\u0105cych si\u0119 warunk\u00f3w gospodarczych.<\/p>\n\n\n\n<p>\u017ar\u00f3d\u0142o: <a href=\"https:\/\/psfoperator.eu\/fwj\/#opis\">https:\/\/psfoperator.eu\/fwj\/#opis<\/a><\/p>\n\n\n\n<p>Wi\u0119cej informacji o aktualnych naborach znajduje si\u0119 w zak\u0142adce <a href=\"https:\/\/uniejow.pl\/ucop\/baza-wiedzy\/\">BAZA WIEDZY<\/a>.<\/p>\n\n\n\n<p>AS<\/p>\n\n\n\n<p><\/p>\n","protected":false},"excerpt":{"rendered":"<p>Projekt \u201eTu i Teraz! \u2013 bony rozwojowe dla os\u00f3b doros\u0142ych z wojew\u00f3dztwa \u0142\u00f3dzkiego\u201d to inicjatywa maj\u0105ca na celu wspieranie mieszka\u0144c\u00f3w [&#8230;]<\/p>\n<p><a class=\"btn btn-secondary understrap-read-more-link\" href=\"https:\/\/uniejow.pl\/ucop\/aktualnosci\/tu-i-teraz-bony-rozwojowe-dla-osob-doroslych-z-wojewodztwa-lodzkiego\/\">Czytaj dalej\u2026<span class=\"screen-reader-text\"> from Tu i Teraz! \u2013 bony rozwojowe dla os\u00f3b doros\u0142ych z wojew\u00f3dztwa \u0142\u00f3dzkiego<\/span><\/a><\/p>\n","protected":false},"author":2,"featured_media":1631,"comment_status":"closed","ping_status":"closed","sticky":false,"template":"","format":"standard","meta":{"_acf_changed":false,"footnotes":""},"categories":[4],"tags":[],"class_list":["post-1629","post","type-post","status-publish","format-standard","has-post-thumbnail","hentry","category-aktualnosci"],"acf":[],"_links":{"self":[{"href":"https:\/\/uniejow.pl\/ucop\/wp-json\/wp\/v2\/posts\/1629","targetHints":{"allow":["GET"]}}],"collection":[{"href":"https:\/\/uniejow.pl\/ucop\/wp-json\/wp\/v2\/posts"}],"about":[{"href":"https:\/\/uniejow.pl\/ucop\/wp-json\/wp\/v2\/types\/post"}],"author":[{"embeddable":true,"href":"https:\/\/uniejow.pl\/ucop\/wp-json\/wp\/v2\/users\/2"}],"replies":[{"embeddable":true,"href":"https:\/\/uniejow.pl\/ucop\/wp-json\/wp\/v2\/comments?post=1629"}],"version-history":[{"count":1,"href":"https:\/\/uniejow.pl\/ucop\/wp-json\/wp\/v2\/posts\/1629\/revisions"}],"predecessor-version":[{"id":1630,"href":"https:\/\/uniejow.pl\/ucop\/wp-json\/wp\/v2\/posts\/1629\/revisions\/1630"}],"wp:featuredmedia":[{"embeddable":true,"href":"https:\/\/uniejow.pl\/ucop\/wp-json\/wp\/v2\/media\/1631"}],"wp:attachment":[{"href":"https:\/\/uniejow.pl\/ucop\/wp-json\/wp\/v2\/media?parent=1629"}],"wp:term":[{"taxonomy":"category","embeddable":true,"href":"https:\/\/uniejow.pl\/ucop\/wp-json\/wp\/v2\/categories?post=1629"},{"taxonomy":"post_tag","embeddable":true,"href":"https:\/\/uniejow.pl\/ucop\/wp-json\/wp\/v2\/tags?post=1629"}],"curies":[{"name":"wp","href":"https:\/\/api.w.org\/{rel}","templated":true}]}}