{"id":1661,"date":"2025-05-08T09:07:56","date_gmt":"2025-05-08T08:07:56","guid":{"rendered":"https:\/\/uniejow.pl\/ucop\/?p=1661"},"modified":"2025-05-06T09:09:08","modified_gmt":"2025-05-06T08:09:08","slug":"beauty-days-2025","status":"publish","type":"post","link":"https:\/\/uniejow.pl\/ucop\/aktualnosci\/beauty-days-2025\/","title":{"rendered":"Beauty Days 2025"},"content":{"rendered":"\n<p><strong>Beauty Days 2025 \u2013 Strategiczna platforma rozwoju i innowacji dla bran\u017cy kosmetycznej i us\u0142ug beauty<\/strong><\/p>\n\n\n\n<p>W dniach <strong>5\u20137 wrze\u015bnia 2025 roku<\/strong> w centrum targowym <strong>Ptak Warsaw Expo<\/strong> w Nadarzynie odb\u0119dzie si\u0119 <strong>7. edycja Beauty Days<\/strong> \u2013 najwi\u0119kszych targ\u00f3w kosmetycznych i fryzjerskich w Polsce. Wydarzenie to stanowi kluczow\u0105 platform\u0119 dla profesjonalist\u00f3w z sektora beauty, oferuj\u0105c szerok\u0105 gam\u0119 mo\u017cliwo\u015bci edukacyjnych, biznesowych i networkingowych.<\/p>\n\n\n\n<p><strong>Kompleksowa oferta dla bran\u017cy<\/strong><\/p>\n\n\n\n<p>Beauty Days 2025 zgromadzi producent\u00f3w i dystrybutor\u00f3w kosmetyk\u00f3w, sprz\u0119tu kosmetycznego, odzie\u017cy bran\u017cowej oraz akcesori\u00f3w fryzjerskich. W\u015br\u00f3d odwiedzaj\u0105cych znajd\u0105 si\u0119 w\u0142a\u015bciciele salon\u00f3w kosmetycznych i fryzjerskich, kosmetolodzy, makija\u017cy\u015bci oraz specjali\u015bci ds. piel\u0119gnacji sk\u00f3ry. Targi obejm\u0105 takie sektory jak kosmetologia, fryzjerstwo, makija\u017c, manicure\/pedicure, SPA i wellness.<\/p>\n\n\n\n<p><strong>Beauty Innovation Congress<\/strong><\/p>\n\n\n\n<p>Integraln\u0105 cz\u0119\u015bci\u0105 wydarzenia b\u0119dzie <strong>Beauty Innovation Congress<\/strong> \u2013 konferencja dedykowana innowacjom w bran\u017cy beauty. Uczestnicy b\u0119d\u0105 mieli okazj\u0119 zapozna\u0107 si\u0119 z najnowszymi trendami i technologiami, kt\u00f3re kszta\u0142tuj\u0105 przysz\u0142o\u015b\u0107 kosmetyki. Kongres stanowi doskona\u0142\u0105 okazj\u0119 do zdobycia wiedzy i nawi\u0105zania warto\u015bciowych kontakt\u00f3w biznesowych.<\/p>\n\n\n\n<p><strong>Wydarzenia towarzysz\u0105ce<\/strong><\/p>\n\n\n\n<p>Podczas targ\u00f3w odb\u0119d\u0105 si\u0119 r\u00f3wnie\u017c <strong>mistrzostwa stylizacji brwi i rz\u0119s LASH&amp;BROW HERO<\/strong>, skierowane do stylistek pragn\u0105cych podnie\u015b\u0107 swoje kwalifikacje i \u015bwiadczy\u0107 us\u0142ugi na najwy\u017cszym poziomie. Dodatkowo, planowane s\u0105 <strong>pierwsze Mistrzostwa Manicure Tytanowego w Polsce<\/strong>, podzielone na kategorie &#8222;Technical Master&#8221; i &#8222;Art Master&#8221;, oferuj\u0105ce uczestnikom mo\u017cliwo\u015b\u0107 rywalizacji i zdobycia nagr\u00f3d finansowych oraz szkoleniowych.<\/p>\n\n\n\n<p><strong>Rejestracja i udzia\u0142<\/strong><\/p>\n\n\n\n<p>Rejestracja na Beauty Days 2025 jest ju\u017c otwarta. Udzia\u0142 w wydarzeniu jest bezp\u0142atny dla os\u00f3b, kt\u00f3re dokonaj\u0105 rejestracji online lub w biurze targowym. Wi\u0119cej informacji oraz formularz rejestracyjny dost\u0119pne s\u0105 na oficjalnej stronie targ\u00f3w: <a href=\"https:\/\/beautydays.pl\/\">beautydays.pl<\/a>. Beauty Days 2025 to nie tylko prezentacja najnowszych produkt\u00f3w i us\u0142ug, ale przede wszystkim miejsce wymiany wiedzy, do\u015bwiadcze\u0144 i nawi\u0105zywania relacji biznesowych. Dla przedsi\u0119biorc\u00f3w z Uniejowa i regionu \u0142\u00f3dzkiego udzia\u0142 w tym wydarzeniu stanowi doskona\u0142\u0105 okazj\u0119 do rozwoju i poszerzenia horyzont\u00f3w w dynamicznie rozwijaj\u0105cej si\u0119 bran\u017cy beauty.<\/p>\n\n\n\n<p><\/p>\n\n\n\n<p>WM<\/p>\n\n\n\n<p><\/p>\n","protected":false},"excerpt":{"rendered":"<p>Beauty Days 2025 \u2013 Strategiczna platforma rozwoju i innowacji dla bran\u017cy kosmetycznej i us\u0142ug beauty W dniach 5\u20137 wrze\u015bnia 2025 [&#8230;]<\/p>\n<p><a class=\"btn btn-secondary understrap-read-more-link\" href=\"https:\/\/uniejow.pl\/ucop\/aktualnosci\/beauty-days-2025\/\">Czytaj dalej\u2026<span class=\"screen-reader-text\"> from Beauty Days 2025<\/span><\/a><\/p>\n","protected":false},"author":2,"featured_media":1662,"comment_status":"closed","ping_status":"closed","sticky":false,"template":"","format":"standard","meta":{"_acf_changed":false,"footnotes":""},"categories":[4],"tags":[],"class_list":["post-1661","post","type-post","status-publish","format-standard","has-post-thumbnail","hentry","category-aktualnosci"],"acf":[],"_links":{"self":[{"href":"https:\/\/uniejow.pl\/ucop\/wp-json\/wp\/v2\/posts\/1661","targetHints":{"allow":["GET"]}}],"collection":[{"href":"https:\/\/uniejow.pl\/ucop\/wp-json\/wp\/v2\/posts"}],"about":[{"href":"https:\/\/uniejow.pl\/ucop\/wp-json\/wp\/v2\/types\/post"}],"author":[{"embeddable":true,"href":"https:\/\/uniejow.pl\/ucop\/wp-json\/wp\/v2\/users\/2"}],"replies":[{"embeddable":true,"href":"https:\/\/uniejow.pl\/ucop\/wp-json\/wp\/v2\/comments?post=1661"}],"version-history":[{"count":1,"href":"https:\/\/uniejow.pl\/ucop\/wp-json\/wp\/v2\/posts\/1661\/revisions"}],"predecessor-version":[{"id":1663,"href":"https:\/\/uniejow.pl\/ucop\/wp-json\/wp\/v2\/posts\/1661\/revisions\/1663"}],"wp:featuredmedia":[{"embeddable":true,"href":"https:\/\/uniejow.pl\/ucop\/wp-json\/wp\/v2\/media\/1662"}],"wp:attachment":[{"href":"https:\/\/uniejow.pl\/ucop\/wp-json\/wp\/v2\/media?parent=1661"}],"wp:term":[{"taxonomy":"category","embeddable":true,"href":"https:\/\/uniejow.pl\/ucop\/wp-json\/wp\/v2\/categories?post=1661"},{"taxonomy":"post_tag","embeddable":true,"href":"https:\/\/uniejow.pl\/ucop\/wp-json\/wp\/v2\/tags?post=1661"}],"curies":[{"name":"wp","href":"https:\/\/api.w.org\/{rel}","templated":true}]}}