{"id":1788,"date":"2025-05-15T08:34:57","date_gmt":"2025-05-15T07:34:57","guid":{"rendered":"https:\/\/uniejow.pl\/ucop\/?p=1788"},"modified":"2025-05-15T08:38:33","modified_gmt":"2025-05-15T07:38:33","slug":"fundusze-europejskie-dla-msp","status":"publish","type":"post","link":"https:\/\/uniejow.pl\/ucop\/aktualnosci\/fundusze-europejskie-dla-msp\/","title":{"rendered":"Fundusze Europejskie dla M\u015aP"},"content":{"rendered":"\n<p><strong>Fundusze Europejskie dla M\u015aP \u2013 konkretne wsparcie dla przedsi\u0119biorc\u00f3w z regionu. Spotkanie informacyjne w Sieradzu<\/strong><\/p>\n\n\n\n<p>14 maja 2025 r. w Lokalnym Punkcie Informacyjnym Funduszy Europejskich w Sieradzu odby\u0142o si\u0119 spotkanie dla mikro, ma\u0142ych i \u015brednich przedsi\u0119biorstw (M\u015aP), podczas kt\u00f3rego om\u00f3wiono aktualne i planowane formy wsparcia dost\u0119pne z Funduszy Europejskich oraz krajowych instrument\u00f3w finansowych. Uniejowskie Centrum Obs\u0142ugi Przedsi\u0119biorcy r\u00f3wnie\u017c bra\u0142o w nim udzia\u0142. Poni\u017cej przedstawiamy skr\u00f3towe informacje o dost\u0119pnym wsparciu:<\/p>\n\n\n\n<ol class=\"wp-block-list\">\n<li><strong>Lift_Up \u2013 akcelerator dla innowator\u00f3w<\/strong><\/li>\n<\/ol>\n\n\n\n<p>     <strong>FELD.01.05 Konkurencyjno\u015b\u0107 w M\u015aP \u2013 Akcelerator Lift_Up<\/strong> to program grantowy wspieraj\u0105cy firmy w:<\/p>\n\n\n\n<ul class=\"wp-block-list\">\n<li>wdra\u017caniu rozwi\u0105za\u0144 Przemys\u0142u 4.0,<\/li>\n\n\n\n<li>internacjonalizacji dzia\u0142alno\u015bci,<\/li>\n\n\n\n<li>korzystaniu z doradztwa specjalistycznego,<\/li>\n\n\n\n<li>budowaniu relacji biznesowych.<\/li>\n<\/ul>\n\n\n\n<p>Nab\u00f3r rusza w czerwcu 2025 r.<br><a href=\"https:\/\/innowatorelektrotechniki.pl\/program-akceleracyjny-lift_up\/\">Wi\u0119cej informacji<\/a><\/p>\n\n\n\n<p><\/p>\n\n\n\n<p>2. <strong>Transformacja przemys\u0142u \u2013 FELD.09.01<\/strong><\/p>\n\n\n\n<p>Program skierowany do firm inwestuj\u0105cych w rozw\u00f3j produkcji i nowe technologie Przemys\u0142u 4.0. Nab\u00f3r trwa do 30 czerwca 2025 r. Finansowane b\u0119d\u0105:<\/p>\n\n\n\n<ul class=\"wp-block-list\">\n<li>inwestycje zwi\u0119kszaj\u0105ce zdolno\u015bci produkcyjne,<\/li>\n\n\n\n<li>cyfryzacja i automatyzacja proces\u00f3w.<\/li>\n<\/ul>\n\n\n\n<p><\/p>\n\n\n\n<p>3. <strong>\u015acie\u017cka SMART \u2013 kompleksowe finansowanie innowacji<\/strong><\/p>\n\n\n\n<p>\u015acie\u017cka SMART to elastyczny pakiet finansowania m.in. na:<\/p>\n\n\n\n<ul class=\"wp-block-list\">\n<li>badania i rozw\u00f3j (B+R),<\/li>\n\n\n\n<li>wdro\u017cenia wynik\u00f3w B+R,<\/li>\n\n\n\n<li>budow\u0119 i rozbudow\u0119 centr\u00f3w badawczo-rozwojowych,<\/li>\n\n\n\n<li>cyfryzacj\u0119 i cyberbezpiecze\u0144stwo,<\/li>\n\n\n\n<li>transformacj\u0119 ekologiczn\u0105 (GOZ, efektywno\u015b\u0107 energetyczna),<\/li>\n\n\n\n<li>promocj\u0119 zagraniczn\u0105 (internacjonalizacja),<\/li>\n\n\n\n<li>rozw\u00f3j kompetencji kadry.<\/li>\n<\/ul>\n\n\n\n<p>Poziom wsparcia: 15%\u201380%. Nabory trwaj\u0105 do 12 i 26 czerwca 2025 r. Prowadzi je Polska Agencja Rozwoju Przedsi\u0119biorczo\u015bci.<\/p>\n\n\n\n<p><\/p>\n\n\n\n<p>4. <strong>Kredyt ekologiczny BGK<\/strong><\/p>\n\n\n\n<p>Start sk\u0142adania wniosk\u00f3w: 24 pa\u017adziernika 2025 r.<br>Zako\u0144czenie: 8 stycznia 2026 r.<br>Minimalna warto\u015b\u0107 projektu: 2 mln z\u0142<\/p>\n\n\n\n<p>Dofinansowanie obejmuje:<\/p>\n\n\n\n<ul class=\"wp-block-list\">\n<li>modernizacj\u0119 infrastruktury,<\/li>\n\n\n\n<li>instalacj\u0119 OZE,<\/li>\n\n\n\n<li>wymian\u0119 urz\u0105dze\u0144 i maszyn,<\/li>\n\n\n\n<li>termomodernizacj\u0119 budynk\u00f3w.<\/li>\n<\/ul>\n\n\n\n<p>Wymagana oszcz\u0119dno\u015b\u0107 energii pierwotnej: minimum 30%.<\/p>\n\n\n\n<p><\/p>\n\n\n\n<p>5. <strong>Bony rozwojowe \u2013 szkolenia, doradztwo i studia podyplomowe<\/strong><\/p>\n\n\n\n<p>Program FELD.08.02 oferuje:<\/p>\n\n\n\n<ul class=\"wp-block-list\">\n<li>szkolenia i doradztwo do 100 z\u0142\/h,<\/li>\n\n\n\n<li>studia podyplomowe do 20 z\u0142\/h,<\/li>\n\n\n\n<li>refundacj\u0119 koszt\u00f3w egzamin\u00f3w do 300 z\u0142\/h.<\/li>\n<\/ul>\n\n\n\n<p>Maksymalne wsparcie: 10 000 z\u0142 na pracownika. Wk\u0142ad w\u0142asny wymagany.<\/p>\n\n\n\n<p>Operatorzy wsparcia:<\/p>\n\n\n\n<p>1)\u0141\u00f3dzka Agencja Rozwoju Regionalnego S.A. \u2013 projekt pn. Bon -apetyt na rozw\u00f3j 2<\/p>\n\n\n\n<p>2)\u0141\u00f3dzki Dom Biznesu &#8211; projekt pn. Mennica Us\u0142ug Szkoleniowych 2<\/p>\n\n\n\n<p>3) HRP Grantssp. z o.o. &#8211; projekt pn. Przepis na Rozw\u00f3j 4<\/p>\n\n\n\n<p>4)\u0141\u00f3dzka Specjalna Strefa Ekonomiczna S.A &#8211; projekt pn. Strefa RozwoYou3.0<\/p>\n\n\n\n<p>5)\u0141\u00f3dzka Izba Przemys\u0142owo-Handlowa &#8211; projekt pn. Bony rozwojowe dla pracodawc\u00f3w z terenu wojew\u00f3dztwa \u0142\u00f3dzkiego<\/p>\n\n\n\n<p>6)Fundacja Rozwoju Gminy Zel\u00f3w \u2013 projekt pn. Bony rozwojowe dla \u0142\u00f3dzkiego<\/p>\n\n\n\n<p><\/p>\n\n\n\n<p class=\"has-text-align-center\"><strong>Po\u017cyczki dla M\u015aP \u2013 konkretne wsparcie inwestycyjne<\/strong><\/p>\n\n\n\n<ol class=\"wp-block-list\">\n<li><strong>Po\u017cyczka na inwestycje w M\u015aP<\/strong><\/li>\n<\/ol>\n\n\n\n<p>Dla kogo: M\u015aP z woj. \u0142\u00f3dzkiego<br>Na co:<\/p>\n\n\n\n<ul class=\"wp-block-list\">\n<li>zakup maszyn i urz\u0105dze\u0144,<\/li>\n\n\n\n<li>rozbudowa linii produkcyjnych,<\/li>\n\n\n\n<li>transformacja cyfrowa (np. oprogramowanie, systemy TIK),<\/li>\n\n\n\n<li>zwi\u0119kszenie mocy produkcyjnych,<\/li>\n\n\n\n<li>projekty poprawiaj\u0105ce efektywno\u015b\u0107 energetyczn\u0105 (jako element inwestycji).<\/li>\n<\/ul>\n\n\n\n<p>Parametry:<\/p>\n\n\n\n<ul class=\"wp-block-list\">\n<li>do 3 mln z\u0142,<\/li>\n\n\n\n<li>do 7 lat sp\u0142aty,<\/li>\n\n\n\n<li>oprocentowanie od 2%,<\/li>\n\n\n\n<li>bez wk\u0142adu w\u0142asnego,<\/li>\n\n\n\n<li>preferencje dla miast \u015brednich i projekt\u00f3w wpisuj\u0105cych si\u0119 w RIS.<\/li>\n<\/ul>\n\n\n\n<p><\/p>\n\n\n\n<p>2. <strong>Po\u017cyczka GOZ (Gospodarka o obiegu zamkni\u0119tym)<\/strong><\/p>\n\n\n\n<p>Dla kogo: M\u015aP z woj. \u0142\u00f3dzkiego<br>Na co:<\/p>\n\n\n\n<ul class=\"wp-block-list\">\n<li>wdro\u017cenie wynik\u00f3w B+R dotycz\u0105cych GOZ,<\/li>\n\n\n\n<li>ekoprojektowanie produkt\u00f3w i opakowa\u0144,<\/li>\n\n\n\n<li>zmiany w procesach produkcyjnych\/us\u0142ugowych,<\/li>\n\n\n\n<li>zakup maszyn i urz\u0105dze\u0144 dla GOZ,<\/li>\n\n\n\n<li>oprogramowanie specjalistyczne,<\/li>\n\n\n\n<li>audyty \u015brodowiskowe i prace koncepcyjne.<\/li>\n<\/ul>\n\n\n\n<p>Parametry:<\/p>\n\n\n\n<ul class=\"wp-block-list\">\n<li>do 2 mln z\u0142,<\/li>\n\n\n\n<li>oprocentowanie od 0%,<\/li>\n\n\n\n<li>mo\u017cliwo\u015b\u0107 umorzenia do 300 tys. z\u0142 (15% po\u017cyczki).<\/li>\n<\/ul>\n\n\n\n<p><\/p>\n\n\n\n<p>3. <strong>Po\u017cyczka na efektywno\u015b\u0107 energetyczn\u0105<\/strong><\/p>\n\n\n\n<p>Dla kogo: M\u015aP z woj. \u0142\u00f3dzkiego<br>Na co:<\/p>\n\n\n\n<ul class=\"wp-block-list\">\n<li>ocieplenie budynk\u00f3w,<\/li>\n\n\n\n<li>wymiana stolarki okiennej i drzwiowej,<\/li>\n\n\n\n<li>modernizacja system\u00f3w grzewczych,<\/li>\n\n\n\n<li>instalacje OZE,<\/li>\n\n\n\n<li>wentylacja, klimatyzacja,<\/li>\n\n\n\n<li>systemy zarz\u0105dzania energi\u0105.<\/li>\n<\/ul>\n\n\n\n<p>Parametry:<\/p>\n\n\n\n<ul class=\"wp-block-list\">\n<li>do 5 mln z\u0142,<\/li>\n\n\n\n<li>oprocentowanie 1%,<\/li>\n\n\n\n<li>do 10 lat sp\u0142aty,<\/li>\n\n\n\n<li>umorzenie 10% przy oszcz\u0119dno\u015bci \u2265 40%.<\/li>\n<\/ul>\n\n\n\n<p><\/p>\n\n\n\n<p>4. <strong>Po\u017cyczka na OZE z dotacj\u0105<\/strong><\/p>\n\n\n\n<p>Dla kogo: przedsi\u0119biorstwa wszystkich wielko\u015bci<br>Na co:<\/p>\n\n\n\n<ul class=\"wp-block-list\">\n<li>instalacje do produkcji energii elektrycznej i cieplnej z OZE,<\/li>\n\n\n\n<li>magazyny energii,<\/li>\n\n\n\n<li>przy\u0142\u0105cza do sieci,<\/li>\n\n\n\n<li>infrastruktura dla OZE (np. fotowoltaika, biogaz, energia geotermalna).<\/li>\n<\/ul>\n\n\n\n<p>Parametry:<\/p>\n\n\n\n<ul class=\"wp-block-list\">\n<li>do 5 mln z\u0142,<\/li>\n\n\n\n<li>oprocentowanie 1%,<\/li>\n\n\n\n<li>do 10 lat sp\u0142aty,<\/li>\n\n\n\n<li>umorzenie 15% warto\u015bci po\u017cyczki.<\/li>\n<\/ul>\n\n\n\n<p><\/p>\n\n\n\n<p>5. <strong>Po\u017cyczka na rozw\u00f3j kultury i turystyki<\/strong><\/p>\n\n\n\n<p>Dla kogo: M\u015aP, JST, instytucje publiczne<br>Na co:<\/p>\n\n\n\n<ul class=\"wp-block-list\">\n<li>modernizacja i budowa infrastruktury kulturalnej i turystycznej,<\/li>\n\n\n\n<li>tworzenie szlak\u00f3w tematycznych,<\/li>\n\n\n\n<li>dostosowanie obiekt\u00f3w do potrzeb os\u00f3b z niepe\u0142nosprawno\u015bciami,<\/li>\n\n\n\n<li>dzia\u0142ania w obiektach zabytkowych.<\/li>\n<\/ul>\n\n\n\n<p>Parametry:<\/p>\n\n\n\n<ul class=\"wp-block-list\">\n<li>do 5 mln z\u0142,<\/li>\n\n\n\n<li>oprocentowanie 2% (1% dla wybranych lokalizacji),<\/li>\n\n\n\n<li>do 10 lat sp\u0142aty.<\/li>\n<\/ul>\n\n\n\n<p><\/p>\n\n\n\n<p>6. <strong>Regionalna Po\u017cyczka Hipoteczno-Modernizacyjna<\/strong><\/p>\n\n\n\n<p>Dla kogo: M\u015aP z woj. \u0142\u00f3dzkiego<br>Na co:<\/p>\n\n\n\n<ul class=\"wp-block-list\">\n<li>zakup nieruchomo\u015bci (grunt\u00f3w, budynk\u00f3w) na dzia\u0142alno\u015b\u0107,<\/li>\n\n\n\n<li>modernizacja zakupionych lub ju\u017c posiadanych nieruchomo\u015bci.<\/li>\n<\/ul>\n\n\n\n<p>Parametry:<\/p>\n\n\n\n<ul class=\"wp-block-list\">\n<li>do 1,5 mln z\u0142,<\/li>\n\n\n\n<li>oprocentowanie od 3,14%,<\/li>\n\n\n\n<li>sp\u0142ata do 10 lat,<\/li>\n\n\n\n<li>brak wk\u0142adu w\u0142asnego.<\/li>\n<\/ul>\n\n\n\n<p class=\"has-text-align-center\"><strong>Doradztwo i wsparcie eksperckie<\/strong><\/p>\n\n\n\n<p><\/p>\n\n\n\n<ol class=\"wp-block-list\">\n<li><strong>STEP \u2013 Sprawdzimy Tw\u00f3j Eksperymentalny Pomys\u0142<\/strong><\/li>\n<\/ol>\n\n\n\n<p>Bezp\u0142atna ekspercka analiza pomys\u0142\u00f3w na projekt. Pomaga lepiej przygotowa\u0107 wnioski o dofinansowanie w ramach FENG.<\/p>\n\n\n\n<p><\/p>\n\n\n\n<p>2. <strong>Innovation Coach<\/strong><\/p>\n\n\n\n<p>Program dla firm bez do\u015bwiadczenia w B+R, kt\u00f3re chc\u0105 rozpocz\u0105\u0107 dzia\u0142alno\u015b\u0107 innowacyjn\u0105. U\u0142atwia wej\u015bcie w \u015bwiat bada\u0144, innowacji i komercjalizacji.<\/p>\n\n\n\n<p><\/p>\n\n\n\n<p><\/p>\n\n\n\n<p>AS<\/p>\n","protected":false},"excerpt":{"rendered":"<p>Fundusze Europejskie dla M\u015aP \u2013 konkretne wsparcie dla przedsi\u0119biorc\u00f3w z regionu. Spotkanie informacyjne w Sieradzu 14 maja 2025 r. w [&#8230;]<\/p>\n<p><a class=\"btn btn-secondary understrap-read-more-link\" href=\"https:\/\/uniejow.pl\/ucop\/aktualnosci\/fundusze-europejskie-dla-msp\/\">Czytaj dalej\u2026<span class=\"screen-reader-text\"> from Fundusze Europejskie dla M\u015aP<\/span><\/a><\/p>\n","protected":false},"author":2,"featured_media":1789,"comment_status":"closed","ping_status":"closed","sticky":false,"template":"","format":"standard","meta":{"_acf_changed":false,"footnotes":""},"categories":[4],"tags":[],"class_list":["post-1788","post","type-post","status-publish","format-standard","has-post-thumbnail","hentry","category-aktualnosci"],"acf":[],"_links":{"self":[{"href":"https:\/\/uniejow.pl\/ucop\/wp-json\/wp\/v2\/posts\/1788","targetHints":{"allow":["GET"]}}],"collection":[{"href":"https:\/\/uniejow.pl\/ucop\/wp-json\/wp\/v2\/posts"}],"about":[{"href":"https:\/\/uniejow.pl\/ucop\/wp-json\/wp\/v2\/types\/post"}],"author":[{"embeddable":true,"href":"https:\/\/uniejow.pl\/ucop\/wp-json\/wp\/v2\/users\/2"}],"replies":[{"embeddable":true,"href":"https:\/\/uniejow.pl\/ucop\/wp-json\/wp\/v2\/comments?post=1788"}],"version-history":[{"count":3,"href":"https:\/\/uniejow.pl\/ucop\/wp-json\/wp\/v2\/posts\/1788\/revisions"}],"predecessor-version":[{"id":1793,"href":"https:\/\/uniejow.pl\/ucop\/wp-json\/wp\/v2\/posts\/1788\/revisions\/1793"}],"wp:featuredmedia":[{"embeddable":true,"href":"https:\/\/uniejow.pl\/ucop\/wp-json\/wp\/v2\/media\/1789"}],"wp:attachment":[{"href":"https:\/\/uniejow.pl\/ucop\/wp-json\/wp\/v2\/media?parent=1788"}],"wp:term":[{"taxonomy":"category","embeddable":true,"href":"https:\/\/uniejow.pl\/ucop\/wp-json\/wp\/v2\/categories?post=1788"},{"taxonomy":"post_tag","embeddable":true,"href":"https:\/\/uniejow.pl\/ucop\/wp-json\/wp\/v2\/tags?post=1788"}],"curies":[{"name":"wp","href":"https:\/\/api.w.org\/{rel}","templated":true}]}}