{"id":1800,"date":"2025-05-16T07:55:28","date_gmt":"2025-05-16T06:55:28","guid":{"rendered":"https:\/\/uniejow.pl\/ucop\/?p=1800"},"modified":"2025-05-16T07:55:58","modified_gmt":"2025-05-16T06:55:58","slug":"misja-gospodarcza-na-targi-cosme-osaka-2025-szansa-dla-branzy-kosmetycznej","status":"publish","type":"post","link":"https:\/\/uniejow.pl\/ucop\/aktualnosci\/misja-gospodarcza-na-targi-cosme-osaka-2025-szansa-dla-branzy-kosmetycznej\/","title":{"rendered":"Misja gospodarcza na targi COSME OSAKA 2025 \u2013 szansa dla bran\u017cy kosmetycznej"},"content":{"rendered":"\n<p>Wojew\u00f3dztwo \u0141\u00f3dzkie otwiera drzwi do azjatyckich rynk\u00f3w dla lokalnych firm z sektora kosmetycznego. Przedsi\u0119biorcy mog\u0105 wzi\u0105\u0107 udzia\u0142 w presti\u017cowej misji gospodarczej na targi COSME OSAKA 2025, kt\u00f3re odb\u0119d\u0105 si\u0119 w dniach 24\u201326 wrze\u015bnia w Osace, Japonii. To jedno z kluczowych wydarze\u0144 bran\u017cowych w Azji i doskona\u0142a okazja, by zaistnie\u0107 w globalnej grze.<\/p>\n\n\n\n<h3 class=\"wp-block-heading\">Dlaczego warto?<\/h3>\n\n\n\n<p>COSME OSAKA to nie tylko targi \u2013 to centrum innowacji i trend\u00f3w w \u015bwiecie kosmetyki. Co roku przyci\u0105ga tysi\u0105ce producent\u00f3w, dystrybutor\u00f3w i ekspert\u00f3w z ca\u0142ego \u015bwiata. Udzia\u0142 w wydarzeniu to szansa na:<\/p>\n\n\n\n<ul class=\"wp-block-list\">\n<li>Nawi\u0105zanie kontakt\u00f3w z japo\u0144skimi i mi\u0119dzynarodowymi partnerami<\/li>\n\n\n\n<li>Spotkania B2B z potencjalnymi kontrahentami<\/li>\n\n\n\n<li>Poznanie najnowszych rozwi\u0105za\u0144 i technologii w bran\u017cy beauty i skincare<\/li>\n\n\n\n<li>Promocj\u0119 swoich produkt\u00f3w na skal\u0119 mi\u0119dzynarodow\u0105<\/li>\n\n\n\n<li>Rozw\u00f3j eksportu na rynku japo\u0144skim<\/li>\n<\/ul>\n\n\n\n<h3 class=\"wp-block-heading\">Co zapewnia Wojew\u00f3dztwo \u0141\u00f3dzkie?<\/h3>\n\n\n\n<p>Firmy zakwalifikowane do udzia\u0142u w misji mog\u0105 liczy\u0107 na pe\u0142ne wsparcie organizacyjne i finansowe. Samorz\u0105d wojew\u00f3dztwa pokryje koszty:<\/p>\n\n\n\n<ul class=\"wp-block-list\">\n<li>Transportu i zakwaterowania dla 1 przedstawiciela firmy<\/li>\n\n\n\n<li>Obs\u0142ugi t\u0142umaczeniowej<\/li>\n\n\n\n<li>Transportu materia\u0142\u00f3w promocyjnych i pr\u00f3bek<\/li>\n\n\n\n<li>Ubezpieczenia<\/li>\n\n\n\n<li>Ewentualnych bada\u0144 epidemiologicznych<\/li>\n<\/ul>\n\n\n\n<p>Przedsi\u0119biorcy pokrywaj\u0105 jedynie koszty wy\u017cywienia. Warto\u015b\u0107 udzielonej pomocy de minimis to oko\u0142o 14 000 z\u0142 brutto na firm\u0119.<\/p>\n\n\n\n<h3 class=\"wp-block-heading\">Kto mo\u017ce si\u0119 zg\u0142osi\u0107?<\/h3>\n\n\n\n<p>Misja gospodarcza skierowana jest do mikro, ma\u0142ych i \u015brednich firm:<\/p>\n\n\n\n<ul class=\"wp-block-list\">\n<li>Zarejestrowanych i dzia\u0142aj\u0105cych na terenie wojew\u00f3dztwa \u0142\u00f3dzkiego<\/li>\n\n\n\n<li>Funkcjonuj\u0105cych w sektorach: kosmetycznym, farmaceutycznym lub medycznym<\/li>\n<\/ul>\n\n\n\n<p>Liczba miejsc jest ograniczona \u2013 maksymalnie <strong>6 firm<\/strong>, po jednym reprezentancie ka\u017cda.<\/p>\n\n\n\n<h3 class=\"wp-block-heading\">Jak aplikowa\u0107?<\/h3>\n\n\n\n<p>Rekrutacja trwa <strong>od 16 do 23 maja 2025 r. do godz. 12:00<\/strong>. Aby wzi\u0105\u0107 udzia\u0142, nale\u017cy:<\/p>\n\n\n\n<ol class=\"wp-block-list\">\n<li>Wype\u0142ni\u0107 formularz zg\u0142oszeniowy oraz za\u0142\u0105cznik dotycz\u0105cy pomocy de minimis<\/li>\n\n\n\n<li>Przes\u0142a\u0107 skany podpisanych dokument\u00f3w na adres:<br><a>projekty.miedzynarodowe@lodzkie.pl<\/a><\/li>\n<\/ol>\n\n\n\n<p>Firmy, kt\u00f3re nie zostan\u0105 zakwalifikowane, trafi\u0105 na list\u0119 rezerwow\u0105 \u2013 decyduje liczba punkt\u00f3w i kolejno\u015b\u0107 zg\u0142osze\u0144.<\/p>\n\n\n\n<p>Wyniki naboru zostan\u0105 opublikowane do 21 dni po jego zako\u0144czeniu na stronie <strong><a class=\"\" href=\"http:\/\/www.biznes.lodzkie.pl\">www.biznes.lodzkie.pl<\/a><\/strong><br>Zakwalifikowane firmy podpisz\u0105 umow\u0119 o dofinansowanie.<\/p>\n\n\n\n<p>To nie tylko misja \u2013 to krok w stron\u0119 ekspansji, rozwoju i budowania globalnej marki. Je\u015bli dzia\u0142asz w bran\u017cy kosmetycznej i chcesz pokaza\u0107 si\u0119 \u015bwiatu, COSME OSAKA 2025 to Twoja szansa.<\/p>\n\n\n\n<p>Wi\u0119cej informacji o aktualnych bran\u017cowych wydarzeniach promocyjnych znajdziesz w zak\u0142adce <a href=\"https:\/\/uniejow.pl\/ucop\/baza-wiedzy\/\">BAZA WIEDZY<\/a>.<\/p>\n\n\n\n<p><\/p>\n\n\n\n<p>AS<\/p>\n","protected":false},"excerpt":{"rendered":"<p>Wojew\u00f3dztwo \u0141\u00f3dzkie otwiera drzwi do azjatyckich rynk\u00f3w dla lokalnych firm z sektora kosmetycznego. Przedsi\u0119biorcy mog\u0105 wzi\u0105\u0107 udzia\u0142 w presti\u017cowej misji [&#8230;]<\/p>\n<p><a class=\"btn btn-secondary understrap-read-more-link\" href=\"https:\/\/uniejow.pl\/ucop\/aktualnosci\/misja-gospodarcza-na-targi-cosme-osaka-2025-szansa-dla-branzy-kosmetycznej\/\">Czytaj dalej\u2026<span class=\"screen-reader-text\"> from Misja gospodarcza na targi COSME OSAKA 2025 \u2013 szansa dla bran\u017cy kosmetycznej<\/span><\/a><\/p>\n","protected":false},"author":2,"featured_media":1801,"comment_status":"closed","ping_status":"closed","sticky":false,"template":"","format":"standard","meta":{"_acf_changed":false,"footnotes":""},"categories":[4],"tags":[],"class_list":["post-1800","post","type-post","status-publish","format-standard","has-post-thumbnail","hentry","category-aktualnosci"],"acf":[],"_links":{"self":[{"href":"https:\/\/uniejow.pl\/ucop\/wp-json\/wp\/v2\/posts\/1800","targetHints":{"allow":["GET"]}}],"collection":[{"href":"https:\/\/uniejow.pl\/ucop\/wp-json\/wp\/v2\/posts"}],"about":[{"href":"https:\/\/uniejow.pl\/ucop\/wp-json\/wp\/v2\/types\/post"}],"author":[{"embeddable":true,"href":"https:\/\/uniejow.pl\/ucop\/wp-json\/wp\/v2\/users\/2"}],"replies":[{"embeddable":true,"href":"https:\/\/uniejow.pl\/ucop\/wp-json\/wp\/v2\/comments?post=1800"}],"version-history":[{"count":2,"href":"https:\/\/uniejow.pl\/ucop\/wp-json\/wp\/v2\/posts\/1800\/revisions"}],"predecessor-version":[{"id":1803,"href":"https:\/\/uniejow.pl\/ucop\/wp-json\/wp\/v2\/posts\/1800\/revisions\/1803"}],"wp:featuredmedia":[{"embeddable":true,"href":"https:\/\/uniejow.pl\/ucop\/wp-json\/wp\/v2\/media\/1801"}],"wp:attachment":[{"href":"https:\/\/uniejow.pl\/ucop\/wp-json\/wp\/v2\/media?parent=1800"}],"wp:term":[{"taxonomy":"category","embeddable":true,"href":"https:\/\/uniejow.pl\/ucop\/wp-json\/wp\/v2\/categories?post=1800"},{"taxonomy":"post_tag","embeddable":true,"href":"https:\/\/uniejow.pl\/ucop\/wp-json\/wp\/v2\/tags?post=1800"}],"curies":[{"name":"wp","href":"https:\/\/api.w.org\/{rel}","templated":true}]}}