{"id":1829,"date":"2025-05-22T08:08:45","date_gmt":"2025-05-22T07:08:45","guid":{"rendered":"https:\/\/uniejow.pl\/ucop\/?p=1829"},"modified":"2025-05-22T08:09:14","modified_gmt":"2025-05-22T07:09:14","slug":"bon-apetyt-na-rozwoj-2","status":"publish","type":"post","link":"https:\/\/uniejow.pl\/ucop\/aktualnosci\/bon-apetyt-na-rozwoj-2\/","title":{"rendered":"Bon &#8211; Apetyt na rozw\u00f3j 2"},"content":{"rendered":"\n<p>\u0141\u00f3dzka Agencja Rozwoju Regionalnego S.A. og\u0142asza nowy <strong>nab\u00f3r wniosk\u00f3w w ramach projektu \u201eBon \u2013 apetyt na Rozw\u00f3j 2\u201d<\/strong>, realizowanego z programu Fundusze Europejskie dla \u0141\u00f3dzkiego (FE\u0141) 2021\u20132027. Jest to doskona\u0142a okazja dla przedsi\u0119biorc\u00f3w z wojew\u00f3dztwa \u0142\u00f3dzkiego, kt\u00f3rzy chc\u0105 zainwestowa\u0107 w rozw\u00f3j kompetencji swoich pracownik\u00f3w.<\/p>\n\n\n\n<hr class=\"wp-block-separator has-alpha-channel-opacity\"\/>\n\n\n\n<h3 class=\"wp-block-heading\">Najwa\u017cniejsze informacje o naborze:<\/h3>\n\n\n\n<ul class=\"wp-block-list\">\n<li><strong>Nazwa naboru<\/strong>: NAB\u00d3R IX \u2013 bony kr\u00f3tko- i d\u0142ugoterminowe (np. studia podyplomowe)<\/li>\n\n\n\n<li><strong>Numer projektu<\/strong>: FELD.08.02-IZ.00-0007\/23<\/li>\n\n\n\n<li><strong>Termin sk\u0142adania wniosk\u00f3w<\/strong>:<br>\u25aa\ufe0f <strong>Start<\/strong>: 3 czerwca 2025 r. o godzinie 11:00<br>\u25aa\ufe0f <strong>Zako\u0144czenie<\/strong>: 3 lipca 2025 r. o godzinie 15:00<\/li>\n<\/ul>\n\n\n\n<hr class=\"wp-block-separator has-alpha-channel-opacity\"\/>\n\n\n\n<h3 class=\"wp-block-heading\">Dla kogo jest ten nab\u00f3r?<\/h3>\n\n\n\n<p>Nab\u00f3r skierowany jest do:<\/p>\n\n\n\n<ul class=\"wp-block-list\">\n<li>mikro, ma\u0142ych, \u015brednich i du\u017cych przedsi\u0119biorstw,<\/li>\n\n\n\n<li>pracodawc\u00f3w nieb\u0119d\u0105cych jednostkami sektora finans\u00f3w publicznych,<\/li>\n\n\n\n<li>innych pracodawc\u00f3w maj\u0105cych siedzib\u0119 na terenie wojew\u00f3dztwa \u0142\u00f3dzkiego.<\/li>\n<\/ul>\n\n\n\n<hr class=\"wp-block-separator has-alpha-channel-opacity\"\/>\n\n\n\n<h3 class=\"wp-block-heading\">\u015arodki i limity<\/h3>\n\n\n\n<ul class=\"wp-block-list\">\n<li><strong>Ca\u0142kowita alokacja \u015brodk\u00f3w<\/strong>: 1 250 000,00 z\u0142<\/li>\n\n\n\n<li><strong>Maksymalna warto\u015b\u0107 bonu na jednego pracownika<\/strong>: 7 600,00 z\u0142<\/li>\n\n\n\n<li><strong>Wk\u0142ad w\u0142asny<\/strong>:\n<ul class=\"wp-block-list\">\n<li>Du\u017ce przedsi\u0119biorstwa i pozostali pracodawcy: 50%<\/li>\n\n\n\n<li>\u015arednie przedsi\u0119biorstwa: 40%<\/li>\n\n\n\n<li>Mikro i ma\u0142e firmy oraz wybrane grupy: 15%<\/li>\n<\/ul>\n<\/li>\n<\/ul>\n\n\n\n<h4 class=\"wp-block-heading\">Limity dofinansowania dla firm:<\/h4>\n\n\n\n<figure class=\"wp-block-table\"><table class=\"has-fixed-layout\"><thead><tr><th>Typ firmy<\/th><th>Maksymalna kwota wsparcia<\/th><\/tr><\/thead><tbody><tr><td>Mikro<\/td><td>50 000 z\u0142<\/td><\/tr><tr><td>Ma\u0142e<\/td><td>80 000 z\u0142<\/td><\/tr><tr><td>\u015arednie<\/td><td>100 000 z\u0142<\/td><\/tr><tr><td>Du\u017ce<\/td><td>100 000 z\u0142<\/td><\/tr><tr><td>Pracodawcy spoza sektora finans\u00f3w publicznych<\/td><td>50 000 z\u0142<\/td><\/tr><tr><td>Pozostali pracodawcy<\/td><td>35 000 z\u0142<\/td><\/tr><\/tbody><\/table><\/figure>\n\n\n\n<h3 class=\"wp-block-heading\">Na co mo\u017cna przeznaczy\u0107 bony?<\/h3>\n\n\n\n<p>Bony mog\u0105 zosta\u0107 wykorzystane na:<\/p>\n\n\n\n<ul class=\"wp-block-list\">\n<li>kr\u00f3tkoterminowe formy rozwoju (np. kursy zawodowe, szkolenia, certyfikacje),<\/li>\n\n\n\n<li>d\u0142ugoterminowe dzia\u0142ania edukacyjne (np. studia podyplomowe).<\/li>\n<\/ul>\n\n\n\n<p>To doskona\u0142a szansa na zwi\u0119kszenie kompetencji pracownik\u00f3w, popraw\u0119 konkurencyjno\u015bci firmy i dostosowanie si\u0119 do dynamicznych zmian na rynku pracy.<\/p>\n\n\n\n<hr class=\"wp-block-separator has-alpha-channel-opacity\"\/>\n\n\n\n<h3 class=\"wp-block-heading\">Gdzie sk\u0142ada\u0107 wnioski?<\/h3>\n\n\n\n<p>Wnioski mo\u017cna sk\u0142ada\u0107 elektronicznie przez stron\u0119 projektu:<\/p>\n\n\n\n<p><a class=\"\" href=\"https:\/\/bon2.larr.pl\/aktualnosci\/\">https:\/\/bon2.larr.pl\/aktualnosci\/<\/a><\/p>\n\n\n\n<p>Nie zwlekaj! Zadbaj o rozw\u00f3j swojego zespo\u0142u i wykorzystaj szans\u0119 na dofinansowanie jeszcze w tym roku!<\/p>\n\n\n\n<p><\/p>\n\n\n\n<p>AS <\/p>\n","protected":false},"excerpt":{"rendered":"<p>\u0141\u00f3dzka Agencja Rozwoju Regionalnego S.A. og\u0142asza nowy nab\u00f3r wniosk\u00f3w w ramach projektu \u201eBon \u2013 apetyt na Rozw\u00f3j 2\u201d, realizowanego z [&#8230;]<\/p>\n<p><a class=\"btn btn-secondary understrap-read-more-link\" href=\"https:\/\/uniejow.pl\/ucop\/aktualnosci\/bon-apetyt-na-rozwoj-2\/\">Czytaj dalej\u2026<span class=\"screen-reader-text\"> from Bon &#8211; Apetyt na rozw\u00f3j 2<\/span><\/a><\/p>\n","protected":false},"author":2,"featured_media":1577,"comment_status":"closed","ping_status":"closed","sticky":false,"template":"","format":"standard","meta":{"_acf_changed":false,"footnotes":""},"categories":[4],"tags":[],"class_list":["post-1829","post","type-post","status-publish","format-standard","has-post-thumbnail","hentry","category-aktualnosci"],"acf":[],"_links":{"self":[{"href":"https:\/\/uniejow.pl\/ucop\/wp-json\/wp\/v2\/posts\/1829","targetHints":{"allow":["GET"]}}],"collection":[{"href":"https:\/\/uniejow.pl\/ucop\/wp-json\/wp\/v2\/posts"}],"about":[{"href":"https:\/\/uniejow.pl\/ucop\/wp-json\/wp\/v2\/types\/post"}],"author":[{"embeddable":true,"href":"https:\/\/uniejow.pl\/ucop\/wp-json\/wp\/v2\/users\/2"}],"replies":[{"embeddable":true,"href":"https:\/\/uniejow.pl\/ucop\/wp-json\/wp\/v2\/comments?post=1829"}],"version-history":[{"count":3,"href":"https:\/\/uniejow.pl\/ucop\/wp-json\/wp\/v2\/posts\/1829\/revisions"}],"predecessor-version":[{"id":1988,"href":"https:\/\/uniejow.pl\/ucop\/wp-json\/wp\/v2\/posts\/1829\/revisions\/1988"}],"wp:featuredmedia":[{"embeddable":true,"href":"https:\/\/uniejow.pl\/ucop\/wp-json\/wp\/v2\/media\/1577"}],"wp:attachment":[{"href":"https:\/\/uniejow.pl\/ucop\/wp-json\/wp\/v2\/media?parent=1829"}],"wp:term":[{"taxonomy":"category","embeddable":true,"href":"https:\/\/uniejow.pl\/ucop\/wp-json\/wp\/v2\/categories?post=1829"},{"taxonomy":"post_tag","embeddable":true,"href":"https:\/\/uniejow.pl\/ucop\/wp-json\/wp\/v2\/tags?post=1829"}],"curies":[{"name":"wp","href":"https:\/\/api.w.org\/{rel}","templated":true}]}}