{"id":1840,"date":"2025-05-23T09:07:48","date_gmt":"2025-05-23T08:07:48","guid":{"rendered":"https:\/\/uniejow.pl\/ucop\/?p=1840"},"modified":"2025-05-23T09:07:49","modified_gmt":"2025-05-23T08:07:49","slug":"seminarium-eksport-do-wloch-i-dzialalnosc-na-rynku-wloskim-aspekty-prawne-podatkowe-i-wsparcie-instytucjonalne","status":"publish","type":"post","link":"https:\/\/uniejow.pl\/ucop\/aktualnosci\/seminarium-eksport-do-wloch-i-dzialalnosc-na-rynku-wloskim-aspekty-prawne-podatkowe-i-wsparcie-instytucjonalne\/","title":{"rendered":"Seminarium: Eksport do W\u0142och i dzia\u0142alno\u015b\u0107 na rynku w\u0142oskim \u2013 aspekty prawne, podatkowe i wsparcie instytucjonalne"},"content":{"rendered":"\n<p><\/p>\n\n\n\n<p>Fundacja Rozwoju Przedsi\u0119biorczo\u015bci w \u0141odzi zaprasza do udzia\u0142u w seminarium pt. <strong>\u201eEksport do W\u0142och i dzia\u0142alno\u015b\u0107 na rynku w\u0142oskim: aspekty prawne, podatkowe i wsparcie instytucjonalne\u201d<\/strong>, kt\u00f3re odb\u0119dzie si\u0119 <strong>30 maja 2025 r. o godz. 12:00<\/strong> w siedzibie Fundacji przy ul. Piotrkowskiej 86 w \u0141odzi.<\/p>\n\n\n\n<p>Celem wydarzenia jest przybli\u017cenie przedsi\u0119biorcom najwa\u017cniejszych zagadnie\u0144 zwi\u0105zanych z prowadzeniem dzia\u0142alno\u015bci gospodarczej na rynku w\u0142oskim. Uczestnicy zapoznaj\u0105 si\u0119 m.in. z kwestiami prawnymi i podatkowymi, specyfik\u0105 w\u0142oskiego otoczenia biznesowego oraz dost\u0119pnymi formami wsparcia instytucjonalnego dla firm planuj\u0105cych ekspansj\u0119 zagraniczn\u0105.<\/p>\n\n\n\n<h3 class=\"wp-block-heading\">W programie seminarium m.in:<\/h3>\n\n\n\n<ul class=\"wp-block-list\">\n<li>Prowadzenie biznesu we W\u0142oszech: aspekty prawno-gospodarcze i kulturowe wsp\u00f3\u0142pracy z W\u0142ochami:<\/li>\n\n\n\n<li>Wsparcie oferowane przez Polsk\u0105 Agencj\u0119 Inwestycji i Handlu (PAIH) w zakresie ekspansji na rynek w\u0142oski,<\/li>\n\n\n\n<li>Mo\u017cliwo\u015bci wsp\u00f3\u0142pracy z w\u0142oskim stowarzyszeniem Confindustria Italia,<\/li>\n\n\n\n<li>Oferta sieci Enterprise Europe Network w zakresie internacjonalizacji dzia\u0142alno\u015bci gospodarczej,<\/li>\n\n\n\n<li>Us\u0142ugi \u0141\u00f3dzkiej Izby Przemys\u0142owo-Handlowej wspieraj\u0105ce przedsi\u0119biorc\u00f3w w rozwoju zagranicznym.<\/li>\n<\/ul>\n\n\n\n<h3 class=\"wp-block-heading\">Rejestracja:<\/h3>\n\n\n\n<p>Udzia\u0142 w seminarium jest bezp\u0142atny. Ze wzgl\u0119du na ograniczon\u0105 liczb\u0119 miejsc, obowi\u0105zuje wcze\u015bniejsza rejestracja.<br>Zg\u0142oszenia mo\u017cna przesy\u0142a\u0107 pod adresem e-mail: <strong><a>fundacja@frp.lodz.pl<\/a><\/strong> lub telefonicznie: <strong>786 080 675<\/strong>.<\/p>\n\n\n\n<p><\/p>\n\n\n\n<p>Wi\u0119cej o seminarium przeczytasz na stronie <a href=\"https:\/\/www.frp.lodz.pl\/index.php\/2025\/05\/07\/seminarium-eksport-do-wloch-i-dzialalnosc-na-rynku-wloskim-aspekty-prawne-podatkowe-i-wsparcie-instytucjonalne\/?fbclid=IwY2xjawKdCKpleHRuA2FlbQIxMABicmlkETBIRFN4Z0lqRFNKT0djZWFMAR6vPzX_suXSExEVwI7_RggSZjx7XJ3JF8l88R4_5Br8vm7OxGuj67v3cEHXdA_aem_JvNAu0Q_cat-KssQQE70pA\">Fundacji Rozwoju Przedsi\u0119biorczo\u015bci im. Prof. Jerzego Dietla <\/a><\/p>\n\n\n\n<p><\/p>\n\n\n\n<p>\u017ar\u00f3d\u0142o: <a href=\"https:\/\/www.frp.lodz.pl\/index.php\/2025\/05\/07\/seminarium-eksport-do-wloch-i-dzialalnosc-na-rynku-wloskim-aspekty-prawne-podatkowe-i-wsparcie-instytucjonalne\/?fbclid=IwY2xjawKdCKpleHRuA2FlbQIxMABicmlkETBIRFN4Z0lqRFNKT0djZWFMAR6vPzX_suXSExEVwI7_RggSZjx7XJ3JF8l88R4_5Br8vm7OxGuj67v3cEHXdA_aem_JvNAu0Q_cat-KssQQE70pA\">Fundacji Rozwoju Przedsi\u0119biorczo\u015bci im. Prof. Jerzego Dietla <\/a><\/p>\n\n\n\n<p>AS <\/p>\n","protected":false},"excerpt":{"rendered":"<p>Fundacja Rozwoju Przedsi\u0119biorczo\u015bci w \u0141odzi zaprasza do udzia\u0142u w seminarium pt. \u201eEksport do W\u0142och i dzia\u0142alno\u015b\u0107 na rynku w\u0142oskim: aspekty [&#8230;]<\/p>\n<p><a class=\"btn btn-secondary understrap-read-more-link\" href=\"https:\/\/uniejow.pl\/ucop\/aktualnosci\/seminarium-eksport-do-wloch-i-dzialalnosc-na-rynku-wloskim-aspekty-prawne-podatkowe-i-wsparcie-instytucjonalne\/\">Czytaj dalej\u2026<span class=\"screen-reader-text\"> from Seminarium: Eksport do W\u0142och i dzia\u0142alno\u015b\u0107 na rynku w\u0142oskim \u2013 aspekty prawne, podatkowe i wsparcie instytucjonalne<\/span><\/a><\/p>\n","protected":false},"author":2,"featured_media":1841,"comment_status":"closed","ping_status":"closed","sticky":false,"template":"","format":"standard","meta":{"_acf_changed":false,"footnotes":""},"categories":[4],"tags":[],"class_list":["post-1840","post","type-post","status-publish","format-standard","has-post-thumbnail","hentry","category-aktualnosci"],"acf":[],"_links":{"self":[{"href":"https:\/\/uniejow.pl\/ucop\/wp-json\/wp\/v2\/posts\/1840","targetHints":{"allow":["GET"]}}],"collection":[{"href":"https:\/\/uniejow.pl\/ucop\/wp-json\/wp\/v2\/posts"}],"about":[{"href":"https:\/\/uniejow.pl\/ucop\/wp-json\/wp\/v2\/types\/post"}],"author":[{"embeddable":true,"href":"https:\/\/uniejow.pl\/ucop\/wp-json\/wp\/v2\/users\/2"}],"replies":[{"embeddable":true,"href":"https:\/\/uniejow.pl\/ucop\/wp-json\/wp\/v2\/comments?post=1840"}],"version-history":[{"count":1,"href":"https:\/\/uniejow.pl\/ucop\/wp-json\/wp\/v2\/posts\/1840\/revisions"}],"predecessor-version":[{"id":1842,"href":"https:\/\/uniejow.pl\/ucop\/wp-json\/wp\/v2\/posts\/1840\/revisions\/1842"}],"wp:featuredmedia":[{"embeddable":true,"href":"https:\/\/uniejow.pl\/ucop\/wp-json\/wp\/v2\/media\/1841"}],"wp:attachment":[{"href":"https:\/\/uniejow.pl\/ucop\/wp-json\/wp\/v2\/media?parent=1840"}],"wp:term":[{"taxonomy":"category","embeddable":true,"href":"https:\/\/uniejow.pl\/ucop\/wp-json\/wp\/v2\/categories?post=1840"},{"taxonomy":"post_tag","embeddable":true,"href":"https:\/\/uniejow.pl\/ucop\/wp-json\/wp\/v2\/tags?post=1840"}],"curies":[{"name":"wp","href":"https:\/\/api.w.org\/{rel}","templated":true}]}}