{"id":1877,"date":"2025-06-03T08:54:03","date_gmt":"2025-06-03T07:54:03","guid":{"rendered":"https:\/\/uniejow.pl\/ucop\/?p=1877"},"modified":"2025-05-30T08:55:23","modified_gmt":"2025-05-30T07:55:23","slug":"10-edycja-forum-inteligentnego-rozwoju-w-uniejowie","status":"publish","type":"post","link":"https:\/\/uniejow.pl\/ucop\/aktualnosci\/10-edycja-forum-inteligentnego-rozwoju-w-uniejowie\/","title":{"rendered":"10. edycja Forum Inteligentnego Rozwoju w Uniejowie"},"content":{"rendered":"\n<p>W dniach 9\u201310 czerwca 2025 roku Uniej\u00f3w stanie si\u0119 centrum innowacji i przysz\u0142o\u015bciowych inwestycji, goszcz\u0105c jubileuszow\u0105, 10. edycj\u0119 Forum Inteligentnego Rozwoju (FIR). To presti\u017cowe wydarzenie \u0142\u0105czy lider\u00f3w nauki, biznesu i administracji publicznej, tworz\u0105c przestrze\u0144 do wymiany do\u015bwiadcze\u0144, prezentacji prze\u0142omowych projekt\u00f3w oraz budowania partnerstw na rzecz zr\u00f3wnowa\u017conego rozwoju.<\/p>\n\n\n\n<hr class=\"wp-block-separator has-alpha-channel-opacity\"\/>\n\n\n\n<h3 class=\"wp-block-heading\">Kluczowe pytanie: W co inwestowa\u0107 w 2025 roku?<\/h3>\n\n\n\n<p>Tegoroczna edycja FIR koncentruje si\u0119 na odpowiedzi na pytanie: \u201eW co warto zainwestowa\u0107 w 2025 roku, aby inteligentnie si\u0119 rozwija\u0107?\u201d. W ramach forum odb\u0119d\u0105 si\u0119 liczne panele dyskusyjne, prezentacje oraz debaty, kt\u00f3re maj\u0105 na celu wskazanie najbardziej obiecuj\u0105cych kierunk\u00f3w inwestycyjnych i innowacyjnych rozwi\u0105za\u0144. <\/p>\n\n\n\n<hr class=\"wp-block-separator has-alpha-channel-opacity\"\/>\n\n\n\n<h3 class=\"wp-block-heading\">Technologie przysz\u0142o\u015bci i ekologia<\/h3>\n\n\n\n<p>Jednym z g\u0142\u00f3wnych temat\u00f3w b\u0119dzie rola nowoczesnych technologii w ochronie \u015brodowiska i monitorowaniu bior\u00f3\u017cnorodno\u015bci. Panel \u201eTechnologie ochrony \u015brodowiska i monitoring biologiczny\u201d zgromadzi ekspert\u00f3w, kt\u00f3rzy przedstawi\u0105, jak innowacyjne rozwi\u0105zania mog\u0105 przyczyni\u0107 si\u0119 do zr\u00f3wnowa\u017conego rozwoju ekologicznego. <\/p>\n\n\n\n<hr class=\"wp-block-separator has-alpha-channel-opacity\"\/>\n\n\n\n<h3 class=\"wp-block-heading\">Kobiety w inteligentnym rozwoju<\/h3>\n\n\n\n<p>Forum po\u015bwi\u0119ci r\u00f3wnie\u017c uwag\u0119 roli kobiet w kszta\u0142towaniu inteligentnego rozwoju. Debata \u201eG\u0142os kobiet w rozwoju \u2013 co dalej?\u201d ma na celu stworzenie wsp\u00f3lnej wizji kobiecego wp\u0142ywu na rozw\u00f3j oraz przedstawienie konkretnych postulat\u00f3w i rekomendacji na przysz\u0142o\u015b\u0107. <\/p>\n\n\n\n<hr class=\"wp-block-separator has-alpha-channel-opacity\"\/>\n\n\n\n<h3 class=\"wp-block-heading\">Uhonorowanie lider\u00f3w innowacji<\/h3>\n\n\n\n<p>Tradycyjnie, podczas Gali Nagr\u00f3d Gospodarczych FIR, zostan\u0105 wr\u0119czone presti\u017cowe wyr\u00f3\u017cnienia, takie jak:<\/p>\n\n\n\n<ul class=\"wp-block-list\">\n<li><strong>Lider Inteligentnego Rozwoju<\/strong> \u2013 dla os\u00f3b i instytucji wdra\u017caj\u0105cych innowacyjne rozwi\u0105zania wp\u0142ywaj\u0105ce na rozw\u00f3j gospodarczy i spo\u0142eczny.<\/li>\n\n\n\n<li><strong>Polska Nagroda Inteligentnego Rozwoju<\/strong> \u2013 dla podmiot\u00f3w ukierunkowanych na przysz\u0142o\u015b\u0107 i zr\u00f3wnowa\u017cony rozw\u00f3j.<\/li>\n\n\n\n<li><strong>Naukowiec Przysz\u0142o\u015bci<\/strong>, <strong>Marka Przysz\u0142o\u015bci<\/strong> oraz <strong>Nagroda R&amp;D Impact<\/strong> \u2013 dla wyr\u00f3\u017cniaj\u0105cych si\u0119 innowator\u00f3w i projekt\u00f3w badawczo-rozwojowych. <\/li>\n<\/ul>\n\n\n\n<hr class=\"wp-block-separator has-alpha-channel-opacity\"\/>\n\n\n\n<h3 class=\"wp-block-heading\">Dlaczego warto uczestniczy\u0107?<\/h3>\n\n\n\n<p>Forum Inteligentnego Rozwoju to nie tylko miejsce prezentacji innowacji, ale przede wszystkim platforma do nawi\u0105zywania warto\u015bciowych kontakt\u00f3w, wymiany wiedzy i do\u015bwiadcze\u0144 oraz inspirowania si\u0119 nawzajem. Uniej\u00f3w, jako gospodarz wydarzenia, stanowi przyk\u0142ad miasta, kt\u00f3re dzi\u0119ki inwestycjom w geotermi\u0119 i otwarto\u015bci na innowacje, dynamicznie si\u0119 rozwija. <\/p>\n\n\n\n<p>Udzia\u0142 w FIR 2025 to okazja do bycia cz\u0119\u015bci\u0105 spo\u0142eczno\u015bci, kt\u00f3ra aktywnie kszta\u0142tuje przysz\u0142o\u015b\u0107 Polski w oparciu o wiedz\u0119, technologi\u0119 i zr\u00f3wnowa\u017cony rozw\u00f3j.<\/p>\n\n\n\n<p><\/p>\n\n\n\n<p>\u017ar\u00f3d\u0142o: <a href=\"https:\/\/irforum.pl\/\">https:\/\/irforum.pl\/<\/a><\/p>\n\n\n\n<p><\/p>\n\n\n\n<p>AS<\/p>\n","protected":false},"excerpt":{"rendered":"<p>W dniach 9\u201310 czerwca 2025 roku Uniej\u00f3w stanie si\u0119 centrum innowacji i przysz\u0142o\u015bciowych inwestycji, goszcz\u0105c jubileuszow\u0105, 10. edycj\u0119 Forum Inteligentnego [&#8230;]<\/p>\n<p><a class=\"btn btn-secondary understrap-read-more-link\" href=\"https:\/\/uniejow.pl\/ucop\/aktualnosci\/10-edycja-forum-inteligentnego-rozwoju-w-uniejowie\/\">Czytaj dalej\u2026<span class=\"screen-reader-text\"> from 10. edycja Forum Inteligentnego Rozwoju w Uniejowie<\/span><\/a><\/p>\n","protected":false},"author":2,"featured_media":1878,"comment_status":"closed","ping_status":"closed","sticky":false,"template":"","format":"standard","meta":{"_acf_changed":false,"footnotes":""},"categories":[4],"tags":[],"class_list":["post-1877","post","type-post","status-publish","format-standard","has-post-thumbnail","hentry","category-aktualnosci"],"acf":[],"_links":{"self":[{"href":"https:\/\/uniejow.pl\/ucop\/wp-json\/wp\/v2\/posts\/1877","targetHints":{"allow":["GET"]}}],"collection":[{"href":"https:\/\/uniejow.pl\/ucop\/wp-json\/wp\/v2\/posts"}],"about":[{"href":"https:\/\/uniejow.pl\/ucop\/wp-json\/wp\/v2\/types\/post"}],"author":[{"embeddable":true,"href":"https:\/\/uniejow.pl\/ucop\/wp-json\/wp\/v2\/users\/2"}],"replies":[{"embeddable":true,"href":"https:\/\/uniejow.pl\/ucop\/wp-json\/wp\/v2\/comments?post=1877"}],"version-history":[{"count":1,"href":"https:\/\/uniejow.pl\/ucop\/wp-json\/wp\/v2\/posts\/1877\/revisions"}],"predecessor-version":[{"id":1879,"href":"https:\/\/uniejow.pl\/ucop\/wp-json\/wp\/v2\/posts\/1877\/revisions\/1879"}],"wp:featuredmedia":[{"embeddable":true,"href":"https:\/\/uniejow.pl\/ucop\/wp-json\/wp\/v2\/media\/1878"}],"wp:attachment":[{"href":"https:\/\/uniejow.pl\/ucop\/wp-json\/wp\/v2\/media?parent=1877"}],"wp:term":[{"taxonomy":"category","embeddable":true,"href":"https:\/\/uniejow.pl\/ucop\/wp-json\/wp\/v2\/categories?post=1877"},{"taxonomy":"post_tag","embeddable":true,"href":"https:\/\/uniejow.pl\/ucop\/wp-json\/wp\/v2\/tags?post=1877"}],"curies":[{"name":"wp","href":"https:\/\/api.w.org\/{rel}","templated":true}]}}