{"id":1897,"date":"2025-06-12T14:17:45","date_gmt":"2025-06-12T13:17:45","guid":{"rendered":"https:\/\/uniejow.pl\/ucop\/?p=1897"},"modified":"2025-06-12T14:17:46","modified_gmt":"2025-06-12T13:17:46","slug":"sniadanie-biznesowe-dla-przedsiebiorcow-reprezentujacych-branze-medycyna-farmacja-kosmetyki","status":"publish","type":"post","link":"https:\/\/uniejow.pl\/ucop\/aktualnosci\/sniadanie-biznesowe-dla-przedsiebiorcow-reprezentujacych-branze-medycyna-farmacja-kosmetyki\/","title":{"rendered":"\u015aniadanie Biznesowe dla przedsi\u0119biorc\u00f3w reprezentuj\u0105cych bran\u017c\u0119: Medycyna, Farmacja, Kosmetyki"},"content":{"rendered":"\n<p><\/p>\n\n\n\n<p>Urz\u0105d Marsza\u0142kowski w \u0141odzi zaprasza na \u015aniadanie Biznesowe dla przedsi\u0119biorc\u00f3w reprezentuj\u0105cych bran\u017c\u0119: Medycyna, Farmacja, Kosmetyki, kt\u00f3re odb\u0119dzie si\u0119 w ramach spotkania Tematycznej Grupy Roboczej oraz rozmowy o projekcie \u201eProces Przedsi\u0119biorczego Odkrywania\u201d (PPO), kt\u00f3re odb\u0119dzie si\u0119 17 czerwca 2025 r. o godz 9:00 w Vienna House Andel`s \u0141\u00f3d\u017a (restauracja), \u0141\u00f3d\u017a, ul. Ogrodowa 17<\/p>\n\n\n\n<p>Udzia\u0142 w spotkaniu stanowi okazj\u0119 do otwartej rozmowy na temat realnych potrzeb i wyzwa\u0144, przed kt\u00f3rymi stoi bran\u017ca.<\/p>\n\n\n\n<p>Wsp\u00f3lnie zidentyfikowane zostan\u0105 obszary wymagaj\u0105ce wsparcia oraz okre\u015blimy, jakich dzia\u0142a\u0144 przedsi\u0119biorcy oczekuj\u0105 od administracji publicznej.<\/p>\n\n\n\n<p>Poruszane b\u0119d\u0105 rozmowy o mo\u017cliwo\u015bciach wsp\u00f3lnego kszta\u0142towania warunk\u00f3w sprzyjaj\u0105cych rozwojowi dzia\u0142alno\u015bci innowacyjnej w regionie.<\/p>\n\n\n\n<p>Organizatorom zale\u017cy na bezpo\u015bredniej wymianie wiedzy i do\u015bwiadcze\u0144 z uczestnikami, aby wsp\u00f3lnie wypracowane rozwi\u0105zania jak najlepiej odpowiada\u0142y na konkretne potrzeby firm i przynosi\u0142y im realn\u0105 warto\u015b\u0107.<\/p>\n\n\n\n<p>Atrakcyjno\u015b\u0107 wsp\u00f3\u0142pracy w TGR, szczeg\u00f3lnie dla przedsi\u0119biorc\u00f3w aktywnie uczestnicz\u0105cych w PPO, b\u0119dzie dodatkowo zwi\u0119ksza\u0107 wspieranie interesariuszy PPO w przekszta\u0142caniu innowacyjnych pomys\u0142\u00f3w w gotowe koncepcje produkt\u00f3w, us\u0142ug lub modeli biznesowych \u2013 m.in. poprzez:<\/p>\n\n\n\n<ul class=\"wp-block-list\">\n<li>Mentoring ekspercki<\/li>\n<\/ul>\n\n\n\n<ul class=\"wp-block-list\">\n<li>Warsztaty z projektowania innowacji (Design Thinking)<\/li>\n<\/ul>\n\n\n\n<ul class=\"wp-block-list\">\n<li>Szkolenia z modelowania biznesowego<\/li>\n<\/ul>\n\n\n\n<p><\/p>\n\n\n\n<p>Zg\u0142oszenia przyjmowane s\u0105 <strong>do 16 czerwca br.<\/strong><\/p>\n\n\n\n<p>W celu uzyskania szczeg\u00f3\u0142owych informacji prosimy o kontakt mailowy: anna.flawian@lodzkie.pl <\/p>\n\n\n\n<p><\/p>\n\n\n\n<p>M\u0141<\/p>\n","protected":false},"excerpt":{"rendered":"<p>Urz\u0105d Marsza\u0142kowski w \u0141odzi zaprasza na \u015aniadanie Biznesowe dla przedsi\u0119biorc\u00f3w reprezentuj\u0105cych bran\u017c\u0119: Medycyna, Farmacja, Kosmetyki, kt\u00f3re odb\u0119dzie si\u0119 w ramach [&#8230;]<\/p>\n<p><a class=\"btn btn-secondary understrap-read-more-link\" href=\"https:\/\/uniejow.pl\/ucop\/aktualnosci\/sniadanie-biznesowe-dla-przedsiebiorcow-reprezentujacych-branze-medycyna-farmacja-kosmetyki\/\">Czytaj dalej\u2026<span class=\"screen-reader-text\"> from \u015aniadanie Biznesowe dla przedsi\u0119biorc\u00f3w reprezentuj\u0105cych bran\u017c\u0119: Medycyna, Farmacja, Kosmetyki<\/span><\/a><\/p>\n","protected":false},"author":5,"featured_media":1898,"comment_status":"closed","ping_status":"closed","sticky":false,"template":"","format":"standard","meta":{"_acf_changed":false,"footnotes":""},"categories":[4],"tags":[],"class_list":["post-1897","post","type-post","status-publish","format-standard","has-post-thumbnail","hentry","category-aktualnosci"],"acf":[],"_links":{"self":[{"href":"https:\/\/uniejow.pl\/ucop\/wp-json\/wp\/v2\/posts\/1897","targetHints":{"allow":["GET"]}}],"collection":[{"href":"https:\/\/uniejow.pl\/ucop\/wp-json\/wp\/v2\/posts"}],"about":[{"href":"https:\/\/uniejow.pl\/ucop\/wp-json\/wp\/v2\/types\/post"}],"author":[{"embeddable":true,"href":"https:\/\/uniejow.pl\/ucop\/wp-json\/wp\/v2\/users\/5"}],"replies":[{"embeddable":true,"href":"https:\/\/uniejow.pl\/ucop\/wp-json\/wp\/v2\/comments?post=1897"}],"version-history":[{"count":2,"href":"https:\/\/uniejow.pl\/ucop\/wp-json\/wp\/v2\/posts\/1897\/revisions"}],"predecessor-version":[{"id":1900,"href":"https:\/\/uniejow.pl\/ucop\/wp-json\/wp\/v2\/posts\/1897\/revisions\/1900"}],"wp:featuredmedia":[{"embeddable":true,"href":"https:\/\/uniejow.pl\/ucop\/wp-json\/wp\/v2\/media\/1898"}],"wp:attachment":[{"href":"https:\/\/uniejow.pl\/ucop\/wp-json\/wp\/v2\/media?parent=1897"}],"wp:term":[{"taxonomy":"category","embeddable":true,"href":"https:\/\/uniejow.pl\/ucop\/wp-json\/wp\/v2\/categories?post=1897"},{"taxonomy":"post_tag","embeddable":true,"href":"https:\/\/uniejow.pl\/ucop\/wp-json\/wp\/v2\/tags?post=1897"}],"curies":[{"name":"wp","href":"https:\/\/api.w.org\/{rel}","templated":true}]}}