{"id":1902,"date":"2025-06-18T11:52:22","date_gmt":"2025-06-18T10:52:22","guid":{"rendered":"https:\/\/uniejow.pl\/ucop\/?p=1902"},"modified":"2025-06-18T11:52:23","modified_gmt":"2025-06-18T10:52:23","slug":"spotkanie-regionalne-pt-twoj-region-twoja-przyszlosc-jak-wykorzystac-fundusze-europejskie","status":"publish","type":"post","link":"https:\/\/uniejow.pl\/ucop\/aktualnosci\/spotkanie-regionalne-pt-twoj-region-twoja-przyszlosc-jak-wykorzystac-fundusze-europejskie\/","title":{"rendered":"Spotkanie regionalne pt.: Tw\u00f3j region. Twoja przysz\u0142o\u015b\u0107. Jak wykorzysta\u0107 Fundusze Europejskie?"},"content":{"rendered":"\n<p><\/p>\n\n\n\n<p>Polska Agencja Rozwoju Przedsi\u0119biorczo\u015bci wsp\u00f3lnie z Ministerstwo Funduszy i Polityki Regionalnej  zapraszaj\u0105 przedsi\u0119biorc\u00f3w do udzia\u0142u w spotkaniu regionalnym pt.: Tw\u00f3j region. Twoja przysz\u0142o\u015b\u0107. Jak wykorzysta\u0107 Fundusze Europejskie?<\/p>\n\n\n\n<p>Tematem spotkania b\u0119d\u0105 Fundusze Europejskie dla przedsi\u0119biorc\u00f3w \u2013 stan obecny oraz nowe mo\u017cliwo\u015bci. Do\u015bwiadczeni praktycy opowiedz\u0105 o nowych programach realizowanych przez PARP i MFiPR, przybli\u017c\u0105 warunki i mo\u017cliwo\u015bci udzia\u0142u w wybranych projektach i konkursach realizowanych z Funduszy Europejskich 2021-2027 w programach Fundusze Europejskie dla Nowoczesnej Gospodarki (FENG).<\/p>\n\n\n\n<p>Podczas spotkania zapraszamy do odwiedzenia stoisk: Punktu Informacyjnego Funduszy Europejskich, Banku Gospodarstwa Krajowego , Polskiej Agencji Rozwoju Przedsi\u0119biorczo\u015bci, Innovation Coach , \u0141\u00f3dzkie dla Biznesu, Enterprise Europe Network , \u0141\u00f3dzkiej Specjalnej Strefy Ekonomicznej oraz \u0141\u00f3dzkiej Agencji Rozwoju Regionalnego.<\/p>\n\n\n\n<p>Spotkanie odb\u0119dzie si\u0119 w formule stacjonarnej.<\/p>\n\n\n\n<p><strong>Termin: 1 lipca 2025 r., godz. 10:30\u201313:30<\/strong><\/p>\n\n\n\n<p>Adres: \u0141\u00f3dzka Agencja Rozwoju Regionalnego, Ul. Prezydenta Gabriela Narutowicza 34, 90-135 \u0141\u00f3d\u017a<\/p>\n\n\n\n<p>Obowi\u0105zuje rejestracja ze wzgl\u0119du na ograniczon\u0105 liczb\u0119 miejsc.<\/p>\n\n\n\n<p>Link do rejestracji: <a href=\"https:\/\/www.parp.gov.pl\/component\/parpevents\/event\/3684?fbclid=IwZXh0bgNhZW0CMTAAYnJpZBEwQ3NJYTFNTXJrR29DdmhvRAEeFX2JcQSabJjVm2ee6eQo8KuP58wy7NI42Km3XP59qQCmz-70vbYKd6WYNjA_aem_D0lK42SMcw-dQbAfgAcUDg\" target=\"_blank\" rel=\"noreferrer noopener\">https:\/\/www.parp.gov.pl\/component\/parpevents\/event\/3684<\/a><\/p>\n\n\n\n<p><\/p>\n\n\n\n<p>\u017ar\u00f3d\u0142o: \u0141\u00f3dzkie dla Biznesu<\/p>\n\n\n\n<p>M\u0141<\/p>\n","protected":false},"excerpt":{"rendered":"<p>Polska Agencja Rozwoju Przedsi\u0119biorczo\u015bci wsp\u00f3lnie z Ministerstwo Funduszy i Polityki Regionalnej zapraszaj\u0105 przedsi\u0119biorc\u00f3w do udzia\u0142u w spotkaniu regionalnym pt.: Tw\u00f3j [&#8230;]<\/p>\n<p><a class=\"btn btn-secondary understrap-read-more-link\" href=\"https:\/\/uniejow.pl\/ucop\/aktualnosci\/spotkanie-regionalne-pt-twoj-region-twoja-przyszlosc-jak-wykorzystac-fundusze-europejskie\/\">Czytaj dalej\u2026<span class=\"screen-reader-text\"> from Spotkanie regionalne pt.: Tw\u00f3j region. Twoja przysz\u0142o\u015b\u0107. Jak wykorzysta\u0107 Fundusze Europejskie?<\/span><\/a><\/p>\n","protected":false},"author":5,"featured_media":1493,"comment_status":"closed","ping_status":"closed","sticky":false,"template":"","format":"standard","meta":{"_acf_changed":false,"footnotes":""},"categories":[4],"tags":[],"class_list":["post-1902","post","type-post","status-publish","format-standard","has-post-thumbnail","hentry","category-aktualnosci"],"acf":[],"_links":{"self":[{"href":"https:\/\/uniejow.pl\/ucop\/wp-json\/wp\/v2\/posts\/1902","targetHints":{"allow":["GET"]}}],"collection":[{"href":"https:\/\/uniejow.pl\/ucop\/wp-json\/wp\/v2\/posts"}],"about":[{"href":"https:\/\/uniejow.pl\/ucop\/wp-json\/wp\/v2\/types\/post"}],"author":[{"embeddable":true,"href":"https:\/\/uniejow.pl\/ucop\/wp-json\/wp\/v2\/users\/5"}],"replies":[{"embeddable":true,"href":"https:\/\/uniejow.pl\/ucop\/wp-json\/wp\/v2\/comments?post=1902"}],"version-history":[{"count":1,"href":"https:\/\/uniejow.pl\/ucop\/wp-json\/wp\/v2\/posts\/1902\/revisions"}],"predecessor-version":[{"id":1903,"href":"https:\/\/uniejow.pl\/ucop\/wp-json\/wp\/v2\/posts\/1902\/revisions\/1903"}],"wp:featuredmedia":[{"embeddable":true,"href":"https:\/\/uniejow.pl\/ucop\/wp-json\/wp\/v2\/media\/1493"}],"wp:attachment":[{"href":"https:\/\/uniejow.pl\/ucop\/wp-json\/wp\/v2\/media?parent=1902"}],"wp:term":[{"taxonomy":"category","embeddable":true,"href":"https:\/\/uniejow.pl\/ucop\/wp-json\/wp\/v2\/categories?post=1902"},{"taxonomy":"post_tag","embeddable":true,"href":"https:\/\/uniejow.pl\/ucop\/wp-json\/wp\/v2\/tags?post=1902"}],"curies":[{"name":"wp","href":"https:\/\/api.w.org\/{rel}","templated":true}]}}