{"id":1907,"date":"2025-07-02T08:50:33","date_gmt":"2025-07-02T07:50:33","guid":{"rendered":"https:\/\/uniejow.pl\/ucop\/?p=1907"},"modified":"2025-07-02T08:50:50","modified_gmt":"2025-07-02T07:50:50","slug":"konferencja-dla-msp","status":"publish","type":"post","link":"https:\/\/uniejow.pl\/ucop\/aktualnosci\/konferencja-dla-msp\/","title":{"rendered":"Konferencja dla M\u015aP"},"content":{"rendered":"\n<h2 class=\"wp-block-heading\"><\/h2>\n\n\n\n<p>Ju\u017c 3 lipca 2025 r. w \u0141odzi odb\u0119dzie si\u0119 wyj\u0105tkowe wydarzenie skierowane do w\u0142a\u015bcicieli i mened\u017cer\u00f3w firm z sektora M\u015aP. Konferencja \u201eFinansowanie, ESG i wsp\u00f3\u0142praca \u2013 nowe mo\u017cliwo\u015bci dla M\u015aP\u201d to doskona\u0142a okazja, aby zdoby\u0107 wiedz\u0119, nawi\u0105za\u0107 cenne kontakty i skorzysta\u0107 z realnych form wsparcia dla biznesu.<\/p>\n\n\n\n<h3 class=\"wp-block-heading\">Dlaczego warto wzi\u0105\u0107 udzia\u0142?<\/h3>\n\n\n\n<ul class=\"wp-block-list\">\n<li>Dowiesz si\u0119, sk\u0105d pozyska\u0107 finansowanie na rozw\u00f3j firmy.<\/li>\n\n\n\n<li>Poznasz dost\u0119pne po\u017cyczki z preferencyjnym oprocentowaniem, dotacje i programy wsparcia, kt\u00f3re mog\u0105 znacz\u0105co przyspieszy\u0107 rozw\u00f3j Twojego biznesu.<\/li>\n\n\n\n<li>Zrozumiesz, czym jest ESG i dlaczego ju\u017c teraz ma kluczowe znaczenie w relacjach z bankami, partnerami i klientami.<\/li>\n\n\n\n<li>Us\u0142yszysz historie firm, kt\u00f3re skutecznie wdro\u017cy\u0142y zasady zr\u00f3wnowa\u017conego rozwoju i przekona\u0142y si\u0119, \u017ce to nie tylko obowi\u0105zek, ale przede wszystkim szansa.<\/li>\n\n\n\n<li>Zyskasz mo\u017cliwo\u015b\u0107 bezpo\u015bredniego spotkania z przedstawicielami instytucji finansuj\u0105cych, stref ekonomicznych oraz ekspertami z zakresu rozwoju biznesu.<\/li>\n\n\n\n<li>We\u017amiesz udzia\u0142 w warto\u015bciowym networkingu z przedsi\u0119biorcami z ca\u0142ego regionu.<\/li>\n<\/ul>\n\n\n\n<h3 class=\"wp-block-heading\"><\/h3>\n\n\n\n<p>Konferencja odb\u0119dzie si\u0119 3 lipca 2025 (czwartek) w siedzibie \u0141\u00f3dzkiej Agencji Rozwoju Regionalnego, ul. Narutowicza 34, \u0141\u00f3d\u017a, o godzinie 10:00 (rejestracja od 9:30).<br>Udzia\u0142 jest bezp\u0142atny lecz wymagana jest wcze\u015bniejsza rejestracja.<\/p>\n\n\n\n<h3 class=\"wp-block-heading\">Co znajdziesz w programie wydarzenia?<\/h3>\n\n\n\n<ol class=\"wp-block-list\">\n<li>Panel ekspercki: <strong>\u201eESG \u2013 szansa czy wyzwanie dla M\u015aP?\u201d<\/strong><\/li>\n\n\n\n<li>Prezentacje dost\u0119pnych form finansowania \u2013 po\u017cyczki, kredyty ekologiczne, bony rozwojowe i wsparcie dla eksportu.<\/li>\n\n\n\n<li>Inspiruj\u0105ce case studies \u2013 poznasz prawdziwe historie firm, kt\u00f3re z sukcesem przesz\u0142y transformacj\u0119 zwi\u0105zan\u0105 z ESG.<\/li>\n\n\n\n<li>Wyk\u0142ad o dobrostanie pracownik\u00f3w \u2013 bo rozw\u00f3j firmy to tak\u017ce ludzie.<\/li>\n\n\n\n<li>Networking \u2013 wymiana kontakt\u00f3w, pomys\u0142\u00f3w i do\u015bwiadcze\u0144.<\/li>\n<\/ol>\n\n\n\n<h3 class=\"wp-block-heading\"><\/h3>\n\n\n\n<p>\u015awiat biznesu zmienia si\u0119 dynamicznie. Wdra\u017canie zasad zr\u00f3wnowa\u017conego rozwoju, odpowiedzialno\u015bci spo\u0142ecznej i efektywno\u015bci energetycznej to nie tylko przysz\u0142o\u015b\u0107 \u2013 to tera\u017aniejszo\u015b\u0107. Warto by\u0107 krok przed konkurencj\u0105 i dowiedzie\u0107 si\u0119, jakie mo\u017cliwo\u015bci czekaj\u0105 na Ciebie i Twoj\u0105 firm\u0119.<\/p>\n\n\n\n<h3 class=\"wp-block-heading\"> <strong>Zarejestruj si\u0119 ju\u017c teraz!<\/strong> &#8211;<strong><a href=\"https:\/\/fips.pl\/zapraszamy-na-konferencje-finansowanie-esg-i-wspolpraca-nowe-mozliwosci-dla-msp\/?fbclid=IwY2xjawLJ4c1leHRuA2FlbQIxMABicmlkETBpNW1UdEl0TUlrbEdCNWJFAR5uiNkNCqGpcSPdBH5JWtr9E6gd6CNCGPnVTIOF_9LvQ4bRch6SACjNTgfV5g_aem_Pe-JeDoW-tqvgU0Q4L_uNQ\"> klik <\/a><\/strong><\/h3>\n\n\n\n<p><\/p>\n\n\n\n<p>AS<\/p>\n","protected":false},"excerpt":{"rendered":"<p>Ju\u017c 3 lipca 2025 r. w \u0141odzi odb\u0119dzie si\u0119 wyj\u0105tkowe wydarzenie skierowane do w\u0142a\u015bcicieli i mened\u017cer\u00f3w firm z sektora M\u015aP. [&#8230;]<\/p>\n<p><a class=\"btn btn-secondary understrap-read-more-link\" href=\"https:\/\/uniejow.pl\/ucop\/aktualnosci\/konferencja-dla-msp\/\">Czytaj dalej\u2026<span class=\"screen-reader-text\"> from Konferencja dla M\u015aP<\/span><\/a><\/p>\n","protected":false},"author":2,"featured_media":1905,"comment_status":"closed","ping_status":"closed","sticky":false,"template":"","format":"standard","meta":{"_acf_changed":false,"footnotes":""},"categories":[4],"tags":[],"class_list":["post-1907","post","type-post","status-publish","format-standard","has-post-thumbnail","hentry","category-aktualnosci"],"acf":[],"_links":{"self":[{"href":"https:\/\/uniejow.pl\/ucop\/wp-json\/wp\/v2\/posts\/1907","targetHints":{"allow":["GET"]}}],"collection":[{"href":"https:\/\/uniejow.pl\/ucop\/wp-json\/wp\/v2\/posts"}],"about":[{"href":"https:\/\/uniejow.pl\/ucop\/wp-json\/wp\/v2\/types\/post"}],"author":[{"embeddable":true,"href":"https:\/\/uniejow.pl\/ucop\/wp-json\/wp\/v2\/users\/2"}],"replies":[{"embeddable":true,"href":"https:\/\/uniejow.pl\/ucop\/wp-json\/wp\/v2\/comments?post=1907"}],"version-history":[{"count":2,"href":"https:\/\/uniejow.pl\/ucop\/wp-json\/wp\/v2\/posts\/1907\/revisions"}],"predecessor-version":[{"id":1909,"href":"https:\/\/uniejow.pl\/ucop\/wp-json\/wp\/v2\/posts\/1907\/revisions\/1909"}],"wp:featuredmedia":[{"embeddable":true,"href":"https:\/\/uniejow.pl\/ucop\/wp-json\/wp\/v2\/media\/1905"}],"wp:attachment":[{"href":"https:\/\/uniejow.pl\/ucop\/wp-json\/wp\/v2\/media?parent=1907"}],"wp:term":[{"taxonomy":"category","embeddable":true,"href":"https:\/\/uniejow.pl\/ucop\/wp-json\/wp\/v2\/categories?post=1907"},{"taxonomy":"post_tag","embeddable":true,"href":"https:\/\/uniejow.pl\/ucop\/wp-json\/wp\/v2\/tags?post=1907"}],"curies":[{"name":"wp","href":"https:\/\/api.w.org\/{rel}","templated":true}]}}