{"id":1941,"date":"2025-07-17T11:58:44","date_gmt":"2025-07-17T10:58:44","guid":{"rendered":"https:\/\/uniejow.pl\/ucop\/?p=1941"},"modified":"2025-07-17T12:05:11","modified_gmt":"2025-07-17T11:05:11","slug":"letnie-spotkania-informacyjne-o-krajowym-systemie-e-faktur","status":"publish","type":"post","link":"https:\/\/uniejow.pl\/ucop\/aktualnosci\/letnie-spotkania-informacyjne-o-krajowym-systemie-e-faktur\/","title":{"rendered":"Letnie spotkania informacyjne o Krajowym Systemie e-Faktur"},"content":{"rendered":"\n<p><\/p>\n\n\n\n<p>Od 1 lutego 2026 r. nast\u0105pi etapowe obligatoryjne wej\u015bcie w \u017cycie obowi\u0105zkowej e-faktury (faktury ustrukturyzowanej). Oznacza to, \u017ce przedsi\u0119biorcy maj\u0105 czas, aby przygotowa\u0107 si\u0119 do obowi\u0105zkowego KSeF. <\/p>\n\n\n\n<p>Dyrektor Izby Administracji Skarbowej w \u0141odzi rozpoczyna cykl \u201eLetnich spotka\u0144 informacyjnych o KSeF. B\u0105d\u017a na bie\u017c\u0105co\u201d w wojew\u00f3dztwie \u0142\u00f3dzkim, maj\u0105cych na celu przedstawienie podstawowych informacji zwi\u0105zanych z funkcjonalno\u015bci\u0105 nowych (projektowanych) rozwi\u0105za\u0144. <\/p>\n\n\n\n<p>Spotkania odbywa\u0107 si\u0119 b\u0119d\u0105 w cyklach dwutygodniowych, w okresie lipiec \u2013 sierpie\u0144 2025 r:<\/p>\n\n\n\n<p>\u2022 I cykl spotka\u0144 \u2013 Wprowadzenie do Krajowego Systemu e-Faktur <\/p>\n\n\n\n<p>\u2022 II cykl spotka\u0144 \u2013 Uwierzytelnienie i autoryzacja w KSeF,<\/p>\n\n\n\n<p>\u2022 III cykl spotka\u0144 \u2013 Faktura ustrukturyzowana w KSeF,<\/p>\n\n\n\n<p>\u2022 IV cykl spotka\u0144 \u2013 Wprowadzenie do aplikacji KSeF.<\/p>\n\n\n\n<p><\/p>\n\n\n\n<p>Najbli\u017csze spotkanie odb\u0119dzie si\u0119 <strong>22 lipca 2025 roku (wtorek) o godzinie 10:00 w sali konferencyjnej Urz\u0119du Skarbowego w Kutnie<\/strong> <strong>(IV pi\u0119tro).&nbsp;<\/strong><\/p>\n\n\n\n<p>Spotkanie jest otwarte, nie ma obowi\u0105zku wcze\u015bniejszej rejestracji.&nbsp;<\/p>\n\n\n\n<p>Jednocze\u015bnie informujemy, \u017ce zaplanowane spotkania informacyjne stanowi\u0105 wst\u0119p do w\u0142a\u015bciwych szkole\u0144 z Krajowego Systemu e-Faktur, na kt\u00f3rych zostan\u0105 przedstawione przygotowane rozwi\u0105zania prawne i technologiczne, zwi\u0105zane z wdro\u017ceniem obligatoryjnego systemu KSeF, kt\u00f3rych rozpocz\u0119cie zaplanowane jest na wrzesie\u0144 2025 r. <\/p>\n\n\n\n<p>Zaplanowane spotkania informacyjne odbywa\u0107 si\u0119 b\u0119d\u0105 w formie spotka\u0144 on-line za po\u015brednictwem aplikacji MS Teams, do kt\u00f3rych linki b\u0119d\u0105 zamieszczane sukcesywnie na stronie IAS w \u0141odzi:<\/p>\n\n\n\n<p><a href=\"https:\/\/www.gov.pl\/web\/ias-lodz?fbclid=IwZXh0bgNhZW0CMTAAYnJpZBEwZnllbXNVY1NpclA4dzFLYwEeQg3vy0X_daiZU1-Gv_lbqFzqO-mGqscsftPyjLJM1ulAY1hRrLgbK2OozPk_aem_6GZNGo4ax3yf99ZyCJoNSA\">https:\/\/www.gov.pl\/web\/ias-lodz?fbclid=IwZXh0bgNhZW0CMTAAYnJpZBEwZnllbXNVY1NpclA4dzFLYwEeQg3vy0X_daiZU1-Gv_lbqFzqO-mGqscsftPyjLJM1ulAY1hRrLgbK2OozPk_aem_6GZNGo4ax3yf99ZyCJoNSA<\/a> <\/p>\n\n\n\n<p><\/p>\n\n\n\n<p><\/p>\n\n\n\n<p>M\u0141<\/p>\n","protected":false},"excerpt":{"rendered":"<p>Od 1 lutego 2026 r. nast\u0105pi etapowe obligatoryjne wej\u015bcie w \u017cycie obowi\u0105zkowej e-faktury (faktury ustrukturyzowanej). Oznacza to, \u017ce przedsi\u0119biorcy maj\u0105 [&#8230;]<\/p>\n<p><a class=\"btn btn-secondary understrap-read-more-link\" href=\"https:\/\/uniejow.pl\/ucop\/aktualnosci\/letnie-spotkania-informacyjne-o-krajowym-systemie-e-faktur\/\">Czytaj dalej\u2026<span class=\"screen-reader-text\"> from Letnie spotkania informacyjne o Krajowym Systemie e-Faktur<\/span><\/a><\/p>\n","protected":false},"author":5,"featured_media":1944,"comment_status":"closed","ping_status":"closed","sticky":false,"template":"","format":"standard","meta":{"_acf_changed":false,"footnotes":""},"categories":[4],"tags":[],"class_list":["post-1941","post","type-post","status-publish","format-standard","has-post-thumbnail","hentry","category-aktualnosci"],"acf":[],"_links":{"self":[{"href":"https:\/\/uniejow.pl\/ucop\/wp-json\/wp\/v2\/posts\/1941","targetHints":{"allow":["GET"]}}],"collection":[{"href":"https:\/\/uniejow.pl\/ucop\/wp-json\/wp\/v2\/posts"}],"about":[{"href":"https:\/\/uniejow.pl\/ucop\/wp-json\/wp\/v2\/types\/post"}],"author":[{"embeddable":true,"href":"https:\/\/uniejow.pl\/ucop\/wp-json\/wp\/v2\/users\/5"}],"replies":[{"embeddable":true,"href":"https:\/\/uniejow.pl\/ucop\/wp-json\/wp\/v2\/comments?post=1941"}],"version-history":[{"count":2,"href":"https:\/\/uniejow.pl\/ucop\/wp-json\/wp\/v2\/posts\/1941\/revisions"}],"predecessor-version":[{"id":1946,"href":"https:\/\/uniejow.pl\/ucop\/wp-json\/wp\/v2\/posts\/1941\/revisions\/1946"}],"wp:featuredmedia":[{"embeddable":true,"href":"https:\/\/uniejow.pl\/ucop\/wp-json\/wp\/v2\/media\/1944"}],"wp:attachment":[{"href":"https:\/\/uniejow.pl\/ucop\/wp-json\/wp\/v2\/media?parent=1941"}],"wp:term":[{"taxonomy":"category","embeddable":true,"href":"https:\/\/uniejow.pl\/ucop\/wp-json\/wp\/v2\/categories?post=1941"},{"taxonomy":"post_tag","embeddable":true,"href":"https:\/\/uniejow.pl\/ucop\/wp-json\/wp\/v2\/tags?post=1941"}],"curies":[{"name":"wp","href":"https:\/\/api.w.org\/{rel}","templated":true}]}}