{"id":1960,"date":"2025-08-06T09:16:57","date_gmt":"2025-08-06T08:16:57","guid":{"rendered":"https:\/\/uniejow.pl\/ucop\/?p=1960"},"modified":"2025-08-06T09:16:58","modified_gmt":"2025-08-06T08:16:58","slug":"projekt-e-bon-zdobadz-nowe-kwalifikacje","status":"publish","type":"post","link":"https:\/\/uniejow.pl\/ucop\/aktualnosci\/projekt-e-bon-zdobadz-nowe-kwalifikacje\/","title":{"rendered":"Projekt E-bon &#8211; Zdob\u0105d\u017a nowe kwalifikacje!"},"content":{"rendered":"\n<p>Ju\u017c 11 sierpnia 2025 r. o godzinie 16:00 rusza <strong>NAB\u00d3R 3<\/strong> w ramach projektu bonowego! To idealna okazja dla os\u00f3b doros\u0142ych, kt\u00f3re <strong>wiedz\u0105, w jakim kierunku chc\u0105 si\u0119 rozwija\u0107<\/strong> i nie potrzebuj\u0105 wsparcia doradcy zawodowego ani bilansu kompetencji.<\/p>\n\n\n\n<h3 class=\"wp-block-heading\">Dla kogo jest ten nab\u00f3r?<\/h3>\n\n\n\n<p>Zg\u0142o\u015b si\u0119, je\u015bli:<\/p>\n\n\n\n<ul class=\"wp-block-list\">\n<li>jeste\u015b osob\u0105 doros\u0142\u0105,<\/li>\n\n\n\n<li>mieszkasz, uczysz si\u0119 lub pracujesz na terenie wojew\u00f3dztwa \u0142\u00f3dzkiego (zgodnie z przepisami Kodeksu Cywilnego),<\/li>\n\n\n\n<li>nie prowadzisz dzia\u0142alno\u015bci gospodarczej,<\/li>\n\n\n\n<li>chcesz z w\u0142asnej inicjatywy naby\u0107, podnie\u015b\u0107 lub zmieni\u0107 swoje kwalifikacje,<\/li>\n\n\n\n<li>chcesz skorzysta\u0107 z systemu bonowego i Bazy Us\u0142ug Rozwojowych.<\/li>\n<\/ul>\n\n\n\n<p>Ten nab\u00f3r skierowany jest do os\u00f3b, kt\u00f3re s\u0105 <strong>zdecydowane na konkretne szkolenie lub kurs<\/strong> i nie potrzebuj\u0105 dodatkowej diagnozy zawodowej.<\/p>\n\n\n\n<ul class=\"wp-block-list\">\n<li><strong>Start naboru:<\/strong> 11 sierpnia 2025 r., godz. 16:00<\/li>\n\n\n\n<li><strong>Zako\u0144czenie naboru:<\/strong> 15 sierpnia 2025 r., godz. 16:00<br><em>(lub wcze\u015bniej \u2013 w przypadku wyczerpania 150% za\u0142o\u017conej liczby uczestnik\u00f3w)<\/em><\/li>\n<\/ul>\n\n\n\n<p><strong>Liczba miejsc ograniczona!<\/strong> W naborze zakwalifikowanych zostanie maksymalnie <strong>100 os\u00f3b<\/strong>.<\/p>\n\n\n\n<h3 class=\"wp-block-heading\">Jak aplikowa\u0107?<\/h3>\n\n\n\n<p>Aby wzi\u0105\u0107 udzia\u0142 w rekrutacji:<\/p>\n\n\n\n<ol class=\"wp-block-list\">\n<li>Za\u0142\u00f3\u017c konto w systemie \u2013 to konieczne!<\/li>\n\n\n\n<li>Wype\u0142nij formularz zg\u0142oszeniowy dost\u0119pny po klikni\u0119ciu przycisku:  <strong><a href=\"https:\/\/aplikuj.projektebon.pl\/\">Aplikacja Ebon<\/a><\/strong><\/li>\n<\/ol>\n\n\n\n<hr class=\"wp-block-separator has-alpha-channel-opacity\"\/>\n\n\n\n<p>Nie przegap tej szansy!<br>Zr\u00f3b krok w stron\u0119 rozwoju zawodowego na w\u0142asnych zasadach.<\/p>\n\n\n\n<p>Masz pytania? Skontaktuj si\u0119 z naszym zespo\u0142em \u2013 ch\u0119tnie pomo\u017cemy!<\/p>\n\n\n\n<p>\u017ar\u00f3d\u0142o: <a href=\"https:\/\/projektebon.pl\/\">https:\/\/projektebon.pl\/<\/a> <\/p>\n\n\n\n<p><\/p>\n\n\n\n<p>AS<\/p>\n","protected":false},"excerpt":{"rendered":"<p>Ju\u017c 11 sierpnia 2025 r. o godzinie 16:00 rusza NAB\u00d3R 3 w ramach projektu bonowego! To idealna okazja dla os\u00f3b [&#8230;]<\/p>\n<p><a class=\"btn btn-secondary understrap-read-more-link\" href=\"https:\/\/uniejow.pl\/ucop\/aktualnosci\/projekt-e-bon-zdobadz-nowe-kwalifikacje\/\">Czytaj dalej\u2026<span class=\"screen-reader-text\"> from Projekt E-bon &#8211; Zdob\u0105d\u017a nowe kwalifikacje!<\/span><\/a><\/p>\n","protected":false},"author":2,"featured_media":1961,"comment_status":"closed","ping_status":"closed","sticky":false,"template":"","format":"standard","meta":{"_acf_changed":false,"footnotes":""},"categories":[4],"tags":[],"class_list":["post-1960","post","type-post","status-publish","format-standard","has-post-thumbnail","hentry","category-aktualnosci"],"acf":[],"_links":{"self":[{"href":"https:\/\/uniejow.pl\/ucop\/wp-json\/wp\/v2\/posts\/1960","targetHints":{"allow":["GET"]}}],"collection":[{"href":"https:\/\/uniejow.pl\/ucop\/wp-json\/wp\/v2\/posts"}],"about":[{"href":"https:\/\/uniejow.pl\/ucop\/wp-json\/wp\/v2\/types\/post"}],"author":[{"embeddable":true,"href":"https:\/\/uniejow.pl\/ucop\/wp-json\/wp\/v2\/users\/2"}],"replies":[{"embeddable":true,"href":"https:\/\/uniejow.pl\/ucop\/wp-json\/wp\/v2\/comments?post=1960"}],"version-history":[{"count":1,"href":"https:\/\/uniejow.pl\/ucop\/wp-json\/wp\/v2\/posts\/1960\/revisions"}],"predecessor-version":[{"id":1962,"href":"https:\/\/uniejow.pl\/ucop\/wp-json\/wp\/v2\/posts\/1960\/revisions\/1962"}],"wp:featuredmedia":[{"embeddable":true,"href":"https:\/\/uniejow.pl\/ucop\/wp-json\/wp\/v2\/media\/1961"}],"wp:attachment":[{"href":"https:\/\/uniejow.pl\/ucop\/wp-json\/wp\/v2\/media?parent=1960"}],"wp:term":[{"taxonomy":"category","embeddable":true,"href":"https:\/\/uniejow.pl\/ucop\/wp-json\/wp\/v2\/categories?post=1960"},{"taxonomy":"post_tag","embeddable":true,"href":"https:\/\/uniejow.pl\/ucop\/wp-json\/wp\/v2\/tags?post=1960"}],"curies":[{"name":"wp","href":"https:\/\/api.w.org\/{rel}","templated":true}]}}