{"id":1965,"date":"2025-08-21T09:34:26","date_gmt":"2025-08-21T08:34:26","guid":{"rendered":"https:\/\/uniejow.pl\/ucop\/?p=1965"},"modified":"2025-08-21T09:34:27","modified_gmt":"2025-08-21T08:34:27","slug":"akademia-biznesu-w-lodzi-bezplatne-szkolenie","status":"publish","type":"post","link":"https:\/\/uniejow.pl\/ucop\/aktualnosci\/akademia-biznesu-w-lodzi-bezplatne-szkolenie\/","title":{"rendered":"Akademia Biznesu w \u0141odzi &#8211; Bezp\u0142atne szkolenie"},"content":{"rendered":"\n<p><\/p>\n\n\n\n<p>Polska Agencja Inwestycji i Handlu (PAIH) wsp\u00f3lnie z Wojew\u00f3dztwem \u0141\u00f3dzkim zapraszaj\u0105 przedsi\u0119biorc\u00f3w na <strong>Akademi\u0119 Biznesu<\/strong> \u2014 dwudniowe, bezp\u0142atne szkolenie adresowane do firm, kt\u00f3re chc\u0105 rozpocz\u0105\u0107 lub rozwin\u0105\u0107 dzia\u0142alno\u015b\u0107 eksportow\u0105. Wydarzenie odb\u0119dzie si\u0119 <strong>18\u201319 wrze\u015bnia 2025 r. w \u0141odzi<\/strong>.<\/p>\n\n\n\n<p>Akademia Biznesu skierowana jest przede wszystkim do przedsi\u0119biorc\u00f3w z wojew\u00f3dztwa \u0142\u00f3dzkiego, kt\u00f3rzy planuj\u0105 wej\u015bcie na rynki zagraniczne lub rozw\u00f3j eksportu. Udzia\u0142 jest bezp\u0142atny, a liczba miejsc ograniczona.<\/p>\n\n\n\n<h3 class=\"wp-block-heading\">Program szkolenia<\/h3>\n\n\n\n<h4 class=\"wp-block-heading\"><strong>Dzie\u0144 I \u2013 18 wrze\u015bnia<\/strong><\/h4>\n\n\n\n<ul class=\"wp-block-list\">\n<li>Rejestracja uczestnik\u00f3w oraz powitanie i wprowadzenie do projektu<\/li>\n\n\n\n<li>Wyst\u0105pienia publiczne \u2013 jak przygotowa\u0107 skuteczne prezentacje<\/li>\n\n\n\n<li>Narz\u0119dzia cyfrowe i cyfryzacja eksportu \u2013 praktyczne wykorzystanie technologii<\/li>\n\n\n\n<li>Strategia eksportowa produkt\u00f3w i us\u0142ug<\/li>\n\n\n\n<li>E\u2011commerce i \u015bwiat eksportu cyfrowego<\/li>\n<\/ul>\n\n\n\n<h4 class=\"wp-block-heading\"><strong>Dzie\u0144 II \u2013 19 wrze\u015bnia<\/strong><\/h4>\n\n\n\n<ul class=\"wp-block-list\">\n<li>ESG \u2013 szanse i wyzwania w dzia\u0142alno\u015bci eksportowej<\/li>\n\n\n\n<li>R\u00f3\u017cnice kulturowe \u2013 jak budowa\u0107 relacje z partnerami za granic\u0105<\/li>\n\n\n\n<li>Matchmaking &amp; networking \u2013 indywidualne rozmowy:\n<ul class=\"wp-block-list\">\n<li>Zagraniczne Biura Handlowe PAIH<\/li>\n\n\n\n<li>Instytucje wspieraj\u0105ce eksport (PAIH, PARP, KUKE, EMF, ARP, \u0141ARR)<\/li>\n<\/ul>\n<\/li>\n<\/ul>\n\n\n\n<h3 class=\"wp-block-heading\">Dlaczego warto wzi\u0105\u0107 udzia\u0142?<\/h3>\n\n\n\n<ul class=\"wp-block-list\">\n<li>Uzyskasz praktyczn\u0105 wiedz\u0119 o marketingu mi\u0119dzynarodowym, ofertach eksportowych, ESG, strategiach sprzeda\u017cy i cyfryzacji przedsi\u0119borstw<\/li>\n\n\n\n<li>Skorzystasz z indywidualnych konsultacji z instytucjami wspieraj\u0105cymi eksport, w tym z Biurami Handlowymi PAIH <\/li>\n\n\n\n<li>Zbudujesz sie\u0107 cennych kontakt\u00f3w podczas rozm\u00f3w stolikowych i sesji networkingowych <\/li>\n<\/ul>\n\n\n\n<h3 class=\"wp-block-heading\">Szczeg\u00f3\u0142y organizacyjne:<\/h3>\n\n\n\n<ul class=\"wp-block-list\">\n<li><strong>Data:<\/strong> 18\u201319 wrze\u015bnia 2025 r.<\/li>\n\n\n\n<li><strong>Miejsce:<\/strong> \u0141\u00f3dzka Agencja Rozwoju Regionalnego S.A., ul. Narutowicza 34, \u0141\u00f3d\u017a <\/li>\n\n\n\n<li><strong>Rejestracja:<\/strong> poprzez udost\u0119pniony <strong><a href=\"https:\/\/www.paih.gov.pl\/wydarzenia-zapisy\/rejestracja-akademia-biznesu-w-lodzi\/\">formularz <\/a><\/strong>do dnia <strong>15 wrze\u015bnia 2025 r.<\/strong> <\/li>\n<\/ul>\n\n\n\n<p>W razie pyta\u0144 skontaktuj si\u0119 z organizatorami (m.in. z PAIH):<br>Monika Zdrojek, Departament Promocji PAIH \u2013 <a href=\"mailto:monika.zdrojek@paih.gov.pl\">monika.zdrojek@paih.gov.pl<\/a> <\/p>\n\n\n\n<p><\/p>\n\n\n\n<p>AS<\/p>\n\n\n\n<p><\/p>\n","protected":false},"excerpt":{"rendered":"<p>Polska Agencja Inwestycji i Handlu (PAIH) wsp\u00f3lnie z Wojew\u00f3dztwem \u0141\u00f3dzkim zapraszaj\u0105 przedsi\u0119biorc\u00f3w na Akademi\u0119 Biznesu \u2014 dwudniowe, bezp\u0142atne szkolenie adresowane [&#8230;]<\/p>\n<p><a class=\"btn btn-secondary understrap-read-more-link\" href=\"https:\/\/uniejow.pl\/ucop\/aktualnosci\/akademia-biznesu-w-lodzi-bezplatne-szkolenie\/\">Czytaj dalej\u2026<span class=\"screen-reader-text\"> from Akademia Biznesu w \u0141odzi &#8211; Bezp\u0142atne szkolenie<\/span><\/a><\/p>\n","protected":false},"author":2,"featured_media":1966,"comment_status":"closed","ping_status":"closed","sticky":false,"template":"","format":"standard","meta":{"_acf_changed":false,"footnotes":""},"categories":[4],"tags":[],"class_list":["post-1965","post","type-post","status-publish","format-standard","has-post-thumbnail","hentry","category-aktualnosci"],"acf":[],"_links":{"self":[{"href":"https:\/\/uniejow.pl\/ucop\/wp-json\/wp\/v2\/posts\/1965","targetHints":{"allow":["GET"]}}],"collection":[{"href":"https:\/\/uniejow.pl\/ucop\/wp-json\/wp\/v2\/posts"}],"about":[{"href":"https:\/\/uniejow.pl\/ucop\/wp-json\/wp\/v2\/types\/post"}],"author":[{"embeddable":true,"href":"https:\/\/uniejow.pl\/ucop\/wp-json\/wp\/v2\/users\/2"}],"replies":[{"embeddable":true,"href":"https:\/\/uniejow.pl\/ucop\/wp-json\/wp\/v2\/comments?post=1965"}],"version-history":[{"count":1,"href":"https:\/\/uniejow.pl\/ucop\/wp-json\/wp\/v2\/posts\/1965\/revisions"}],"predecessor-version":[{"id":1967,"href":"https:\/\/uniejow.pl\/ucop\/wp-json\/wp\/v2\/posts\/1965\/revisions\/1967"}],"wp:featuredmedia":[{"embeddable":true,"href":"https:\/\/uniejow.pl\/ucop\/wp-json\/wp\/v2\/media\/1966"}],"wp:attachment":[{"href":"https:\/\/uniejow.pl\/ucop\/wp-json\/wp\/v2\/media?parent=1965"}],"wp:term":[{"taxonomy":"category","embeddable":true,"href":"https:\/\/uniejow.pl\/ucop\/wp-json\/wp\/v2\/categories?post=1965"},{"taxonomy":"post_tag","embeddable":true,"href":"https:\/\/uniejow.pl\/ucop\/wp-json\/wp\/v2\/tags?post=1965"}],"curies":[{"name":"wp","href":"https:\/\/api.w.org\/{rel}","templated":true}]}}