{"id":1968,"date":"2025-08-07T08:30:00","date_gmt":"2025-08-07T07:30:00","guid":{"rendered":"https:\/\/uniejow.pl\/ucop\/?p=1968"},"modified":"2025-08-06T10:31:23","modified_gmt":"2025-08-06T09:31:23","slug":"misja-gospodarcza-na-targi-adife-2025-szansa-dla-firm-branzy-spozywczej","status":"publish","type":"post","link":"https:\/\/uniejow.pl\/ucop\/aktualnosci\/misja-gospodarcza-na-targi-adife-2025-szansa-dla-firm-branzy-spozywczej\/","title":{"rendered":"Misja Gospodarcza na targi ADIFE\u202f2025 \u2013 szansa dla firm bran\u017cy spo\u017cywczej"},"content":{"rendered":"\n<p>Wojew\u00f3dztwo \u0141\u00f3dzkie og\u0142asza rekrutacj\u0119 firm z sektora spo\u017cywczego na <strong>Misj\u0119 Gospodarcz\u0105 na targi Abu Dhabi International Food Exhibition (ADIFE 2025)<\/strong>, kt\u00f3ra odb\u0119dzie si\u0119 w dniach <strong>21\u201323 pa\u017adziernika 2025 r.<\/strong> w Abu Dhabi w Zjednoczonych Emiratach Arabskich.<\/p>\n\n\n\n<h3 class=\"wp-block-heading\">Cel misji<\/h3>\n\n\n\n<p>Celem wydarzenia jest umo\u017cliwienie przedsi\u0119biorcom z sektora <strong>innowacyjnego rolnictwa i przetw\u00f3rstwa rolno\u2011spo\u017cywczego<\/strong> z wojew\u00f3dztwa \u0142\u00f3dzkiego ekspansji na rynek Bliskiego Wschodu poprzez bezpo\u015bredni udzia\u0142 w presti\u017cowych targach ADIFE 2025. Uczestnictwo to doskona\u0142a okazja do pozyskania nowych kontrahent\u00f3w, zaprezentowania oferty i zdobycia wiedzy o specyfice regionu.<\/p>\n\n\n\n<p>W ramach dofinansowania Wojew\u00f3dztwo \u0141\u00f3dzkie pokryje m.in.:<\/p>\n\n\n\n<ul class=\"wp-block-list\">\n<li>op\u0142aty za udzia\u0142 w targach,<\/li>\n\n\n\n<li>wizyty studyjne zwi\u0105zane z kultur\u0105 i gospodarczym kontekstem regionu,<\/li>\n\n\n\n<li>transport i zakwaterowanie dla maksymalnie dw\u00f3ch os\u00f3b z ka\u017cdej firmy,<\/li>\n\n\n\n<li>stoisko targowe z wyposa\u017ceniem,<\/li>\n\n\n\n<li>t\u0142umaczenie us\u0142ug na miejscu,<\/li>\n\n\n\n<li>transport materia\u0142\u00f3w promocyjnych i produkt\u00f3w,<\/li>\n\n\n\n<li>ubezpieczenie uczestnik\u00f3w <\/li>\n<\/ul>\n\n\n\n<p>Przedsi\u0119biorcy samodzielnie pokrywaj\u0105 koszty wy\u017cywienia oraz inne nieuj\u0119te w programie \u015bwiadczenia.<\/p>\n\n\n\n<p>Udzia\u0142 stanowi pomoc typu de minimis \u2013 szacowana wysoko\u015b\u0107 wsparcia przypadaj\u0105ca na jedno przedsi\u0119biorstwo to <strong>102\u202f500\u202fz\u0142 brutto<\/strong>.<\/p>\n\n\n\n<h3 class=\"wp-block-heading\">Kto mo\u017ce aplikowa\u0107?<\/h3>\n\n\n\n<p>W rekrutacji mog\u0105 wzi\u0105\u0107 udzia\u0142 wy\u0142\u0105cznie przedsi\u0119biorcy z sektora <strong>mikro, ma\u0142ych i \u015brednich firm (M\u015aP)<\/strong> prowadz\u0105cy dzia\u0142alno\u015b\u0107 gospodarcz\u0105 w wojew\u00f3dztwie \u0142\u00f3dzkim w obszarze <strong>innowacyjnego rolnictwa i przetw\u00f3rstwa spo\u017cywczego<\/strong> \u2013 w szczeg\u00f3lno\u015bci producenci lub dystrybutorzy wyrob\u00f3w spo\u017cywczych i napoj\u00f3w.<\/p>\n\n\n\n<p><\/p>\n\n\n\n<h3 class=\"wp-block-heading\">Termin i zasady zg\u0142osze\u0144<\/h3>\n\n\n\n<p>Zg\u0142oszenia przyjmowane s\u0105 do <strong>20 sierpnia 2025 r. do godz. 12:00<\/strong>. Wymagane dokumenty:<\/p>\n\n\n\n<ol class=\"wp-block-list\">\n<li><a href=\"https:\/\/biznes.lodzkie.pl\/rekrutacja-misja-gospodarcza-na-targi-adife-2025\/\">Formularz zg\u0142oszeniowy<\/a>,<\/li>\n\n\n\n<li>Za\u0142\u0105cznik nr\u202f2 (formularz informacji o pomocy de minimis),<\/li>\n\n\n\n<li>Scany dokument\u00f3w podpisane odr\u0119cznie lub kwalifikowanym\/ zaufanym podpisem przez osob\u0119 upowa\u017cnion\u0105 do reprezentacji przedsi\u0119biorstwa.<\/li>\n<\/ol>\n\n\n\n<p>Zg\u0142oszenia typu niekompletne lub niespe\u0142niaj\u0105ce formalnych wymog\u00f3w nie b\u0119d\u0105 rozpatrywane.<\/p>\n\n\n\n<p>Wyniki rekrutacji zostan\u0105 opublikowane na stronie biznes.lodzkie.pl <strong>w ci\u0105gu 21 dni od zako\u0144czenia naboru<\/strong>. Zakwalifikowane firmy podpisz\u0105 <strong>Umow\u0119 o dofinansowanie<\/strong> zgodnie ze wzorem zawartym w regulaminie (Za\u0142\u0105cznik nr\u202f4).<\/p>\n\n\n\n<h3 class=\"wp-block-heading\">Dlaczego warto wzi\u0105\u0107 udzia\u0142 w Targach?<\/h3>\n\n\n\n<p>Targi ADIFE to jedno z najwi\u0119kszych wydarze\u0144 bran\u017cy spo\u017cywczej na Bliskim Wschodzie \u2013 przyci\u0105gaj\u0105 tysi\u0105ce odwiedzaj\u0105cych i setki wystawc\u00f3w z ca\u0142ego \u015bwiata. Uczestnictwo daje mo\u017cliwo\u015b\u0107 prezentacji produkt\u00f3w, zdobycia wiedzy o wymaganiach rynkowych i budowania relacji biznesowych w dynamicznym regionie eksportowym.<\/p>\n\n\n\n<p>Export rolno-spo\u017cywczy do ZEA osi\u0105ga warto\u015b\u0107 miliard\u00f3w dolar\u00f3w, m.in. polskie produkty mleczne, jab\u0142ka, przetwory zbo\u017cowe ciesz\u0105 si\u0119 rosn\u0105cym popytem. <\/p>\n\n\n\n<p>W razie pyta\u0144 mo\u017cna skontaktowa\u0107 si\u0119 z Departamentem Przedsi\u0119biorczo\u015bci i Sprawiedliwej Transformacji Urz\u0119du Marsza\u0142kowskiego Wojew\u00f3dztwa \u0141\u00f3dzkiego \u2013 dane kontaktowe dost\u0119pne na stronie organizatora <a href=\"http:\/\/www.biznes.lodzkie.pl\">www.biznes.lodzkie.pl <\/a><\/p>\n\n\n\n<p><\/p>\n\n\n\n<p>AS<\/p>\n\n\n\n<p><\/p>\n","protected":false},"excerpt":{"rendered":"<p>Wojew\u00f3dztwo \u0141\u00f3dzkie og\u0142asza rekrutacj\u0119 firm z sektora spo\u017cywczego na Misj\u0119 Gospodarcz\u0105 na targi Abu Dhabi International Food Exhibition (ADIFE 2025), [&#8230;]<\/p>\n<p><a class=\"btn btn-secondary understrap-read-more-link\" href=\"https:\/\/uniejow.pl\/ucop\/aktualnosci\/misja-gospodarcza-na-targi-adife-2025-szansa-dla-firm-branzy-spozywczej\/\">Czytaj dalej\u2026<span class=\"screen-reader-text\"> from Misja Gospodarcza na targi ADIFE\u202f2025 \u2013 szansa dla firm bran\u017cy spo\u017cywczej<\/span><\/a><\/p>\n","protected":false},"author":2,"featured_media":1969,"comment_status":"closed","ping_status":"closed","sticky":false,"template":"","format":"standard","meta":{"_acf_changed":false,"footnotes":""},"categories":[4],"tags":[],"class_list":["post-1968","post","type-post","status-publish","format-standard","has-post-thumbnail","hentry","category-aktualnosci"],"acf":[],"_links":{"self":[{"href":"https:\/\/uniejow.pl\/ucop\/wp-json\/wp\/v2\/posts\/1968","targetHints":{"allow":["GET"]}}],"collection":[{"href":"https:\/\/uniejow.pl\/ucop\/wp-json\/wp\/v2\/posts"}],"about":[{"href":"https:\/\/uniejow.pl\/ucop\/wp-json\/wp\/v2\/types\/post"}],"author":[{"embeddable":true,"href":"https:\/\/uniejow.pl\/ucop\/wp-json\/wp\/v2\/users\/2"}],"replies":[{"embeddable":true,"href":"https:\/\/uniejow.pl\/ucop\/wp-json\/wp\/v2\/comments?post=1968"}],"version-history":[{"count":2,"href":"https:\/\/uniejow.pl\/ucop\/wp-json\/wp\/v2\/posts\/1968\/revisions"}],"predecessor-version":[{"id":1971,"href":"https:\/\/uniejow.pl\/ucop\/wp-json\/wp\/v2\/posts\/1968\/revisions\/1971"}],"wp:featuredmedia":[{"embeddable":true,"href":"https:\/\/uniejow.pl\/ucop\/wp-json\/wp\/v2\/media\/1969"}],"wp:attachment":[{"href":"https:\/\/uniejow.pl\/ucop\/wp-json\/wp\/v2\/media?parent=1968"}],"wp:term":[{"taxonomy":"category","embeddable":true,"href":"https:\/\/uniejow.pl\/ucop\/wp-json\/wp\/v2\/categories?post=1968"},{"taxonomy":"post_tag","embeddable":true,"href":"https:\/\/uniejow.pl\/ucop\/wp-json\/wp\/v2\/tags?post=1968"}],"curies":[{"name":"wp","href":"https:\/\/api.w.org\/{rel}","templated":true}]}}