{"id":1976,"date":"2025-08-06T11:45:27","date_gmt":"2025-08-06T10:45:27","guid":{"rendered":"https:\/\/uniejow.pl\/ucop\/?p=1976"},"modified":"2025-08-06T11:45:28","modified_gmt":"2025-08-06T10:45:28","slug":"targi-pollutec-2025-szansa-na-promocje-dla-polskich-firm-z-sektora-zielonych-technologii","status":"publish","type":"post","link":"https:\/\/uniejow.pl\/ucop\/aktualnosci\/targi-pollutec-2025-szansa-na-promocje-dla-polskich-firm-z-sektora-zielonych-technologii\/","title":{"rendered":"Targi Pollutec 2025 \u2013 szansa na promocj\u0119 dla polskich firm z sektora zielonych technologii"},"content":{"rendered":"\n<p><\/p>\n\n\n\n<p><strong>Polska Agencja Rozwoju Przedsi\u0119biorczo\u015bci (PARP) organizuje kolejne polskie stoisko narodowe dla sektora zielonych technologii \u2013 tym razem na targach Pollutec 2025.<br>Wydarzenie odb\u0119dzie si\u0119 w dniach 7\u201310 pa\u017adziernika 2025 r. w Lyonie (Francja).<\/strong><\/p>\n\n\n\n<p>Targi Pollutec to najwi\u0119ksze w Europie wydarzenie po\u015bwi\u0119cone rozwi\u0105zaniom z zakresu ochrony \u015brodowiska i energii.<br>Co roku gromadzi ono ok. 2 000 wystawc\u00f3w i 51 000 odwiedzaj\u0105cych z ponad 110 kraj\u00f3w.<\/p>\n\n\n\n<p>Targi mog\u0105 poszczyci\u0107 si\u0119 45-letni\u0105 histori\u0105 i prezentuj\u0105 innowacyjne rozwi\u0105zania z 11 sektor\u00f3w:<\/p>\n\n\n\n<ul class=\"wp-block-list\">\n<li>gospodarowanie odpadami,<\/li>\n\n\n\n<li>woda,<\/li>\n\n\n\n<li>energia,<\/li>\n\n\n\n<li>zanieczyszczone tereny i gleby,<\/li>\n\n\n\n<li>zr\u00f3wnowa\u017cone miasta i region,<\/li>\n\n\n\n<li>jako\u015b\u0107 powietrza, ha\u0142as, zanieczyszczenia,<\/li>\n\n\n\n<li>oprzyrz\u0105dowanie, metrologia, analiza,<\/li>\n\n\n\n<li>zarz\u0105dzanie ryzykiem i zapobieganie,<\/li>\n\n\n\n<li>bior\u00f3\u017cnorodno\u015b\u0107 i biogospodarka,<\/li>\n\n\n\n<li>grupy i instytucje,<\/li>\n\n\n\n<li>finanse i ubezpieczenia.<\/li>\n<\/ul>\n\n\n\n<p>Pollutec oferuje r\u00f3wnie\u017c bogaty program wydarze\u0144 \u2013 ponad 20 obszar\u00f3w tematycznych, debaty oraz <a href=\"https:\/\/www.parp.gov.pl\/component\/parpevents\/event\/3692\" target=\"_blank\" rel=\"noreferrer noopener\">dedykowane wydarzenie B2B<\/a>.<br>Wi\u0119cej informacji o targach mo\u017cna znale\u017a\u0107 na <a href=\"https:\/\/www.pollutec.com\/en-gb.html\" target=\"_blank\" rel=\"noreferrer noopener\">stronie g\u0142\u00f3wnej wydarzenia<\/a>.<\/p>\n\n\n\n<p>Zach\u0119camy firmy z sektora zielonych technologii do zapoznania si\u0119 z mo\u017cliwo\u015bciami promocji na polskim stoisku.<br><a href=\"https:\/\/www.parp.gov.pl\/component\/parpevents\/event\/3699\" target=\"_blank\" rel=\"noreferrer noopener\">Zarejestruj si\u0119 ju\u017c dzi\u015b<\/a>!<\/p>\n\n\n\n<p>M\u0141<\/p>\n","protected":false},"excerpt":{"rendered":"<p>Polska Agencja Rozwoju Przedsi\u0119biorczo\u015bci (PARP) organizuje kolejne polskie stoisko narodowe dla sektora zielonych technologii \u2013 tym razem na targach Pollutec [&#8230;]<\/p>\n<p><a class=\"btn btn-secondary understrap-read-more-link\" href=\"https:\/\/uniejow.pl\/ucop\/aktualnosci\/targi-pollutec-2025-szansa-na-promocje-dla-polskich-firm-z-sektora-zielonych-technologii\/\">Czytaj dalej\u2026<span class=\"screen-reader-text\"> from Targi Pollutec 2025 \u2013 szansa na promocj\u0119 dla polskich firm z sektora zielonych technologii<\/span><\/a><\/p>\n","protected":false},"author":5,"featured_media":1977,"comment_status":"closed","ping_status":"closed","sticky":false,"template":"","format":"standard","meta":{"_acf_changed":false,"footnotes":""},"categories":[4],"tags":[],"class_list":["post-1976","post","type-post","status-publish","format-standard","has-post-thumbnail","hentry","category-aktualnosci"],"acf":[],"_links":{"self":[{"href":"https:\/\/uniejow.pl\/ucop\/wp-json\/wp\/v2\/posts\/1976","targetHints":{"allow":["GET"]}}],"collection":[{"href":"https:\/\/uniejow.pl\/ucop\/wp-json\/wp\/v2\/posts"}],"about":[{"href":"https:\/\/uniejow.pl\/ucop\/wp-json\/wp\/v2\/types\/post"}],"author":[{"embeddable":true,"href":"https:\/\/uniejow.pl\/ucop\/wp-json\/wp\/v2\/users\/5"}],"replies":[{"embeddable":true,"href":"https:\/\/uniejow.pl\/ucop\/wp-json\/wp\/v2\/comments?post=1976"}],"version-history":[{"count":1,"href":"https:\/\/uniejow.pl\/ucop\/wp-json\/wp\/v2\/posts\/1976\/revisions"}],"predecessor-version":[{"id":1978,"href":"https:\/\/uniejow.pl\/ucop\/wp-json\/wp\/v2\/posts\/1976\/revisions\/1978"}],"wp:featuredmedia":[{"embeddable":true,"href":"https:\/\/uniejow.pl\/ucop\/wp-json\/wp\/v2\/media\/1977"}],"wp:attachment":[{"href":"https:\/\/uniejow.pl\/ucop\/wp-json\/wp\/v2\/media?parent=1976"}],"wp:term":[{"taxonomy":"category","embeddable":true,"href":"https:\/\/uniejow.pl\/ucop\/wp-json\/wp\/v2\/categories?post=1976"},{"taxonomy":"post_tag","embeddable":true,"href":"https:\/\/uniejow.pl\/ucop\/wp-json\/wp\/v2\/tags?post=1976"}],"curies":[{"name":"wp","href":"https:\/\/api.w.org\/{rel}","templated":true}]}}