{"id":1979,"date":"2025-08-06T12:58:33","date_gmt":"2025-08-06T11:58:33","guid":{"rendered":"https:\/\/uniejow.pl\/ucop\/?p=1979"},"modified":"2025-08-06T12:58:34","modified_gmt":"2025-08-06T11:58:34","slug":"przedsiebiorco-chcesz-rozpoczac-dzialalnosc-na-rynku-niemieckim-to-spotkanie-jest-dla-ciebie","status":"publish","type":"post","link":"https:\/\/uniejow.pl\/ucop\/aktualnosci\/przedsiebiorco-chcesz-rozpoczac-dzialalnosc-na-rynku-niemieckim-to-spotkanie-jest-dla-ciebie\/","title":{"rendered":"Przedsi\u0119biorco! Chcesz rozpocz\u0105\u0107 dzia\u0142alno\u015b\u0107 na rynku niemieckim? To spotkanie jest dla Ciebie"},"content":{"rendered":"\n<p><\/p>\n\n\n\n<p>16 wrze\u015bnia w \u0141odzi <a href=\"https:\/\/www.facebook.com\/ahkpolska?__cft__[0]=AZXClG9vpGFq4Y3pzZ_W-gLzP98x2n4Dfw5Z_aSoAgaOHIQvr59OoMsK3gmX6YWExno9AboQPT-dsKDec2MS3sFeOwaPiNnoWuAwlWSIBPqU-Mff_xk-Wxxxa3KzOkOeD0pT3ETFTae3BvRlpHH-bgPrgsHiDGPKHpF7LAUvPSNIresR_8R7mWa31yVKFfQj-dk&amp;__tn__=-]K*F\">Polsko-Niemiecka Izba Przemys\u0142owo-Handlowa<\/a> zaprasza na Focus on Germany czyli solidn\u0105 porcj\u0119 wiedzy o tym, jak rozpocz\u0105\u0107 dzia\u0142alno\u015b\u0107 na rynku niemieckim i skutecznie si\u0119 tam odnale\u017a\u0107.<\/p>\n\n\n\n<p>Spotkanie odb\u0119dzie si\u0119 w \u0141\u00f3dzkiej Specjalnej Strefie Ekonomicznej o godz. 16:00<\/p>\n\n\n\n<p>Podczas spotkania poruszone zostan\u0105 kwestie sprawdzonych praktyk, potencjalnych b\u0142\u0119d\u00f3w oraz skutecznych metod budowania relacji biznesowych. Niemcy, jako nasz kluczowy partner handlowy, zas\u0142uguj\u0105 na szczeg\u00f3ln\u0105 uwag\u0119 \u2013 zrozumienie specyfiki tego rynku ma fundamentalne znaczenie dla efektywnej wsp\u00f3\u0142pracy.<\/p>\n\n\n\n<p>Wst\u0119p wolny, ale liczba miejsc ograniczona. <\/p>\n\n\n\n<p><a href=\"https:\/\/www.ahk.pl\/pl\/wydarzenia\/2025\/centrum\/focus-on-germany.-spotkanie-popoludniowe-seminarium-i-koktajl?fbclid=IwY2xjawMAImtleHRuA2FlbQIxMABicmlkETBmeWVtc1VjU2lyUDh3MUtjAR685OOtfnHuBPNzlssaLkwapwvwOm9WBun-bL8zT7yMOhdfZaixvSn1ey_5Jg_aem_ZVBT_zaPhrtppxbV4y6dLw\">Link do rejestracji<\/a><\/p>\n\n\n\n<p><\/p>\n\n\n\n<p>M\u0141<\/p>\n","protected":false},"excerpt":{"rendered":"<p>16 wrze\u015bnia w \u0141odzi Polsko-Niemiecka Izba Przemys\u0142owo-Handlowa zaprasza na Focus on Germany czyli solidn\u0105 porcj\u0119 wiedzy o tym, jak rozpocz\u0105\u0107 [&#8230;]<\/p>\n<p><a class=\"btn btn-secondary understrap-read-more-link\" href=\"https:\/\/uniejow.pl\/ucop\/aktualnosci\/przedsiebiorco-chcesz-rozpoczac-dzialalnosc-na-rynku-niemieckim-to-spotkanie-jest-dla-ciebie\/\">Czytaj dalej\u2026<span class=\"screen-reader-text\"> from Przedsi\u0119biorco! Chcesz rozpocz\u0105\u0107 dzia\u0142alno\u015b\u0107 na rynku niemieckim? To spotkanie jest dla Ciebie<\/span><\/a><\/p>\n","protected":false},"author":5,"featured_media":1980,"comment_status":"closed","ping_status":"closed","sticky":false,"template":"","format":"standard","meta":{"_acf_changed":false,"footnotes":""},"categories":[4],"tags":[],"class_list":["post-1979","post","type-post","status-publish","format-standard","has-post-thumbnail","hentry","category-aktualnosci"],"acf":[],"_links":{"self":[{"href":"https:\/\/uniejow.pl\/ucop\/wp-json\/wp\/v2\/posts\/1979","targetHints":{"allow":["GET"]}}],"collection":[{"href":"https:\/\/uniejow.pl\/ucop\/wp-json\/wp\/v2\/posts"}],"about":[{"href":"https:\/\/uniejow.pl\/ucop\/wp-json\/wp\/v2\/types\/post"}],"author":[{"embeddable":true,"href":"https:\/\/uniejow.pl\/ucop\/wp-json\/wp\/v2\/users\/5"}],"replies":[{"embeddable":true,"href":"https:\/\/uniejow.pl\/ucop\/wp-json\/wp\/v2\/comments?post=1979"}],"version-history":[{"count":2,"href":"https:\/\/uniejow.pl\/ucop\/wp-json\/wp\/v2\/posts\/1979\/revisions"}],"predecessor-version":[{"id":1982,"href":"https:\/\/uniejow.pl\/ucop\/wp-json\/wp\/v2\/posts\/1979\/revisions\/1982"}],"wp:featuredmedia":[{"embeddable":true,"href":"https:\/\/uniejow.pl\/ucop\/wp-json\/wp\/v2\/media\/1980"}],"wp:attachment":[{"href":"https:\/\/uniejow.pl\/ucop\/wp-json\/wp\/v2\/media?parent=1979"}],"wp:term":[{"taxonomy":"category","embeddable":true,"href":"https:\/\/uniejow.pl\/ucop\/wp-json\/wp\/v2\/categories?post=1979"},{"taxonomy":"post_tag","embeddable":true,"href":"https:\/\/uniejow.pl\/ucop\/wp-json\/wp\/v2\/tags?post=1979"}],"curies":[{"name":"wp","href":"https:\/\/api.w.org\/{rel}","templated":true}]}}