{"id":1987,"date":"2025-08-08T11:39:39","date_gmt":"2025-08-08T10:39:39","guid":{"rendered":"https:\/\/uniejow.pl\/ucop\/?p=1987"},"modified":"2025-08-08T11:50:54","modified_gmt":"2025-08-08T10:50:54","slug":"bon-apetyt-na-rozwoj-2-2","status":"publish","type":"post","link":"https:\/\/uniejow.pl\/ucop\/aktualnosci\/bon-apetyt-na-rozwoj-2-2\/","title":{"rendered":"Bon &#8211; Apetyt na rozw\u00f3j 2"},"content":{"rendered":"\n<p><\/p>\n\n\n\n<h2 class=\"wp-block-heading\"><\/h2>\n\n\n\n<p>\u0141\u00f3dzka Agencja Rozwoju Regionalnego S.A. og\u0142asza nowy <strong>nab\u00f3r wniosk\u00f3w w ramach projektu \u201eBon \u2013 apetyt na Rozw\u00f3j 2\u201d<\/strong>, realizowanego z programu Fundusze Europejskie dla \u0141\u00f3dzkiego (FE\u0141) 2021\u20132027. Jest to doskona\u0142a okazja dla przedsi\u0119biorc\u00f3w z wojew\u00f3dztwa \u0142\u00f3dzkiego, kt\u00f3rzy chc\u0105 zainwestowa\u0107 w rozw\u00f3j kompetencji swoich pracownik\u00f3w.<\/p>\n\n\n\n<p><strong>Numer projektu:<\/strong> FELD.08.02-IZ.00-0007\/23<br><strong>Nazwa naboru:<\/strong> NAB\u00d3R X \u201eNab\u00f3r bon\u00f3w kr\u00f3tko- i d\u0142ugoterminowych (np. studia podyplomowe)\u201d<\/p>\n\n\n\n<p><\/p>\n\n\n\n<h3 class=\"wp-block-heading\">Termin naboru:<\/h3>\n\n\n\n<ul class=\"wp-block-list\">\n<li><strong>Rozpocz\u0119cie:<\/strong> 29 sierpnia 2025 r., godz. 11:00<\/li>\n\n\n\n<li><strong>Zako\u0144czenie:<\/strong> 28 wrze\u015bnia 2025 r., godz. 15:00<\/li>\n<\/ul>\n\n\n\n<h3 class=\"wp-block-heading\">Adresaci naboru:<\/h3>\n\n\n\n<p>Nab\u00f3r skierowany jest do:<\/p>\n\n\n\n<ul class=\"wp-block-list\">\n<li>mikro i ma\u0142ych przedsi\u0119biorc\u00f3w,<\/li>\n\n\n\n<li>pracodawc\u00f3w nieb\u0119d\u0105cych jednostkami sektora finans\u00f3w publicznych, kt\u00f3rzy posiadaj\u0105 siedzib\u0119 firmy na terenie wojew\u00f3dztwa \u0142\u00f3dzkiego.<\/li>\n<\/ul>\n\n\n\n<h3 class=\"wp-block-heading\">Warunki wsparcia:<\/h3>\n\n\n\n<ul class=\"wp-block-list\">\n<li><strong>Alokacja \u015brodk\u00f3w:<\/strong> 1 250 000,00 z\u0142<\/li>\n\n\n\n<li><strong>Limit wsparcia na pracownika:<\/strong> 7 600,00 z\u0142 (w tym wymagany wk\u0142ad w\u0142asny 15%)<\/li>\n\n\n\n<li><strong>Limity kwotowe dla firm:<\/strong>\n<ul class=\"wp-block-list\">\n<li>mikroprzedsi\u0119biorstwa: do 50 000,00 z\u0142<\/li>\n\n\n\n<li>ma\u0142e przedsi\u0119biorstwa: do 80 000,00 z\u0142<\/li>\n\n\n\n<li>pracodawcy nieb\u0119d\u0105cy jednostkami sektora finans\u00f3w publicznych: do 50 000,00 z\u0142<\/li>\n<\/ul>\n<\/li>\n<\/ul>\n\n\n\n<h3 class=\"wp-block-heading\">Zakres wsparcia:<\/h3>\n\n\n\n<p>Bony rozwojowe mog\u0105 by\u0107 przeznaczone zar\u00f3wno na <strong>kr\u00f3tkoterminowe formy kszta\u0142cenia<\/strong> (np. kursy, szkolenia, certyfikacje), jak i <strong>d\u0142ugoterminowe dzia\u0142ania edukacyjne<\/strong> (np. studia podyplomowe).<\/p>\n\n\n\n<h3 class=\"wp-block-heading\">Link do naboru:<\/h3>\n\n\n\n<p><a href=\"https:\/\/bon2.larr.pl\/aktualnosci \">https:\/\/bon2.larr.pl\/aktualnosci <\/a><\/p>\n\n\n\n<p><\/p>\n","protected":false},"excerpt":{"rendered":"<p>\u0141\u00f3dzka Agencja Rozwoju Regionalnego S.A. og\u0142asza nowy nab\u00f3r wniosk\u00f3w w ramach projektu \u201eBon \u2013 apetyt na Rozw\u00f3j 2\u201d, realizowanego z [&#8230;]<\/p>\n<p><a class=\"btn btn-secondary understrap-read-more-link\" href=\"https:\/\/uniejow.pl\/ucop\/aktualnosci\/bon-apetyt-na-rozwoj-2-2\/\">Czytaj dalej\u2026<span class=\"screen-reader-text\"> from Bon &#8211; Apetyt na rozw\u00f3j 2<\/span><\/a><\/p>\n","protected":false},"author":5,"featured_media":1989,"comment_status":"closed","ping_status":"closed","sticky":false,"template":"","format":"standard","meta":{"_acf_changed":false,"footnotes":""},"categories":[4],"tags":[],"class_list":["post-1987","post","type-post","status-publish","format-standard","has-post-thumbnail","hentry","category-aktualnosci"],"acf":[],"_links":{"self":[{"href":"https:\/\/uniejow.pl\/ucop\/wp-json\/wp\/v2\/posts\/1987","targetHints":{"allow":["GET"]}}],"collection":[{"href":"https:\/\/uniejow.pl\/ucop\/wp-json\/wp\/v2\/posts"}],"about":[{"href":"https:\/\/uniejow.pl\/ucop\/wp-json\/wp\/v2\/types\/post"}],"author":[{"embeddable":true,"href":"https:\/\/uniejow.pl\/ucop\/wp-json\/wp\/v2\/users\/5"}],"replies":[{"embeddable":true,"href":"https:\/\/uniejow.pl\/ucop\/wp-json\/wp\/v2\/comments?post=1987"}],"version-history":[{"count":2,"href":"https:\/\/uniejow.pl\/ucop\/wp-json\/wp\/v2\/posts\/1987\/revisions"}],"predecessor-version":[{"id":1992,"href":"https:\/\/uniejow.pl\/ucop\/wp-json\/wp\/v2\/posts\/1987\/revisions\/1992"}],"wp:featuredmedia":[{"embeddable":true,"href":"https:\/\/uniejow.pl\/ucop\/wp-json\/wp\/v2\/media\/1989"}],"wp:attachment":[{"href":"https:\/\/uniejow.pl\/ucop\/wp-json\/wp\/v2\/media?parent=1987"}],"wp:term":[{"taxonomy":"category","embeddable":true,"href":"https:\/\/uniejow.pl\/ucop\/wp-json\/wp\/v2\/categories?post=1987"},{"taxonomy":"post_tag","embeddable":true,"href":"https:\/\/uniejow.pl\/ucop\/wp-json\/wp\/v2\/tags?post=1987"}],"curies":[{"name":"wp","href":"https:\/\/api.w.org\/{rel}","templated":true}]}}