{"id":1993,"date":"2025-08-11T13:34:57","date_gmt":"2025-08-11T12:34:57","guid":{"rendered":"https:\/\/uniejow.pl\/ucop\/?p=1993"},"modified":"2025-08-11T13:34:58","modified_gmt":"2025-08-11T12:34:58","slug":"letnie-spotkania-informacyjne-o-ksef-badz-na-biezaco-iv-cykl-spotkan","status":"publish","type":"post","link":"https:\/\/uniejow.pl\/ucop\/aktualnosci\/letnie-spotkania-informacyjne-o-ksef-badz-na-biezaco-iv-cykl-spotkan\/","title":{"rendered":"\u201eLetnie spotkania informacyjne o KSeF. B\u0105d\u017a na bie\u017c\u0105co!\u201d IV cykl spotka\u0144"},"content":{"rendered":"\n<p><\/p>\n\n\n\n<p>Dyrektor Izby Administracji Skarbowej w \u0141odzi zaprasza  na IV spotkanie z cyklu bezp\u0142atnych \u201eLetnich spotka\u0144 informacyjnych o KSeF. B\u0105d\u017a na bie\u017c\u0105co\u201d w wojew\u00f3dztwie \u0142\u00f3dzkim maj\u0105cych na celu przedstawienie podstawowych informacji zwi\u0105zanych z funkcjonalno\u015bci\u0105 nowych (projektowanych) rozwi\u0105za\u0144.<\/p>\n\n\n\n<p>Od 1 lutego 2026 r. nast\u0105pi etapowe obligatoryjne wej\u015bcie w \u017cycie obowi\u0105zkowej e-faktury (faktury ustrukturyzowanej). Oznacza to, \u017ce przedsi\u0119biorcy maj\u0105 czas aby przygotowa\u0107 si\u0119 do obowi\u0105zkowego KSeF.<\/p>\n\n\n\n<p>Spotkania informacyjne stanowi\u0105 wst\u0119p do w\u0142a\u015bciwych szkole\u0144 z Krajowego Systemu e-Faktur, na kt\u00f3rych zostan\u0105 przedstawione przygotowane rozwi\u0105zania prawne i technologiczne, zwi\u0105zane z wdro\u017ceniem obligatoryjnego systemu KSeF, kt\u00f3rych rozpocz\u0119cie zaplanowane jest na wrzesie\u0144 2025 r.<\/p>\n\n\n\n<p>Najbli\u017csze spotkanie odb\u0119dzie si\u0119 on-line za po\u015brednictwem aplikacji MS Teams <strong>14 sierpnia 2025 r. w godz. 11:00 \u2013 13:00  \u2013 Wprowadzenie do aplikacji KSeF oraz Tryby wystawiania faktur w KSeF \u2013 <a href=\"https:\/\/teams.microsoft.com\/l\/meetup-join\/19%3ameeting_ZTRmNzNhY2QtYTkzYy00NDBjLTgzNzYtYjhiMjRkZWIwYTg2%40thread.v2\/0?context=%7b%22Tid%22%3a%22647754c7-3974-4442-a425-c61341b61c69%22%2c%22Oid%22%3a%221a385956-9626-474c-ac7f-2f801d36890d%22%7d\">link do spotkania<\/a>.<\/strong><\/p>\n\n\n\n<p>Link jest zamieszczony r\u00f3wnie\u017c na stronie IAS w \u0141odzi\u00a0<a href=\"https:\/\/www.gov.pl\/web\/ias-lodz\">https:\/\/www.gov.pl\/web\/ias-lodz<\/a>.<\/p>\n\n\n\n<p>M\u0141<\/p>\n\n\n\n<p><\/p>\n","protected":false},"excerpt":{"rendered":"<p>Dyrektor Izby Administracji Skarbowej w \u0141odzi zaprasza na IV spotkanie z cyklu bezp\u0142atnych \u201eLetnich spotka\u0144 informacyjnych o KSeF. B\u0105d\u017a na [&#8230;]<\/p>\n<p><a class=\"btn btn-secondary understrap-read-more-link\" href=\"https:\/\/uniejow.pl\/ucop\/aktualnosci\/letnie-spotkania-informacyjne-o-ksef-badz-na-biezaco-iv-cykl-spotkan\/\">Czytaj dalej\u2026<span class=\"screen-reader-text\"> from \u201eLetnie spotkania informacyjne o KSeF. B\u0105d\u017a na bie\u017c\u0105co!\u201d IV cykl spotka\u0144<\/span><\/a><\/p>\n","protected":false},"author":5,"featured_media":1944,"comment_status":"closed","ping_status":"closed","sticky":false,"template":"","format":"standard","meta":{"_acf_changed":false,"footnotes":""},"categories":[4],"tags":[],"class_list":["post-1993","post","type-post","status-publish","format-standard","has-post-thumbnail","hentry","category-aktualnosci"],"acf":[],"_links":{"self":[{"href":"https:\/\/uniejow.pl\/ucop\/wp-json\/wp\/v2\/posts\/1993","targetHints":{"allow":["GET"]}}],"collection":[{"href":"https:\/\/uniejow.pl\/ucop\/wp-json\/wp\/v2\/posts"}],"about":[{"href":"https:\/\/uniejow.pl\/ucop\/wp-json\/wp\/v2\/types\/post"}],"author":[{"embeddable":true,"href":"https:\/\/uniejow.pl\/ucop\/wp-json\/wp\/v2\/users\/5"}],"replies":[{"embeddable":true,"href":"https:\/\/uniejow.pl\/ucop\/wp-json\/wp\/v2\/comments?post=1993"}],"version-history":[{"count":1,"href":"https:\/\/uniejow.pl\/ucop\/wp-json\/wp\/v2\/posts\/1993\/revisions"}],"predecessor-version":[{"id":1994,"href":"https:\/\/uniejow.pl\/ucop\/wp-json\/wp\/v2\/posts\/1993\/revisions\/1994"}],"wp:featuredmedia":[{"embeddable":true,"href":"https:\/\/uniejow.pl\/ucop\/wp-json\/wp\/v2\/media\/1944"}],"wp:attachment":[{"href":"https:\/\/uniejow.pl\/ucop\/wp-json\/wp\/v2\/media?parent=1993"}],"wp:term":[{"taxonomy":"category","embeddable":true,"href":"https:\/\/uniejow.pl\/ucop\/wp-json\/wp\/v2\/categories?post=1993"},{"taxonomy":"post_tag","embeddable":true,"href":"https:\/\/uniejow.pl\/ucop\/wp-json\/wp\/v2\/tags?post=1993"}],"curies":[{"name":"wp","href":"https:\/\/api.w.org\/{rel}","templated":true}]}}