{"id":1997,"date":"2025-08-13T13:16:56","date_gmt":"2025-08-13T12:16:56","guid":{"rendered":"https:\/\/uniejow.pl\/ucop\/?p=1997"},"modified":"2025-08-13T13:19:43","modified_gmt":"2025-08-13T12:19:43","slug":"lodzkie-inspiruje-biznes-spotkanie-dla-przedsiebiorcow-29-sierpnia-w-uniejowie","status":"publish","type":"post","link":"https:\/\/uniejow.pl\/ucop\/aktualnosci\/lodzkie-inspiruje-biznes-spotkanie-dla-przedsiebiorcow-29-sierpnia-w-uniejowie\/","title":{"rendered":"\u0141\u00f3dzkie inspiruje biznes &#8211; Spotkanie dla przedsi\u0119biorc\u00f3w 29 sierpnia w Uniejowie"},"content":{"rendered":"\n<p><\/p>\n\n\n\n<p>Zarz\u0105d Wojew\u00f3dztwa \u0141\u00f3dzkiego oraz Burmistrz Uniejowa zapraszaj\u0105 na spotkanie konsultacyjne dla przedsi\u0119biorc\u00f3w, kt\u00f3re odb\u0119dzie si\u0119 <strong>29 sierpnia 2025  o godz.12:00 w\u00a0Zamku Arcybiskup\u00f3w Gnie\u017anie\u0144skich,\u00a0ul. Zamkowa 2   99-210 Uniej\u00f3w, Sala Rycerska, 2 pi\u0119tro<\/strong><\/p>\n\n\n\n<p>Cykl \u201e\u0141\u00f3dzkie inspiruje biznes\u201d to spotkania, kt\u00f3re Urz\u0105d Marsza\u0142kowski Wojew\u00f3dztwa \u0141\u00f3dzkiego organizuje w ca\u0142ym regionie z my\u015bl\u0105 o tych, kt\u00f3rzy chc\u0105 za\u0142o\u017cy\u0107 lub rozwin\u0105\u0107 sw\u00f3j biznes. To okazja do rozm\u00f3w z ekspertami, ale i do wymiany do\u015bwiadcze\u0144 mi\u0119dzy samymi przedsi\u0119biorcami.<\/p>\n\n\n\n<p>Do kogo skierowane s\u0105 spotkania?<\/p>\n\n\n\n<p>Do wszystkich, kt\u00f3rzy pragn\u0105 rozwija\u0107 swoje biznesy i w pe\u0142ni wykorzysta\u0107 potencja\u0142 regionu \u0142\u00f3dzkiego.<\/p>\n\n\n\n<p>Rezerwacji mog\u0105 Pa\u0144stwo dokona\u0107 za po\u015brednictwem <a href=\"https:\/\/elodzkie.pl\/formularz\/formularz-zgloszeniowy-lodzkie-inspiruje-biznes-uniejow-29082025\"> <strong>linku<\/strong><\/a><strong> &nbsp;<\/strong>&nbsp;lub skanuj\u0105c <strong>kod QR<\/strong>.<\/p>\n\n\n\n<figure class=\"wp-block-image size-large is-style-default\"><img loading=\"lazy\" decoding=\"async\" width=\"731\" height=\"1024\" src=\"https:\/\/uniejow.pl\/ucop\/wp-content\/uploads\/2025\/08\/plakat_50x70_Uniejow_v02_page-0001-731x1024.jpg\" alt=\"\" class=\"wp-image-2000\" srcset=\"https:\/\/uniejow.pl\/ucop\/wp-content\/uploads\/2025\/08\/plakat_50x70_Uniejow_v02_page-0001-731x1024.jpg 731w, https:\/\/uniejow.pl\/ucop\/wp-content\/uploads\/2025\/08\/plakat_50x70_Uniejow_v02_page-0001-214x300.jpg 214w, https:\/\/uniejow.pl\/ucop\/wp-content\/uploads\/2025\/08\/plakat_50x70_Uniejow_v02_page-0001-768x1075.jpg 768w, https:\/\/uniejow.pl\/ucop\/wp-content\/uploads\/2025\/08\/plakat_50x70_Uniejow_v02_page-0001-1097x1536.jpg 1097w, https:\/\/uniejow.pl\/ucop\/wp-content\/uploads\/2025\/08\/plakat_50x70_Uniejow_v02_page-0001-1463x2048.jpg 1463w, https:\/\/uniejow.pl\/ucop\/wp-content\/uploads\/2025\/08\/plakat_50x70_Uniejow_v02_page-0001-scaled.jpg 1829w\" sizes=\"auto, (max-width: 731px) 100vw, 731px\" \/><\/figure>\n\n\n\n<p><\/p>\n","protected":false},"excerpt":{"rendered":"<p>Zarz\u0105d Wojew\u00f3dztwa \u0141\u00f3dzkiego oraz Burmistrz Uniejowa zapraszaj\u0105 na spotkanie konsultacyjne dla przedsi\u0119biorc\u00f3w, kt\u00f3re odb\u0119dzie si\u0119 29 sierpnia 2025 o godz.12:00 [&#8230;]<\/p>\n<p><a class=\"btn btn-secondary understrap-read-more-link\" href=\"https:\/\/uniejow.pl\/ucop\/aktualnosci\/lodzkie-inspiruje-biznes-spotkanie-dla-przedsiebiorcow-29-sierpnia-w-uniejowie\/\">Czytaj dalej\u2026<span class=\"screen-reader-text\"> from \u0141\u00f3dzkie inspiruje biznes &#8211; Spotkanie dla przedsi\u0119biorc\u00f3w 29 sierpnia w Uniejowie<\/span><\/a><\/p>\n","protected":false},"author":5,"featured_media":1998,"comment_status":"closed","ping_status":"closed","sticky":false,"template":"","format":"standard","meta":{"_acf_changed":false,"footnotes":""},"categories":[4],"tags":[],"class_list":["post-1997","post","type-post","status-publish","format-standard","has-post-thumbnail","hentry","category-aktualnosci"],"acf":[],"_links":{"self":[{"href":"https:\/\/uniejow.pl\/ucop\/wp-json\/wp\/v2\/posts\/1997","targetHints":{"allow":["GET"]}}],"collection":[{"href":"https:\/\/uniejow.pl\/ucop\/wp-json\/wp\/v2\/posts"}],"about":[{"href":"https:\/\/uniejow.pl\/ucop\/wp-json\/wp\/v2\/types\/post"}],"author":[{"embeddable":true,"href":"https:\/\/uniejow.pl\/ucop\/wp-json\/wp\/v2\/users\/5"}],"replies":[{"embeddable":true,"href":"https:\/\/uniejow.pl\/ucop\/wp-json\/wp\/v2\/comments?post=1997"}],"version-history":[{"count":4,"href":"https:\/\/uniejow.pl\/ucop\/wp-json\/wp\/v2\/posts\/1997\/revisions"}],"predecessor-version":[{"id":2004,"href":"https:\/\/uniejow.pl\/ucop\/wp-json\/wp\/v2\/posts\/1997\/revisions\/2004"}],"wp:featuredmedia":[{"embeddable":true,"href":"https:\/\/uniejow.pl\/ucop\/wp-json\/wp\/v2\/media\/1998"}],"wp:attachment":[{"href":"https:\/\/uniejow.pl\/ucop\/wp-json\/wp\/v2\/media?parent=1997"}],"wp:term":[{"taxonomy":"category","embeddable":true,"href":"https:\/\/uniejow.pl\/ucop\/wp-json\/wp\/v2\/categories?post=1997"},{"taxonomy":"post_tag","embeddable":true,"href":"https:\/\/uniejow.pl\/ucop\/wp-json\/wp\/v2\/tags?post=1997"}],"curies":[{"name":"wp","href":"https:\/\/api.w.org\/{rel}","templated":true}]}}