{"id":2029,"date":"2025-08-27T14:54:12","date_gmt":"2025-08-27T13:54:12","guid":{"rendered":"https:\/\/uniejow.pl\/ucop\/?p=2029"},"modified":"2025-08-27T14:54:13","modified_gmt":"2025-08-27T13:54:13","slug":"xii-nabor-wnioskow-do-strefy-rozwoyou-3-0","status":"publish","type":"post","link":"https:\/\/uniejow.pl\/ucop\/aktualnosci\/xii-nabor-wnioskow-do-strefy-rozwoyou-3-0\/","title":{"rendered":"XII NAB\u00d3R WNIOSK\u00d3W DO STREFY ROZWOYOU 3.0"},"content":{"rendered":"\n<p><\/p>\n\n\n\n<p><strong>9 wrze\u015bnia 2025 r. o godzinie 10:00<\/strong> rozpoczyna si\u0119 XII runda naboru wniosk\u00f3w do programu <strong>Strefa RozwoYou 3.0<\/strong>, kt\u00f3ra potrwa do <strong>12 wrze\u015bnia 2025 r. do godziny 16:00<\/strong>, lub do wyczerpania dost\u0119pnej alokacji w wysoko\u015bci <strong>500 000 PLN<\/strong><\/p>\n\n\n\n<hr class=\"wp-block-separator has-alpha-channel-opacity\"\/>\n\n\n\n<h3 class=\"wp-block-heading\">Zakres wspieranych us\u0142ug rozwojowych<\/h3>\n\n\n\n<p>W ramach tej rundy akceptowane b\u0119d\u0105 wy\u0142\u0105cznie nast\u0119puj\u0105ce rodzaje us\u0142ug:<\/p>\n\n\n\n<ul class=\"wp-block-list\">\n<li>studia podyplomowe,<\/li>\n\n\n\n<li>us\u0142ugi wpisane do <strong>Zintegrowanego Systemu Kwalifikacji (ZSK)<\/strong>, czyli te ko\u0144cz\u0105ce si\u0119 uzyskaniem lub potwierdzeniem kwalifikacji zgodnie z ustaw\u0105 z 22 grudnia 2015 r. (zarejestrowane w ZRK i oznaczone kodem w BUR),<\/li>\n\n\n\n<li>us\u0142ugi rozwojowe zwi\u0105zane z szeroko poj\u0119t\u0105 <strong>zielon\u0105 gospodark\u0105<\/strong> lub <strong>gospodark\u0105 o obiegu zamkni\u0119tym<\/strong>, w tym z czystymi technologiami, kt\u00f3re prowadz\u0105 do uzyskania zielonych kwalifikacji lub kompetencji, a tak\u017ce wspieraj\u0105ce transformacj\u0119 cyfrow\u0105 <\/li>\n<\/ul>\n\n\n\n<hr class=\"wp-block-separator has-alpha-channel-opacity\"\/>\n\n\n\n<h3 class=\"wp-block-heading\">Komu przys\u0142uguje wsparcie?<\/h3>\n\n\n\n<p>O dofinansowanie mog\u0105 ubiega\u0107 si\u0119 podmioty posiadaj\u0105ce siedzib\u0119 na terenie wojew\u00f3dztwa \u0142\u00f3dzkiego:<\/p>\n\n\n\n<ul class=\"wp-block-list\">\n<li>przedsi\u0119biorcy zgodnie z art. 2 ust. 2 Rozporz\u0105dzenia KE nr 2023\/2831 z 13 grudnia 2023 r.,<\/li>\n\n\n\n<li>pozostali pracodawcy (osoby fizyczne prowadz\u0105ce dzia\u0142alno\u015b\u0107 gospodarcz\u0105 lub inne jednostki organizacyjne), zatrudniaj\u0105cy co najmniej jednego pracownika zgodnie z art. 3 Kodeksu Pracy,<\/li>\n\n\n\n<li>pracodawcy niezale\u017cni od sektora finans\u00f3w publicznych, zgodnie z ustaw\u0105 o finansach publicznych <\/li>\n<\/ul>\n\n\n\n<hr class=\"wp-block-separator has-alpha-channel-opacity\"\/>\n\n\n\n<h3 class=\"wp-block-heading\">Limity i warunki finansowe<\/h3>\n\n\n\n<ul class=\"wp-block-list\">\n<li>Maksymalna kwota wsparcia dla przedsi\u0119biorstwa:\n<ul class=\"wp-block-list\">\n<li>mikro: 50 000 PLN<\/li>\n\n\n\n<li>ma\u0142e: 80 000 PLN<\/li>\n\n\n\n<li>\u015brednie: 100 000 PLN<\/li>\n\n\n\n<li>du\u017ce: 100 000 PLN<\/li>\n\n\n\n<li>pracodawcy niepubliczni: 50 000 PLN<\/li>\n\n\n\n<li>pozostali pracodawcy: 35 000 PLN<\/li>\n<\/ul>\n<\/li>\n\n\n\n<li>Dofinansowanie us\u0142ugi rozwojowej (netto):\n<ul class=\"wp-block-list\">\n<li>szkolenia\/doradztwo: do 100 PLN\/h<\/li>\n\n\n\n<li>studia podyplomowe: do 20 PLN\/h<\/li>\n\n\n\n<li>egzaminy: do 300 PLN\/h<\/li>\n\n\n\n<li>wsparcie na pracownika: do 10 000 PLN (wk\u0142ad w\u0142asny min. 15 %) <\/li>\n<\/ul>\n<\/li>\n<\/ul>\n\n\n\n<hr class=\"wp-block-separator has-alpha-channel-opacity\"\/>\n\n\n\n<h3 class=\"wp-block-heading\">Aby z\u0142o\u017cy\u0107 wniosek, nale\u017cy:<\/h3>\n\n\n\n<ol class=\"wp-block-list\">\n<li>Posiada\u0107 siedzib\u0119 g\u0142\u00f3wn\u0105 na terenie wojew\u00f3dztwa \u0142\u00f3dzkiego.<\/li>\n\n\n\n<li>Mie\u0107 aktywne konto instytucjonalne w <strong>Bazie Us\u0142ug Rozwojowych (BUR)<\/strong> <\/li>\n\n\n\n<li>Zapozna\u0107 si\u0119 z regulaminem rekrutacji oraz za\u0142\u0105cznikami, dost\u0119pnymi w sekcji \u201eDokumenty\u201d na stronie projektu <\/li>\n<\/ol>\n\n\n\n<hr class=\"wp-block-separator has-alpha-channel-opacity is-style-default\"\/>\n\n\n\n<h3 class=\"wp-block-heading\">Co to s\u0105 zielone i cyfrowe kompetencje?<\/h3>\n\n\n\n<p>Zgodnie ze standardami programu <strong>Fundusze Europejskie dla \u0141\u00f3dzkiego 2021\u20132027 \u2013 Us\u0142ugi Rozwojowe dla Pracownik\u00f3w<\/strong>, \u201ezielone kompetencje\u201d to umiej\u0119tno\u015bci i wiedza w zakresie zielonej gospodarki i gospodarki o obiegu zamkni\u0119tym, szczeg\u00f3lnie w kontek\u015bcie czystych technologii, zerowej emisji zanieczyszcze\u0144 oraz transformacji cyfrowej <\/p>\n\n\n\n<p>Przyk\u0142ady obszar\u00f3w, w kt\u00f3rych przydatne s\u0105 takie kompetencje:<\/p>\n\n\n\n<ul class=\"wp-block-list\">\n<li>infrastruktura energetyczna,<\/li>\n\n\n\n<li>projektowanie i instalacja farm wiatrowych,<\/li>\n\n\n\n<li>fotowoltaika i instalacja paneli,<\/li>\n\n\n\n<li>obs\u0142uga pojazd\u00f3w elektrycznych,<\/li>\n\n\n\n<li>efektywno\u015b\u0107 energetyczna budynk\u00f3w, izolacje, recykling, technologie odnawialne,<\/li>\n\n\n\n<li>zr\u00f3wnowa\u017cone rolnictwo i turystyka,<\/li>\n\n\n\n<li>kompetencje mi\u0119kkie zwi\u0105zane z ekologi\u0105 i zr\u00f3wnowa\u017conym rozwojem <\/li>\n<\/ul>\n\n\n\n<hr class=\"wp-block-separator has-alpha-channel-opacity\"\/>\n\n\n\n<p><\/p>\n\n\n\n<p>Nie zwlekaj \u2013 inwestycja w rozw\u00f3j to inwestycja w przysz\u0142o\u015b\u0107. Sprawd\u017a, jak mo\u017cesz skorzysta\u0107 z bonu i zr\u00f3b krok ku swojej kariery w zielonym sektorze ju\u017c dzi\u015b!<\/p>\n\n\n\n<p>Wi\u0119cej informacji o naborze znajduje si\u0119 na poni\u017cszej stronie:<\/p>\n\n\n\n<p><a href=\"https:\/\/strefarozwoju.lodz.pl\">https:\/\/strefarozwoju.lodz.pl<\/a><\/p>\n\n\n\n<p><\/p>\n\n\n\n<p>M\u0141<\/p>\n\n\n\n<h3 class=\"wp-block-heading\"><\/h3>\n\n\n\n<p><\/p>\n","protected":false},"excerpt":{"rendered":"<p>9 wrze\u015bnia 2025 r. o godzinie 10:00 rozpoczyna si\u0119 XII runda naboru wniosk\u00f3w do programu Strefa RozwoYou 3.0, kt\u00f3ra potrwa [&#8230;]<\/p>\n<p><a class=\"btn btn-secondary understrap-read-more-link\" href=\"https:\/\/uniejow.pl\/ucop\/aktualnosci\/xii-nabor-wnioskow-do-strefy-rozwoyou-3-0\/\">Czytaj dalej\u2026<span class=\"screen-reader-text\"> from XII NAB\u00d3R WNIOSK\u00d3W DO STREFY ROZWOYOU 3.0<\/span><\/a><\/p>\n","protected":false},"author":5,"featured_media":2031,"comment_status":"closed","ping_status":"closed","sticky":false,"template":"","format":"standard","meta":{"_acf_changed":false,"footnotes":""},"categories":[4],"tags":[],"class_list":["post-2029","post","type-post","status-publish","format-standard","has-post-thumbnail","hentry","category-aktualnosci"],"acf":[],"_links":{"self":[{"href":"https:\/\/uniejow.pl\/ucop\/wp-json\/wp\/v2\/posts\/2029","targetHints":{"allow":["GET"]}}],"collection":[{"href":"https:\/\/uniejow.pl\/ucop\/wp-json\/wp\/v2\/posts"}],"about":[{"href":"https:\/\/uniejow.pl\/ucop\/wp-json\/wp\/v2\/types\/post"}],"author":[{"embeddable":true,"href":"https:\/\/uniejow.pl\/ucop\/wp-json\/wp\/v2\/users\/5"}],"replies":[{"embeddable":true,"href":"https:\/\/uniejow.pl\/ucop\/wp-json\/wp\/v2\/comments?post=2029"}],"version-history":[{"count":1,"href":"https:\/\/uniejow.pl\/ucop\/wp-json\/wp\/v2\/posts\/2029\/revisions"}],"predecessor-version":[{"id":2032,"href":"https:\/\/uniejow.pl\/ucop\/wp-json\/wp\/v2\/posts\/2029\/revisions\/2032"}],"wp:featuredmedia":[{"embeddable":true,"href":"https:\/\/uniejow.pl\/ucop\/wp-json\/wp\/v2\/media\/2031"}],"wp:attachment":[{"href":"https:\/\/uniejow.pl\/ucop\/wp-json\/wp\/v2\/media?parent=2029"}],"wp:term":[{"taxonomy":"category","embeddable":true,"href":"https:\/\/uniejow.pl\/ucop\/wp-json\/wp\/v2\/categories?post=2029"},{"taxonomy":"post_tag","embeddable":true,"href":"https:\/\/uniejow.pl\/ucop\/wp-json\/wp\/v2\/tags?post=2029"}],"curies":[{"name":"wp","href":"https:\/\/api.w.org\/{rel}","templated":true}]}}