{"id":2034,"date":"2025-09-01T14:45:42","date_gmt":"2025-09-01T13:45:42","guid":{"rendered":"https:\/\/uniejow.pl\/ucop\/?p=2034"},"modified":"2025-09-01T14:50:12","modified_gmt":"2025-09-01T13:50:12","slug":"lodzkie-inspiruje-biznes-spotkanie-w-uniejowie","status":"publish","type":"post","link":"https:\/\/uniejow.pl\/ucop\/aktualnosci\/lodzkie-inspiruje-biznes-spotkanie-w-uniejowie\/","title":{"rendered":"\u0141\u00f3dzkie inspiruje biznes \u2013 spotkanie w\u00a0Uniejowie"},"content":{"rendered":"\n<p><\/p>\n\n\n\n<p><strong>29 sierpnia 2025 roku w&nbsp;Uniej\u00f3w Uzdrowisko Termalne odby\u0142o si\u0119 kolejne spotkanie z&nbsp;cyklu \u201e\u0141\u00f3dzkie inspiruje biznes\u201d, kt\u00f3re na&nbsp;sta\u0142e wpisa\u0142o si\u0119 w&nbsp;kalendarz wydarze\u0144 gospodarczych regionu. Wydarzenie zgromadzi\u0142o przedsi\u0119biorc\u00f3w, przedstawicieli samorz\u0105d\u00f3w, instytucji otoczenia biznesu oraz&nbsp;ekspert\u00f3w, kt\u00f3rzy&nbsp;wsp\u00f3lnie rozmawiali o&nbsp;najwa\u017cniejszych wyzwaniach i&nbsp;mo\u017cliwo\u015bciach stoj\u0105cych przed&nbsp;gospodark\u0105 wojew\u00f3dztwa \u0142\u00f3dzkiego.<\/strong><\/p>\n\n\n\n<figure class=\"wp-block-image\"><img decoding=\"async\" src=\"https:\/\/uniejow.pl\/wp-content\/uploads\/2025\/09\/D34A2733-800x534.jpg\" alt=\"\"\/><\/figure>\n\n\n\n<p>Spotkanie uroczy\u015bcie otworzy\u0142a <strong>Pani Joanna Skrzydlewska \u2013 Marsza\u0142ek Wojew\u00f3dztwa \u0141\u00f3dzkiego<\/strong>, podkre\u015blaj\u0105c, jak wa\u017cne jest wspieranie przedsi\u0119biorczo\u015bci i&nbsp;tworzenie przyjaznych warunk\u00f3w do&nbsp;rozwoju biznesu w&nbsp;regionie.<\/p>\n\n\n\n<figure class=\"wp-block-image\"><a class=\"swipebox\" href=\"https:\/\/uniejow.pl\/wp-content\/uploads\/2025\/09\/D34A2684.jpg\"><img decoding=\"async\" src=\"https:\/\/uniejow.pl\/wp-content\/uploads\/2025\/09\/D34A2684-1024x683.jpg\" alt=\"obrazek\" class=\"wp-image-64086\"\/><\/a><\/figure>\n\n\n\n<p>&nbsp;Ka\u017cdy z&nbsp;uczestnik\u00f3w m\u00f3g\u0142 porozmawia\u0107 bezpo\u015brednio z&nbsp;partnerami wydarzenia o&nbsp;narz\u0119dziach wsparcia na&nbsp;uruchomienie w\u0142asnej dzia\u0142alno\u015bci, aktualnych naborach w&nbsp;konkursach na&nbsp;rozw\u00f3j firm, dost\u0119pnych dotacjach czy&nbsp;preferencyjnych po\u017cyczkach. Dzi\u0119ki temu spotkanie mia\u0142o nie&nbsp;tylko&nbsp;charakter inspiracyjny, ale&nbsp;tak\u017ce praktyczny \u2013 dostarczaj\u0105c przedsi\u0119biorcom realnych rozwi\u0105za\u0144 i&nbsp;wiedzy pomocnej w&nbsp;prowadzeniu biznesu.<\/p>\n\n\n\n<p>\u201e\u0141\u00f3dzkie inspiruje biznes\u201d to&nbsp;inicjatywa, kt\u00f3rej&nbsp;celem jest wzmacnianie lokalnej przedsi\u0119biorczo\u015bci oraz&nbsp;budowanie silnej marki wojew\u00f3dztwa jako miejsca przyjaznego dla biznesu. Spotkanie w&nbsp;Uniejowie pokaza\u0142o, \u017ce&nbsp;si\u0142\u0105 regionu jest wsp\u00f3\u0142praca, otwarto\u015b\u0107 na&nbsp;innowacje i&nbsp;wsparcie na&nbsp;ka\u017cdym etapie prowadzenia dzia\u0142alno\u015bci gospodarczej.<\/p>\n\n\n\n<p>Wydarzenie w&nbsp;Uniejowie by\u0142o kolejnym dowodem na&nbsp;to, \u017ce&nbsp;w&nbsp;regionie \u0142\u00f3dzkim drzemie ogromny potencja\u0142, a&nbsp;przedsi\u0119biorcy maj\u0105 realne mo\u017cliwo\u015bci, by&nbsp;go&nbsp;rozwija\u0107. Uczestnicy wyjechali z&nbsp;nowymi pomys\u0142ami, kontaktami i&nbsp;inspiracjami, kt\u00f3re z&nbsp;pewno\u015bci\u0105 prze\u0142o\u017c\u0105 si\u0119 na&nbsp;kolejne sukcesy biznesowe.<\/p>\n\n\n\n<figure class=\"wp-block-image size-large\"><img loading=\"lazy\" decoding=\"async\" width=\"1024\" height=\"683\" src=\"https:\/\/uniejow.pl\/ucop\/wp-content\/uploads\/2025\/09\/D34A2706-1536x1024-1-1024x683.jpg\" alt=\"\" class=\"wp-image-2037\" srcset=\"https:\/\/uniejow.pl\/ucop\/wp-content\/uploads\/2025\/09\/D34A2706-1536x1024-1-1024x683.jpg 1024w, https:\/\/uniejow.pl\/ucop\/wp-content\/uploads\/2025\/09\/D34A2706-1536x1024-1-300x200.jpg 300w, https:\/\/uniejow.pl\/ucop\/wp-content\/uploads\/2025\/09\/D34A2706-1536x1024-1-768x512.jpg 768w, https:\/\/uniejow.pl\/ucop\/wp-content\/uploads\/2025\/09\/D34A2706-1536x1024-1.jpg 1536w\" sizes=\"auto, (max-width: 1024px) 100vw, 1024px\" \/><\/figure>\n\n\n\n<figure class=\"wp-block-image size-large\"><img loading=\"lazy\" decoding=\"async\" width=\"683\" height=\"1024\" src=\"https:\/\/uniejow.pl\/ucop\/wp-content\/uploads\/2025\/09\/D34A2719-1024x1536-1-683x1024.jpg\" alt=\"\" class=\"wp-image-2038\" srcset=\"https:\/\/uniejow.pl\/ucop\/wp-content\/uploads\/2025\/09\/D34A2719-1024x1536-1-683x1024.jpg 683w, https:\/\/uniejow.pl\/ucop\/wp-content\/uploads\/2025\/09\/D34A2719-1024x1536-1-200x300.jpg 200w, https:\/\/uniejow.pl\/ucop\/wp-content\/uploads\/2025\/09\/D34A2719-1024x1536-1-768x1152.jpg 768w, https:\/\/uniejow.pl\/ucop\/wp-content\/uploads\/2025\/09\/D34A2719-1024x1536-1.jpg 1024w\" sizes=\"auto, (max-width: 683px) 100vw, 683px\" \/><\/figure>\n\n\n\n<p>M\u0141<\/p>\n\n\n\n<p><\/p>\n","protected":false},"excerpt":{"rendered":"<p>29 sierpnia 2025 roku w&nbsp;Uniej\u00f3w Uzdrowisko Termalne odby\u0142o si\u0119 kolejne spotkanie z&nbsp;cyklu \u201e\u0141\u00f3dzkie inspiruje biznes\u201d, kt\u00f3re na&nbsp;sta\u0142e wpisa\u0142o si\u0119 w&nbsp;kalendarz [&#8230;]<\/p>\n<p><a class=\"btn btn-secondary understrap-read-more-link\" href=\"https:\/\/uniejow.pl\/ucop\/aktualnosci\/lodzkie-inspiruje-biznes-spotkanie-w-uniejowie\/\">Czytaj dalej\u2026<span class=\"screen-reader-text\"> from \u0141\u00f3dzkie inspiruje biznes \u2013 spotkanie w\u00a0Uniejowie<\/span><\/a><\/p>\n","protected":false},"author":5,"featured_media":2042,"comment_status":"closed","ping_status":"closed","sticky":false,"template":"","format":"standard","meta":{"_acf_changed":false,"footnotes":""},"categories":[4],"tags":[],"class_list":["post-2034","post","type-post","status-publish","format-standard","has-post-thumbnail","hentry","category-aktualnosci"],"acf":[],"_links":{"self":[{"href":"https:\/\/uniejow.pl\/ucop\/wp-json\/wp\/v2\/posts\/2034","targetHints":{"allow":["GET"]}}],"collection":[{"href":"https:\/\/uniejow.pl\/ucop\/wp-json\/wp\/v2\/posts"}],"about":[{"href":"https:\/\/uniejow.pl\/ucop\/wp-json\/wp\/v2\/types\/post"}],"author":[{"embeddable":true,"href":"https:\/\/uniejow.pl\/ucop\/wp-json\/wp\/v2\/users\/5"}],"replies":[{"embeddable":true,"href":"https:\/\/uniejow.pl\/ucop\/wp-json\/wp\/v2\/comments?post=2034"}],"version-history":[{"count":3,"href":"https:\/\/uniejow.pl\/ucop\/wp-json\/wp\/v2\/posts\/2034\/revisions"}],"predecessor-version":[{"id":2041,"href":"https:\/\/uniejow.pl\/ucop\/wp-json\/wp\/v2\/posts\/2034\/revisions\/2041"}],"wp:featuredmedia":[{"embeddable":true,"href":"https:\/\/uniejow.pl\/ucop\/wp-json\/wp\/v2\/media\/2042"}],"wp:attachment":[{"href":"https:\/\/uniejow.pl\/ucop\/wp-json\/wp\/v2\/media?parent=2034"}],"wp:term":[{"taxonomy":"category","embeddable":true,"href":"https:\/\/uniejow.pl\/ucop\/wp-json\/wp\/v2\/categories?post=2034"},{"taxonomy":"post_tag","embeddable":true,"href":"https:\/\/uniejow.pl\/ucop\/wp-json\/wp\/v2\/tags?post=2034"}],"curies":[{"name":"wp","href":"https:\/\/api.w.org\/{rel}","templated":true}]}}