{"id":2069,"date":"2025-09-16T12:39:58","date_gmt":"2025-09-16T11:39:58","guid":{"rendered":"https:\/\/uniejow.pl\/ucop\/?p=2069"},"modified":"2025-09-16T13:02:24","modified_gmt":"2025-09-16T12:02:24","slug":"start-ix-naboru-wsparcie-dla-osob-planujacych-wlasny-biznes","status":"publish","type":"post","link":"https:\/\/uniejow.pl\/ucop\/aktualnosci\/start-ix-naboru-wsparcie-dla-osob-planujacych-wlasny-biznes\/","title":{"rendered":"Start IX naboru \u2013 wsparcie dla os\u00f3b planuj\u0105cych w\u0142asny biznes"},"content":{"rendered":"\n<p>Wojew\u00f3dzki Urz\u0105d Pracy w \u0141odzi informuje, \u017ce <strong>IX nab\u00f3r do udzia\u0142u w projekcie<\/strong> &#8222;Aktywizacja zawodowa os\u00f3b bezrobotnych 2023-2029 poprzez wsparcie rozwoju przedsi\u0119biorczo\u015bci&#8221; oferuj\u0105cym wsparcie szkoleniowe i finansowe na rozpocz\u0119cie dzia\u0142alno\u015bci gospodarczej rozpocznie si\u0119 <strong>19 wrze\u015bnia 2025 r. o godz. 8:00<\/strong>.<\/p>\n\n\n\n<p>Nab\u00f3r b\u0119dzie prowadzony do momentu przyj\u0119cia <strong>30 zg\u0142osze\u0144<\/strong> lub do og\u0142oszenia jego zamkni\u0119cia.                                           O przyj\u0119ciu decyduje kolejno\u015b\u0107 wp\u0142ywu formularza.<\/p>\n\n\n\n<h3 class=\"wp-block-heading\">Zasady naboru<\/h3>\n\n\n\n<ul class=\"wp-block-list\">\n<li>W dniu rozpocz\u0119cia naboru nale\u017cy z\u0142o\u017cy\u0107 <strong>wy\u0142\u0105cznie formularz rekrutacyjny<\/strong>.<\/li>\n\n\n\n<li>Udzia\u0142 w projekcie mog\u0105 wzi\u0105\u0107 osoby bezrobotne, zamieszkuj\u0105ce na terenie wojew\u00f3dztwa \u0142\u00f3dzkiego                                    i zarejestrowane w Powiatowym Urz\u0119dzie Pracy.<\/li>\n<\/ul>\n\n\n\n<h3 class=\"wp-block-heading\">Formy sk\u0142adania formularzy<\/h3>\n\n\n\n<p>Formularze rekrutacyjne mo\u017cna z\u0142o\u017cy\u0107:<\/p>\n\n\n\n<ul class=\"wp-block-list\">\n<li>osobi\u015bcie w Biurze Projektu:<br>Wojew\u00f3dzki Urz\u0105d Pracy w \u0141odzi, ul. W\u00f3lcza\u0144ska 49, 90-608 \u0141\u00f3d\u017a, pok. 0.15, bud. A,<\/li>\n\n\n\n<li>osobi\u015bcie w oddzia\u0142ach Centrum Poradnictwa Zawodowego: w Sieradzu, Piotrkowie Trybunalskim i Skierniewicach,<\/li>\n\n\n\n<li>przesy\u0142aj\u0105c poczt\u0105 tradycyjn\u0105 (zalecane przesy\u0142ki rejestrowane) na adres:<br>Wojew\u00f3dzki Urz\u0105d Pracy w \u0141odzi, ul. W\u00f3lcza\u0144ska 49, 90-608 \u0141\u00f3d\u017a,<\/li>\n\n\n\n<li>przesy\u0142aj\u0105c w formie elektronicznej na adres e-mail: <strong><a>dotacje@wup.lodz.pl<\/a><\/strong><\/li>\n<\/ul>\n\n\n\n<p><em>Maksymalna wysoko\u015b\u0107 \u015brodk\u00f3w dofinansowania wynosi 6-krotno\u015b\u0107 wysoko\u015bci przeci\u0119tnego wynagrodzenia.<\/em><\/p>\n\n\n\n<p>M\u0141<\/p>\n\n\n\n<p><\/p>\n","protected":false},"excerpt":{"rendered":"<p>Wojew\u00f3dzki Urz\u0105d Pracy w \u0141odzi informuje, \u017ce IX nab\u00f3r do udzia\u0142u w projekcie &#8222;Aktywizacja zawodowa os\u00f3b bezrobotnych 2023-2029 poprzez wsparcie [&#8230;]<\/p>\n<p><a class=\"btn btn-secondary understrap-read-more-link\" href=\"https:\/\/uniejow.pl\/ucop\/aktualnosci\/start-ix-naboru-wsparcie-dla-osob-planujacych-wlasny-biznes\/\">Czytaj dalej\u2026<span class=\"screen-reader-text\"> from Start IX naboru \u2013 wsparcie dla os\u00f3b planuj\u0105cych w\u0142asny biznes<\/span><\/a><\/p>\n","protected":false},"author":5,"featured_media":2072,"comment_status":"closed","ping_status":"closed","sticky":false,"template":"","format":"standard","meta":{"_acf_changed":false,"footnotes":""},"categories":[4],"tags":[],"class_list":["post-2069","post","type-post","status-publish","format-standard","has-post-thumbnail","hentry","category-aktualnosci"],"acf":[],"_links":{"self":[{"href":"https:\/\/uniejow.pl\/ucop\/wp-json\/wp\/v2\/posts\/2069","targetHints":{"allow":["GET"]}}],"collection":[{"href":"https:\/\/uniejow.pl\/ucop\/wp-json\/wp\/v2\/posts"}],"about":[{"href":"https:\/\/uniejow.pl\/ucop\/wp-json\/wp\/v2\/types\/post"}],"author":[{"embeddable":true,"href":"https:\/\/uniejow.pl\/ucop\/wp-json\/wp\/v2\/users\/5"}],"replies":[{"embeddable":true,"href":"https:\/\/uniejow.pl\/ucop\/wp-json\/wp\/v2\/comments?post=2069"}],"version-history":[{"count":2,"href":"https:\/\/uniejow.pl\/ucop\/wp-json\/wp\/v2\/posts\/2069\/revisions"}],"predecessor-version":[{"id":2073,"href":"https:\/\/uniejow.pl\/ucop\/wp-json\/wp\/v2\/posts\/2069\/revisions\/2073"}],"wp:featuredmedia":[{"embeddable":true,"href":"https:\/\/uniejow.pl\/ucop\/wp-json\/wp\/v2\/media\/2072"}],"wp:attachment":[{"href":"https:\/\/uniejow.pl\/ucop\/wp-json\/wp\/v2\/media?parent=2069"}],"wp:term":[{"taxonomy":"category","embeddable":true,"href":"https:\/\/uniejow.pl\/ucop\/wp-json\/wp\/v2\/categories?post=2069"},{"taxonomy":"post_tag","embeddable":true,"href":"https:\/\/uniejow.pl\/ucop\/wp-json\/wp\/v2\/tags?post=2069"}],"curies":[{"name":"wp","href":"https:\/\/api.w.org\/{rel}","templated":true}]}}