{"id":2084,"date":"2025-09-29T14:52:27","date_gmt":"2025-09-29T13:52:27","guid":{"rendered":"https:\/\/uniejow.pl\/ucop\/?p=2084"},"modified":"2025-09-29T14:52:29","modified_gmt":"2025-09-29T13:52:29","slug":"nabor-do-nagrody-gospodarczej-wojewodztwa-lodzkiego","status":"publish","type":"post","link":"https:\/\/uniejow.pl\/ucop\/aktualnosci\/nabor-do-nagrody-gospodarczej-wojewodztwa-lodzkiego\/","title":{"rendered":"Nab\u00f3r do Nagrody Gospodarczej Wojew\u00f3dztwa \u0141\u00f3dzkiego"},"content":{"rendered":"\n<h4 class=\"wp-block-heading\"><\/h4>\n\n\n\n<p>Rozpocz\u0105\u0142 si\u0119 nab\u00f3r do <strong>Nagrody Gospodarczej Wojew\u00f3dztwa \u0141\u00f3dzkiego \u201e\u0141\u00f3dzkie dla Biznesu\u201d<\/strong> \u2013 najbardziej presti\u017cowego wyr\u00f3\u017cnienia dla przedsi\u0119biorc\u00f3w i samorz\u0105d\u00f3w z naszego regionu.<\/p>\n\n\n\n<p>To wyj\u0105tkowy konkurs, kt\u00f3rego celem jest uhonorowanie firm i instytucji przyczyniaj\u0105cych si\u0119 do rozwoju gospodarczego wojew\u00f3dztwa poprzez innowacje, odpowiedzialno\u015b\u0107 spo\u0142eczn\u0105 i sukcesy rynkowe \u2013 zar\u00f3wno w kraju, jak i za granic\u0105.<\/p>\n\n\n\n<h4 class=\"wp-block-heading\">Kategorie konkursowe:<\/h4>\n\n\n\n<ul class=\"wp-block-list\">\n<li><strong>Przedsi\u0119biorczy Samorz\u0105d<\/strong> \u2013 nagroda internaut\u00f3w, wybierana przez mieszka\u0144c\u00f3w regionu,<\/li>\n\n\n\n<li><strong>Lider Innowacji<\/strong> \u2013 dla firm wdra\u017caj\u0105cych nowatorskie rozwi\u0105zania i wsp\u00f3\u0142pracuj\u0105cych z nauk\u0105,<\/li>\n\n\n\n<li><strong>Mi\u0119dzynarodowy Sukces<\/strong> \u2013 dla przedsi\u0119biorstw skutecznie dzia\u0142aj\u0105cych na rynkach zagranicznych,<\/li>\n\n\n\n<li><strong>Odpowiedzialny Biznes<\/strong> \u2013 dla tych, kt\u00f3rzy \u0142\u0105cz\u0105 efektywno\u015b\u0107 z trosk\u0105 o spo\u0142ecze\u0144stwo i \u015brodowisko,<\/li>\n\n\n\n<li><strong>Biznes Roku \u2013 Nagroda Specjalna Marsza\u0142ka W\u0141<\/strong>,<\/li>\n\n\n\n<li><strong>UE Sigma \u2013 Nagroda Centrum Obs\u0142ugi Przedsi\u0119biorcy<\/strong> \u2013 dla firm realizuj\u0105cych warto\u015bciowe projekty dzi\u0119ki funduszom unijnym.<\/li>\n<\/ul>\n\n\n\n<h4 class=\"wp-block-heading\">Kto mo\u017ce si\u0119 zg\u0142osi\u0107?<\/h4>\n\n\n\n<p>Przedsi\u0119biorstwa, instytucje i samorz\u0105dy z siedzib\u0105 w wojew\u00f3dztwie \u0142\u00f3dzkim, dzia\u0142aj\u0105ce zgodnie z prawem i zasadami etyki biznesowej.<\/p>\n\n\n\n<h4 class=\"wp-block-heading\">Terminy:<\/h4>\n\n\n\n<ul class=\"wp-block-list\">\n<li><strong>Zg\u0142oszenia<\/strong> przyjmowane s\u0105 do <strong>5 pa\u017adziernika 2025 r.<\/strong><\/li>\n\n\n\n<li><strong>Fina\u0142 konkursu<\/strong> odb\u0119dzie si\u0119 <strong>9 grudnia 2025 r.<\/strong> w \u0141\u00f3dzkiej Specjalnej Strefie Ekonomicznej.<\/li>\n<\/ul>\n\n\n\n<h4 class=\"wp-block-heading\">Dlaczego warto?<\/h4>\n\n\n\n<p>Udzia\u0142 w konkursie to nie tylko presti\u017c, ale r\u00f3wnie\u017c:<\/p>\n\n\n\n<ul class=\"wp-block-list\">\n<li>promocja i zwi\u0119kszenie rozpoznawalno\u015bci,<\/li>\n\n\n\n<li>budowanie silnej marki,<\/li>\n\n\n\n<li>mo\u017cliwo\u015b\u0107 wymiany do\u015bwiadcze\u0144 i nawi\u0105zania nowych kontakt\u00f3w,<\/li>\n\n\n\n<li>wp\u0142yw na rozw\u00f3j gospodarczy regionu.<\/li>\n<\/ul>\n\n\n\n<p> Szczeg\u00f3\u0142owe informacje oraz formularz zg\u0142oszeniowy dost\u0119pne s\u0105 na stronie: <a href=\"http:\/\/www.nagrodagospodarcza.lodzkie.pl\">www.nagrodagospodarcza.lodzkie.pl<\/a><\/p>\n\n\n\n<p>M\u0141<\/p>\n","protected":false},"excerpt":{"rendered":"<p>Rozpocz\u0105\u0142 si\u0119 nab\u00f3r do Nagrody Gospodarczej Wojew\u00f3dztwa \u0141\u00f3dzkiego \u201e\u0141\u00f3dzkie dla Biznesu\u201d \u2013 najbardziej presti\u017cowego wyr\u00f3\u017cnienia dla przedsi\u0119biorc\u00f3w i samorz\u0105d\u00f3w z [&#8230;]<\/p>\n<p><a class=\"btn btn-secondary understrap-read-more-link\" href=\"https:\/\/uniejow.pl\/ucop\/aktualnosci\/nabor-do-nagrody-gospodarczej-wojewodztwa-lodzkiego\/\">Czytaj dalej\u2026<span class=\"screen-reader-text\"> from Nab\u00f3r do Nagrody Gospodarczej Wojew\u00f3dztwa \u0141\u00f3dzkiego<\/span><\/a><\/p>\n","protected":false},"author":5,"featured_media":2085,"comment_status":"closed","ping_status":"closed","sticky":false,"template":"","format":"standard","meta":{"_acf_changed":false,"footnotes":""},"categories":[4],"tags":[],"class_list":["post-2084","post","type-post","status-publish","format-standard","has-post-thumbnail","hentry","category-aktualnosci"],"acf":[],"_links":{"self":[{"href":"https:\/\/uniejow.pl\/ucop\/wp-json\/wp\/v2\/posts\/2084","targetHints":{"allow":["GET"]}}],"collection":[{"href":"https:\/\/uniejow.pl\/ucop\/wp-json\/wp\/v2\/posts"}],"about":[{"href":"https:\/\/uniejow.pl\/ucop\/wp-json\/wp\/v2\/types\/post"}],"author":[{"embeddable":true,"href":"https:\/\/uniejow.pl\/ucop\/wp-json\/wp\/v2\/users\/5"}],"replies":[{"embeddable":true,"href":"https:\/\/uniejow.pl\/ucop\/wp-json\/wp\/v2\/comments?post=2084"}],"version-history":[{"count":1,"href":"https:\/\/uniejow.pl\/ucop\/wp-json\/wp\/v2\/posts\/2084\/revisions"}],"predecessor-version":[{"id":2086,"href":"https:\/\/uniejow.pl\/ucop\/wp-json\/wp\/v2\/posts\/2084\/revisions\/2086"}],"wp:featuredmedia":[{"embeddable":true,"href":"https:\/\/uniejow.pl\/ucop\/wp-json\/wp\/v2\/media\/2085"}],"wp:attachment":[{"href":"https:\/\/uniejow.pl\/ucop\/wp-json\/wp\/v2\/media?parent=2084"}],"wp:term":[{"taxonomy":"category","embeddable":true,"href":"https:\/\/uniejow.pl\/ucop\/wp-json\/wp\/v2\/categories?post=2084"},{"taxonomy":"post_tag","embeddable":true,"href":"https:\/\/uniejow.pl\/ucop\/wp-json\/wp\/v2\/tags?post=2084"}],"curies":[{"name":"wp","href":"https:\/\/api.w.org\/{rel}","templated":true}]}}