{"id":2087,"date":"2025-09-30T08:30:00","date_gmt":"2025-09-30T07:30:00","guid":{"rendered":"https:\/\/uniejow.pl\/ucop\/?p=2087"},"modified":"2025-09-29T15:54:25","modified_gmt":"2025-09-29T14:54:25","slug":"srody-z-ksef-szkolenia","status":"publish","type":"post","link":"https:\/\/uniejow.pl\/ucop\/aktualnosci\/srody-z-ksef-szkolenia\/","title":{"rendered":"\u015arody z KSeF &#8211; szkolenia"},"content":{"rendered":"\n<p>Krajowy System e-Faktur (KSeF) jest systemem teleinformatycznym s\u0142u\u017c\u0105cym w szczeg\u00f3lno\u015bci do:<\/p>\n\n\n\n<ul class=\"wp-block-list\">\n<li>wystawiania, otrzymywania, dost\u0119pu, przechowywania faktur ustrukturyzowanych oraz<\/li>\n\n\n\n<li>nadawania lub odbierania uprawnie\u0144 do korzystania z KSeF.<\/li>\n<\/ul>\n\n\n\n<p>Obowi\u0105zek wystawiania faktur w KSeF nast\u0105pi od:<\/p>\n\n\n\n<ul class=\"wp-block-list\">\n<li>1 lutego 2026 r. dla przedsi\u0119biorc\u00f3w, u kt\u00f3rych warto\u015b\u0107 sprzeda\u017cy (wraz z kwot\u0105 podatku) przekroczy\u0142a w 2024 r. 200 mln z\u0142,<\/li>\n\n\n\n<li>1 kwietnia 2026 r. dla pozosta\u0142ych przedsi\u0119biorc\u00f3w.<\/li>\n<\/ul>\n\n\n\n<p>\u201e\u015arody z KSeF\u201d to cykl bezp\u0142atnych szkole\u0144, podczas kt\u00f3rych poznasz podstawowe informacje oraz praktyczne aspekty korzystania z Krajowego Systemu e-Faktur. Spotkania odbywaj\u0105 si\u0119 w \u015brody \u2013 zar\u00f3wno <strong>stacjonarnie<\/strong>, jak i <strong>on-line<\/strong> \u2013 aby ka\u017cdy m\u00f3g\u0142 wzi\u0105\u0107 udzia\u0142 w dogodnej formie.&nbsp;<\/p>\n\n\n\n<p>Cykl spotka\u0144 rozpocz\u0105\u0142 si\u0119 24 wrze\u015bnia 2025 r. i potrwa do po\u0142owy grudnia 2025 r.<\/p>\n\n\n\n<p><strong>Co mo\u017cna zyska\u0107 uczestnicz\u0105c w szkoleniach?<\/strong><\/p>\n\n\n\n<ul class=\"wp-block-list\">\n<li>Praktyczn\u0105 wiedz\u0119 o KSeF<\/li>\n\n\n\n<li>Zapoznanie si\u0119 z obs\u0142ug\u0105 bezp\u0142atnych narz\u0119dzi<\/li>\n\n\n\n<li>Wsparcie w adaptacji<\/li>\n<\/ul>\n\n\n\n<h3 class=\"wp-block-heading\">Modu\u0142y szkolenia<\/h3>\n\n\n\n<p>Szkolenie podzielone jest na bloki tematyczne, wi\u0119c mo\u017cesz przej\u015b\u0107 ca\u0142y cykl albo wybra\u0107 tylko te cz\u0119\u015bci, kt\u00f3re s\u0105 dla Ciebie najwa\u017cniejsze.<\/p>\n\n\n\n<ul class=\"wp-block-list\">\n<li><strong>Modu\u0142 I<\/strong> \u2013 Podstawowe informacje o KSeF<\/li>\n\n\n\n<li><strong>Modu\u0142 II<\/strong> \u2013 Uwierzytelnienie i autoryzacja w KSeF oraz nadawanie uprawnie\u0144<\/li>\n\n\n\n<li><strong>Modu\u0142 III <\/strong>\u2013 Wystawianie i otrzymywanie faktur w KSeF<\/li>\n\n\n\n<li><strong>Modu\u0142 IV<\/strong> \u2013 Modu\u0142 Certyfikat\u00f3w i Uprawnie\u0144 MCU<\/li>\n\n\n\n<li><strong>Modu\u0142 V <\/strong>\u2013 Nadawanie uprawnie\u0144 oraz wystawianie faktur w KSeF przez JST i Grupy VAT oraz rolnik\u00f3w rycza\u0142towych<\/li>\n\n\n\n<li><strong>Modu\u0142 VI <\/strong>\u2013 Bezp\u0142atne narz\u0119dzia KSeF \u2013 Aplikacja Mobilna KSeF<\/li>\n\n\n\n<li><strong>Modu\u0142 VII <\/strong>\u2013 Bezp\u0142atne narz\u0119dzia KSeF \u2013 Aplikacja Podatnika KSeF<\/li>\n\n\n\n<li><strong>Modu\u0142 VIII<\/strong> &#8211; Bezp\u0142atne narz\u0119dzia KSeF \u2013 e-mikrofirma powi\u0105zana z KSeF oraz dodatkowe funkcjonalno\u015bci KSeF<\/li>\n<\/ul>\n\n\n\n<p>Ka\u017cde spotkanie to okazja do zdobycia wiedzy, zadania pyta\u0144 ekspertom i wymiany do\u015bwiadcze\u0144 z innymi uczestnikami.<\/p>\n\n\n\n<p><strong>Wybierz dogodny termin i interesuj\u0105c\u0105 ci\u0119 tematyk\u0119 spotkania<\/strong><\/p>\n\n\n\n<p><strong>Szkolenia online prowadzone przez Izb\u0119 Administracji Skarbowej w \u0141odzi<\/strong><\/p>\n\n\n\n<ul class=\"wp-block-list\">\n<li><strong>1 pa\u017adziernika &#8211; modu\u0142 II \u2013 Uwierzytelnienie i autoryzacja w KSeF oraz nadawanie uprawnie\u0144,&nbsp;<a href=\"https:\/\/teams.microsoft.com\/l\/meetup-join\/19%3ameeting_YmU5YjlkMjAtNWM1My00ZTFiLTk0OGQtZDAxMWQwZmUzNjZm%40thread.v2\/0?context=%7b%22Tid%22%3a%22647754c7-3974-4442-a425-c61341b61c69%22%2c%22Oid%22%3a%221a385956-9626-474c-ac7f-2f801d36890d%22%7d\" target=\"_blank\" rel=\"noreferrer noopener\">link do szkollenia godz. 10.00-12.00<\/a>&nbsp;oraz&nbsp;<a href=\"https:\/\/teams.microsoft.com\/dl\/launcher\/launcher.html?url=%2F_%23%2Fl%2Fmeetup-join%2F19%3Ameeting_ZDM4MDgxMjAtNGM1OC00NjQzLTlhZTQtMDMyOGZmMDYyMGE3%40thread.v2%2F0%3Fcontext%3D%257b%2522Tid%2522%253a%2522647754c7-3974-4442-a425-c61341b61c69%2522%252c%2522Oid%2522%253a%25221a385956-9626-474c-ac7f-2f801d36890d%2522%257d%26anon%3Dtrue&amp;type=meetup-join&amp;deeplinkId=baa12a4e-be78-410a-a736-f870e4402a47&amp;directDl=true&amp;msLaunch=true&amp;enableMobilePage=true&amp;suppressPrompt=true\" target=\"_blank\" rel=\"noreferrer noopener\">link do szkolenia godz. 15.00 &#8211; 17.00<\/a><\/strong><\/li>\n\n\n\n<li>22 pa\u017adziernika &#8211; modu\u0142 III \u2013 Wystawianie i otrzymywanie faktur w KSeF<\/li>\n\n\n\n<li>29 pa\u017adziernika &#8211; modu\u0142 IV \u2013 Modu\u0142 Certyfikat\u00f3w i Uprawnie\u0144 MCU<\/li>\n\n\n\n<li>12 listopada &#8211; modu\u0142 V \u2013 Nadawanie uprawnie\u0144 oraz wystawianie faktur w KSeF przez JST i Grupy VAT oraz rolnik\u00f3w rycza\u0142towych<\/li>\n\n\n\n<li>19 listopada &#8211; modu\u0142 VI \u2013 Bezp\u0142atne narz\u0119dzia KSeF \u2013 Aplikacja Mobilna KSeF<\/li>\n\n\n\n<li>3 grudnia &#8211; modu\u0142 VII \u2013 Bezp\u0142atne narz\u0119dzia KSeF \u2013 Aplikacja Podatnika KSeF<\/li>\n\n\n\n<li>10 grudnia &#8211; modu\u0142 VIII &#8211; Bezp\u0142atne narz\u0119dzia KSeF \u2013 e-mikrofirma powi\u0105zana z KSeF oraz dodatkowe funkcjonalno\u015bci KSeF<\/li>\n<\/ul>\n\n\n\n<p><strong>Szkolenia stacjonarne:<\/strong><\/p>\n\n\n\n<ul class=\"wp-block-list\">\n<li><strong>1 pa\u017adziernika<\/strong> &#8211; Urz\u0105d Skarbowy w Podd\u0119bicach ul.\u00a0Narutowicza 12, 99-200\u00a0Podd\u0119bice, pok. nr 19, godz. 10:00\u00a0&#8211; Modu\u0142 I\u00a0<\/li>\n\n\n\n<li><strong>8 pa\u017adziernika<\/strong> &#8211; Urz\u0105d Skarbowy w Podd\u0119bicach ul.\u00a0Narutowicza 12, 99-200\u00a0Podd\u0119bice, pok. nr 19, godz. 10:00\u00a0&#8211; Modu\u0142 II\u00a0<strong>(Uwaga! Zmiana tematu szkolenia &#8211; Modu\u0142 I\u00a0przeniesiony na\u00a01.10.2025 r.)<\/strong><\/li>\n\n\n\n<li><strong>22 pa\u017adziernika<\/strong> &#8211; Urz\u0105d Skarbowy w Podd\u0119bicach ul.\u00a0Narutowicza 12, 99-200\u00a0Podd\u0119bice, pok. nr 19, godz. 10:00\u00a0&#8211; Modu\u0142 III\u00a0<strong>(Uwaga! Zmiana terminu szkolenia z 15.10.2025 r.)\u00a0<\/strong><\/li>\n\n\n\n<li><strong>29\u00a0pa\u017adziernika<\/strong> &#8211; Urz\u0105d Skarbowy w Podd\u0119bicach ul.\u00a0Narutowicza 12, 99-200\u00a0Podd\u0119bice, pok. nr 19, godz. 10:00\u00a0&#8211; Modu\u0142 IV\u00a0<strong>(Uwaga! Zmiana terminu szkolenia z 15.10.2025 r.)\u00a0<\/strong><\/li>\n\n\n\n<li><strong>12 listopada<\/strong>\u00a0&#8211; Urz\u0105d Skarbowy w Podd\u0119bicach ul.\u00a0Narutowicza 12, 99-200\u00a0Podd\u0119bice,\u00a0pok. nr 19, godz. 10:00\u00a0&#8211; Modu\u0142 V\u00a0<strong>(Uwaga! Zmiana terminu szkolenia z 26.11.2025 r.)\u00a0<\/strong><\/li>\n\n\n\n<li><strong>19\u00a0listopada<\/strong>\u00a0&#8211; Urz\u0105d Skarbowy w Podd\u0119bicach ul.\u00a0Narutowicza 12, 99-200\u00a0Podd\u0119bice,\u00a0pok. nr 19, godz. 10:00\u00a0&#8211; Modu\u0142 VI\u00a0<strong>(Uwaga! Zmiana terminu szkolenia z 17.12.2025 r.)\u00a0<\/strong><\/li>\n\n\n\n<li><strong>26 listopada<\/strong>\u00a0&#8211; Urz\u0105d Skarbowy w Podd\u0119bicach ul.\u00a0Narutowicza 12, 99-200\u00a0Podd\u0119bice,\u00a0pok. nr 19, godz. 10:00\u00a0&#8211; Modu\u0142 VII\u00a0<strong>(Uwaga! Zmiana tematu\u00a0szkolenia z Modu\u0142u V na Modu\u0142 VII)\u00a0<\/strong><\/li>\n\n\n\n<li><strong>3 grudnia<\/strong>\u00a0&#8211; Urz\u0105d Skarbowy w Podd\u0119bicach ul. Narutowicza 12, 99-200\u00a0Podd\u0119bice,\u00a0pok. nr 19, godz. 10:00\u00a0&#8211; Modu\u0142 VIII\u00a0<strong>(Uwaga! Zmiana terminu szkolenia z 17.12.2025 r.)\u00a0<\/strong><\/li>\n<\/ul>\n\n\n\n<p>Chcesz dowiedzie\u0107 si\u0119 wi\u0119cej o KSeF?&nbsp;<br>Wejd\u017a na <a href=\"http:\/\/ksef.podatki.gov.pl&nbsp;\" target=\"_blank\" rel=\"noreferrer noopener\">ksef.podatki.gov.pl&nbsp;<\/a><\/p>\n\n\n\n<p>M\u0141<\/p>\n","protected":false},"excerpt":{"rendered":"<p>Krajowy System e-Faktur (KSeF) jest systemem teleinformatycznym s\u0142u\u017c\u0105cym w szczeg\u00f3lno\u015bci do: Obowi\u0105zek wystawiania faktur w KSeF nast\u0105pi od: \u201e\u015arody z [&#8230;]<\/p>\n<p><a class=\"btn btn-secondary understrap-read-more-link\" href=\"https:\/\/uniejow.pl\/ucop\/aktualnosci\/srody-z-ksef-szkolenia\/\">Czytaj dalej\u2026<span class=\"screen-reader-text\"> from \u015arody z KSeF &#8211; szkolenia<\/span><\/a><\/p>\n","protected":false},"author":5,"featured_media":2088,"comment_status":"closed","ping_status":"closed","sticky":false,"template":"","format":"standard","meta":{"_acf_changed":false,"footnotes":""},"categories":[4],"tags":[],"class_list":["post-2087","post","type-post","status-publish","format-standard","has-post-thumbnail","hentry","category-aktualnosci"],"acf":[],"_links":{"self":[{"href":"https:\/\/uniejow.pl\/ucop\/wp-json\/wp\/v2\/posts\/2087","targetHints":{"allow":["GET"]}}],"collection":[{"href":"https:\/\/uniejow.pl\/ucop\/wp-json\/wp\/v2\/posts"}],"about":[{"href":"https:\/\/uniejow.pl\/ucop\/wp-json\/wp\/v2\/types\/post"}],"author":[{"embeddable":true,"href":"https:\/\/uniejow.pl\/ucop\/wp-json\/wp\/v2\/users\/5"}],"replies":[{"embeddable":true,"href":"https:\/\/uniejow.pl\/ucop\/wp-json\/wp\/v2\/comments?post=2087"}],"version-history":[{"count":2,"href":"https:\/\/uniejow.pl\/ucop\/wp-json\/wp\/v2\/posts\/2087\/revisions"}],"predecessor-version":[{"id":2090,"href":"https:\/\/uniejow.pl\/ucop\/wp-json\/wp\/v2\/posts\/2087\/revisions\/2090"}],"wp:featuredmedia":[{"embeddable":true,"href":"https:\/\/uniejow.pl\/ucop\/wp-json\/wp\/v2\/media\/2088"}],"wp:attachment":[{"href":"https:\/\/uniejow.pl\/ucop\/wp-json\/wp\/v2\/media?parent=2087"}],"wp:term":[{"taxonomy":"category","embeddable":true,"href":"https:\/\/uniejow.pl\/ucop\/wp-json\/wp\/v2\/categories?post=2087"},{"taxonomy":"post_tag","embeddable":true,"href":"https:\/\/uniejow.pl\/ucop\/wp-json\/wp\/v2\/tags?post=2087"}],"curies":[{"name":"wp","href":"https:\/\/api.w.org\/{rel}","templated":true}]}}