{"id":2095,"date":"2025-10-01T14:45:55","date_gmt":"2025-10-01T13:45:55","guid":{"rendered":"https:\/\/uniejow.pl\/ucop\/?p=2095"},"modified":"2025-10-01T14:57:59","modified_gmt":"2025-10-01T13:57:59","slug":"biznes-meetup-13-pazdziernika-2025","status":"publish","type":"post","link":"https:\/\/uniejow.pl\/ucop\/aktualnosci\/biznes-meetup-13-pazdziernika-2025\/","title":{"rendered":"BIZNES MEETup &#8211; 13 pa\u017adziernika 2025"},"content":{"rendered":"\n<h3 class=\"wp-block-heading\"><\/h3>\n\n\n\n<p>\u0141\u00f3dzka Izba Przemys\u0142owo\u2013Handlowa zaprasza przedsi\u0119biorc\u00f3w, lider\u00f3w i wszystkich zainteresowanych rozwojem biznesu na wyj\u0105tkowe wydarzenie <strong>BIZNES MEETup<\/strong>, kt\u00f3re odb\u0119dzie si\u0119 13 pa\u017adziernika na Miejskim Stadionie im. W. Kr\u00f3la, przy ul. Uniii Lubelskiej 2<\/p>\n\n\n\n<p>Spotkanie b\u0119dzie doskona\u0142\u0105 okazj\u0105, aby w swobodnej atmosferze:<\/p>\n\n\n\n<ul class=\"wp-block-list\">\n<li>pozna\u0107 innych przedsi\u0119biorc\u00f3w,<\/li>\n\n\n\n<li>zainspirowa\u0107 si\u0119 pomys\u0142ami i historiami sukcesu,<\/li>\n\n\n\n<li>nawi\u0105za\u0107 kontakty, kt\u00f3re mog\u0105 zaowocowa\u0107 realn\u0105 wsp\u00f3\u0142prac\u0105.<\/li>\n<\/ul>\n\n\n\n<h3 class=\"wp-block-heading\">Szczeg\u00f3\u0142y wydarzenia:<\/h3>\n\n\n\n<p> <strong>Start rejestracji:<\/strong> 16:30<br> <strong>Start programu:<\/strong> 17:30<\/p>\n\n\n\n<hr class=\"wp-block-separator has-alpha-channel-opacity\"\/>\n\n\n\n<h3 class=\"wp-block-heading\">Program spotkania<\/h3>\n\n\n\n<p><strong>17:30 \u2013 Wyk\u0142ad inspiracyjny<\/strong><br><em>&#8222;Drogowskazy do sukcesu, czyli 7 przykaza\u0144 skutecznego dzia\u0142ania, opartych na w\u0142asnych do\u015bwiadczeniach&#8221;<\/em><br>Prelegent: <strong>Marcin Prokop<\/strong> \u2013 dziennikarz, prezenter telewizyjny, publicysta, osobowo\u015b\u0107 medialna.<\/p>\n\n\n\n<p><strong>18:45 \u2013 Panel dyskusyjny<\/strong><br><em>&#8222;Wsp\u00f3lna mapa sukcesu: przedsi\u0119biorcy, samorz\u0105d, media \u2013 recepta \u0142\u00f3dzkich lider\u00f3w&#8221;<\/em><br>Prowadzenie: redaktor <strong>Monika Czerska<\/strong><\/p>\n\n\n\n<p>Biznes, samorz\u0105d i media \u2013 trzy r\u00f3\u017cne perspektywy, jeden cel: skuteczne i m\u0105dre dzia\u0142anie. Podczas panelu poszukamy odpowiedzi, jak wygl\u0105da wsp\u00f3\u0142praca lokalnych lider\u00f3w, z jakimi wyzwaniami si\u0119 mierz\u0105 oraz jakie praktyki warto przenie\u015b\u0107 na grunt regionalny.<\/p>\n\n\n\n<p><strong>19:30 \u2013 Biznes MeetUp<\/strong><br>Cz\u0119\u015b\u0107 networkingowa, czyli biznesowy mikser po \u0142\u00f3dzku \u2013 czas na rozmowy, wymian\u0119 do\u015bwiadcze\u0144 i budowanie nowych relacji.<\/p>\n\n\n\n<hr class=\"wp-block-separator has-alpha-channel-opacity\"\/>\n\n\n\n<h3 class=\"wp-block-heading\">Dlaczego warto?<\/h3>\n\n\n\n<p>To b\u0119dzie wiecz\u00f3r pe\u0142en energii, merytorycznych rozm\u00f3w i inspiracji.<br>Zach\u0119camy do zabrania wizyt\u00f3wek, otwarto\u015bci i u\u015bmiechu \u2013 reszt\u0105 zajm\u0105 si\u0119 organizatorzy.<\/p>\n\n\n\n<p>Na uczestnik\u00f3w czeka nie tylko bogata cz\u0119\u015b\u0107 programowa, lecz tak\u017ce wyj\u0105tkowe niespodzianki przygotowane przez Partner\u00f3w wydarzenia.<\/p>\n\n\n\n<hr class=\"wp-block-separator has-alpha-channel-opacity\"\/>\n\n\n\n<h3 class=\"wp-block-heading\">Rejestracja<\/h3>\n\n\n\n<p>Ko\u0144czy si\u0119 w dniu 08.10.2025 o godz. 16:00<\/p>\n\n\n\n<p> <a href=\"https:\/\/zapisy.izba.lodz.pl\/biznes-meetup-14102025\">Zapisz si\u0119 na wydarzenie<\/a><\/p>\n\n\n\n<h3 class=\"wp-block-heading\">Koszt udzia\u0142u<\/h3>\n\n\n\n<ul class=\"wp-block-list\">\n<li><strong>240 z\u0142 + VAT<\/strong> \u2013 dla cz\u0142onk\u00f3w \u0141IPH lub reprezentant\u00f3w firm cz\u0142onkowskich (przy braku zaleg\u0142o\u015bci w op\u0142atach),<\/li>\n\n\n\n<li><strong>290 z\u0142 + VAT<\/strong> \u2013 dla pozosta\u0142ych uczestnik\u00f3w.<\/li>\n<\/ul>\n\n\n\n<p><\/p>\n\n\n\n<p>M\u0141<\/p>\n","protected":false},"excerpt":{"rendered":"<p>\u0141\u00f3dzka Izba Przemys\u0142owo\u2013Handlowa zaprasza przedsi\u0119biorc\u00f3w, lider\u00f3w i wszystkich zainteresowanych rozwojem biznesu na wyj\u0105tkowe wydarzenie BIZNES MEETup, kt\u00f3re odb\u0119dzie si\u0119 13 [&#8230;]<\/p>\n<p><a class=\"btn btn-secondary understrap-read-more-link\" href=\"https:\/\/uniejow.pl\/ucop\/aktualnosci\/biznes-meetup-13-pazdziernika-2025\/\">Czytaj dalej\u2026<span class=\"screen-reader-text\"> from BIZNES MEETup &#8211; 13 pa\u017adziernika 2025<\/span><\/a><\/p>\n","protected":false},"author":5,"featured_media":2096,"comment_status":"closed","ping_status":"closed","sticky":false,"template":"","format":"standard","meta":{"_acf_changed":false,"footnotes":""},"categories":[4],"tags":[],"class_list":["post-2095","post","type-post","status-publish","format-standard","has-post-thumbnail","hentry","category-aktualnosci"],"acf":[],"_links":{"self":[{"href":"https:\/\/uniejow.pl\/ucop\/wp-json\/wp\/v2\/posts\/2095","targetHints":{"allow":["GET"]}}],"collection":[{"href":"https:\/\/uniejow.pl\/ucop\/wp-json\/wp\/v2\/posts"}],"about":[{"href":"https:\/\/uniejow.pl\/ucop\/wp-json\/wp\/v2\/types\/post"}],"author":[{"embeddable":true,"href":"https:\/\/uniejow.pl\/ucop\/wp-json\/wp\/v2\/users\/5"}],"replies":[{"embeddable":true,"href":"https:\/\/uniejow.pl\/ucop\/wp-json\/wp\/v2\/comments?post=2095"}],"version-history":[{"count":3,"href":"https:\/\/uniejow.pl\/ucop\/wp-json\/wp\/v2\/posts\/2095\/revisions"}],"predecessor-version":[{"id":2102,"href":"https:\/\/uniejow.pl\/ucop\/wp-json\/wp\/v2\/posts\/2095\/revisions\/2102"}],"wp:featuredmedia":[{"embeddable":true,"href":"https:\/\/uniejow.pl\/ucop\/wp-json\/wp\/v2\/media\/2096"}],"wp:attachment":[{"href":"https:\/\/uniejow.pl\/ucop\/wp-json\/wp\/v2\/media?parent=2095"}],"wp:term":[{"taxonomy":"category","embeddable":true,"href":"https:\/\/uniejow.pl\/ucop\/wp-json\/wp\/v2\/categories?post=2095"},{"taxonomy":"post_tag","embeddable":true,"href":"https:\/\/uniejow.pl\/ucop\/wp-json\/wp\/v2\/tags?post=2095"}],"curies":[{"name":"wp","href":"https:\/\/api.w.org\/{rel}","templated":true}]}}