{"id":2098,"date":"2025-10-01T14:53:18","date_gmt":"2025-10-01T13:53:18","guid":{"rendered":"https:\/\/uniejow.pl\/ucop\/?p=2098"},"modified":"2025-10-01T14:53:18","modified_gmt":"2025-10-01T13:53:18","slug":"kongres-przedsiebiorcow-w-kaliszu","status":"publish","type":"post","link":"https:\/\/uniejow.pl\/ucop\/aktualnosci\/kongres-przedsiebiorcow-w-kaliszu\/","title":{"rendered":"Kongres Przedsi\u0119biorc\u00f3w w Kaliszu"},"content":{"rendered":"\n<h1 class=\"wp-block-heading\"><\/h1>\n\n\n\n<p>Zapraszamy na <strong>Kongres Przedsi\u0119biorc\u00f3w<\/strong>, kt\u00f3ry przygotowany jest z  my\u015bl\u0105 o rozwoju Pa\u0144stwa firmy. Podczas wydarzenia mo\u017cna b\u0119dzie uzyska\u0107 mn\u00f3stwo warto\u015bciowych tre\u015bci, kt\u00f3re zaprezentuj\u0105 znani i cenieni specjali\u015bci, autorytety w dziedzinie prawa, ekonomii, finans\u00f3w, gospodarki i nie tylko&#8230;<\/p>\n\n\n\n<p>9 pa\u017adziernika w auli UAM w Kaliszu wyst\u0105pi\u0105 przed Pa\u0144stwem&nbsp;<strong>prof. Adam Maria\u0144ski, prof. Robert Gwiazdowski, prof. Krzysztof Koszela i prof. Jerzy Bralczyk<\/strong>.<\/p>\n\n\n\n<p>Panowie profesorowie wezm\u0105 udzia\u0142 w dyskusjach panelowych i wsp\u00f3lnie z zaproszonymi go\u015b\u0107mi &#8211; ekspertami, przedsi\u0119biorcami, przedstawicielami instytucji publicznych, ekonomistami i liderami biznesu &#8211; zastanowi\u0105 si\u0119:&nbsp;<\/p>\n\n\n\n<ul class=\"wp-block-list\">\n<li>czy polskie prawo gospodarcze mo\u017ce zacz\u0105\u0107 dzia\u0142a\u0107 na rzecz rozwoju, a nie przeciwko niemu,<\/li>\n\n\n\n<li>jak budowa\u0107 odporno\u015b\u0107 gospodarcz\u0105 w \u015bwiecie, w kt\u00f3rym &#8222;dobre czasy&#8221; mog\u0105 ju\u017c nie wr\u00f3ci\u0107,<\/li>\n\n\n\n<li>jak przedsi\u0119biorczo\u015b\u0107 mo\u017ce kszta\u0142towa\u0107 Kalisz.<\/li>\n<\/ul>\n\n\n\n<p>Profesor Jerzy Bralczyk wyg\u0142osi natomiast wyk\u0142ad na temat j\u0119zyka manipulacji i perswazji.<\/p>\n\n\n\n<p>Nie zabraknie r\u00f3wnie\u017c bloku po\u015bwi\u0119conego narz\u0119dziom wsparcia dla firm.<\/p>\n\n\n\n<p><strong>Kongres Przedsi\u0119biorc\u00f3w jest bezp\u0142atny<\/strong>&nbsp;i skierowany jest do w\u0142a\u015bcicieli, kadry zarz\u0105dzaj\u0105cej oraz pracownik\u00f3w firm. Udzia\u0142 w kongresie wymaga wcze\u015bniejszej rejestracji &#8211; w terminie do 3 pa\u017adziernika.<\/p>\n\n\n\n<p>Organizatorem Kongresu Przedsi\u0119biorc\u00f3w jest&nbsp;<strong>Miasto Kalisz<\/strong><\/p>\n\n\n\n<p>Wsp\u00f3\u0142organizatorami s\u0105:&nbsp;<strong>\u0141\u00f3dzka Izba Przemys\u0142owo-Handlowa i Regionalna Izba Gospodarcza w Kaliszu<\/strong><\/p>\n\n\n\n<p>Partnerem wydarzenia jest:<strong>&nbsp;\u0141\u00f3dzka Specjalna Strefa Ekonomiczna S.A.<\/strong><\/p>\n\n\n\n<p>Szczeg\u00f3\u0142owe informacje oraz link do rejestracji znajduj\u0105 si\u0119 poni\u017cej:<\/p>\n\n\n\n<p><a href=\"https:\/\/lodz.us20.list-manage.com\/track\/click?u=1aa9a258fc396f9eff3997fec&amp;id=0c321cde9e&amp;e=74fcbde47f\" target=\"_blank\" rel=\"noreferrer noopener\">Rejestracja<\/a>\u00a0|\u00a0<a href=\"https:\/\/www.kalisz.pl\/biznes\/kongres-przedsiebiorcow\" target=\"_blank\" rel=\"noreferrer noopener\">Program<\/a> <\/p>\n\n\n\n<p>M\u0141<\/p>\n","protected":false},"excerpt":{"rendered":"<p>Zapraszamy na Kongres Przedsi\u0119biorc\u00f3w, kt\u00f3ry przygotowany jest z my\u015bl\u0105 o rozwoju Pa\u0144stwa firmy. Podczas wydarzenia mo\u017cna b\u0119dzie uzyska\u0107 mn\u00f3stwo warto\u015bciowych [&#8230;]<\/p>\n<p><a class=\"btn btn-secondary understrap-read-more-link\" href=\"https:\/\/uniejow.pl\/ucop\/aktualnosci\/kongres-przedsiebiorcow-w-kaliszu\/\">Czytaj dalej\u2026<span class=\"screen-reader-text\"> from Kongres Przedsi\u0119biorc\u00f3w w Kaliszu<\/span><\/a><\/p>\n","protected":false},"author":5,"featured_media":2100,"comment_status":"closed","ping_status":"closed","sticky":false,"template":"","format":"standard","meta":{"_acf_changed":false,"footnotes":""},"categories":[4],"tags":[],"class_list":["post-2098","post","type-post","status-publish","format-standard","has-post-thumbnail","hentry","category-aktualnosci"],"acf":[],"_links":{"self":[{"href":"https:\/\/uniejow.pl\/ucop\/wp-json\/wp\/v2\/posts\/2098","targetHints":{"allow":["GET"]}}],"collection":[{"href":"https:\/\/uniejow.pl\/ucop\/wp-json\/wp\/v2\/posts"}],"about":[{"href":"https:\/\/uniejow.pl\/ucop\/wp-json\/wp\/v2\/types\/post"}],"author":[{"embeddable":true,"href":"https:\/\/uniejow.pl\/ucop\/wp-json\/wp\/v2\/users\/5"}],"replies":[{"embeddable":true,"href":"https:\/\/uniejow.pl\/ucop\/wp-json\/wp\/v2\/comments?post=2098"}],"version-history":[{"count":1,"href":"https:\/\/uniejow.pl\/ucop\/wp-json\/wp\/v2\/posts\/2098\/revisions"}],"predecessor-version":[{"id":2101,"href":"https:\/\/uniejow.pl\/ucop\/wp-json\/wp\/v2\/posts\/2098\/revisions\/2101"}],"wp:featuredmedia":[{"embeddable":true,"href":"https:\/\/uniejow.pl\/ucop\/wp-json\/wp\/v2\/media\/2100"}],"wp:attachment":[{"href":"https:\/\/uniejow.pl\/ucop\/wp-json\/wp\/v2\/media?parent=2098"}],"wp:term":[{"taxonomy":"category","embeddable":true,"href":"https:\/\/uniejow.pl\/ucop\/wp-json\/wp\/v2\/categories?post=2098"},{"taxonomy":"post_tag","embeddable":true,"href":"https:\/\/uniejow.pl\/ucop\/wp-json\/wp\/v2\/tags?post=2098"}],"curies":[{"name":"wp","href":"https:\/\/api.w.org\/{rel}","templated":true}]}}