{"id":2105,"date":"2025-10-07T12:45:38","date_gmt":"2025-10-07T11:45:38","guid":{"rendered":"https:\/\/uniejow.pl\/ucop\/?p=2105"},"modified":"2025-10-07T14:19:00","modified_gmt":"2025-10-07T13:19:00","slug":"regionalna-pozyczka-obrotowa","status":"publish","type":"post","link":"https:\/\/uniejow.pl\/ucop\/aktualnosci\/regionalna-pozyczka-obrotowa\/","title":{"rendered":"Regionalna Po\u017cyczka Obrotowa"},"content":{"rendered":"\n<p>Ma\u0142e i \u015brednie firmy z naszego regionu maj\u0105 now\u0105 szans\u0119 na finansowe wsparcie! <\/p>\n\n\n\n<p>Urz\u0105d Marsza\u0142kowski Wojew\u00f3dztwa \u0141\u00f3dzkiego uruchomi\u0142 <strong>Regionaln\u0105 Po\u017cyczk\u0119 Obrotow\u0105<\/strong>, z kt\u00f3rej mo\u017cna sfinansowa\u0107 bie\u017c\u0105ce potrzeby firmy \u2013 od wynagrodze\u0144 dla pracownik\u00f3w, przez zakup towar\u00f3w, a\u017c po sp\u0142at\u0119 podatku VAT.<\/p>\n\n\n\n<p>Dost\u0119pna pula \u015brodk\u00f3w to a\u017c <strong>360 milion\u00f3w z\u0142otych<\/strong>, z czego <strong>120 mln z\u0142<\/strong> ju\u017c czeka na przedsi\u0119biorc\u00f3w \u2013 pozosta\u0142a cz\u0119\u015b\u0107 mo\u017ce zosta\u0107 udost\u0119pniona, je\u015bli zainteresowanie b\u0119dzie wysokie.<\/p>\n\n\n\n<h4 class=\"wp-block-heading\">Co mo\u017cna sfinansowa\u0107?<\/h4>\n\n\n\n<p>\u015arodki z po\u017cyczki mog\u0105 by\u0107 przeznaczone na:<\/p>\n\n\n\n<ul class=\"wp-block-list\">\n<li>wyp\u0142aty wynagrodze\u0144 dla pracownik\u00f3w,<\/li>\n\n\n\n<li>zakup towar\u00f3w lub materia\u0142\u00f3w,<\/li>\n\n\n\n<li>sp\u0142at\u0119 podatk\u00f3w, w tym podatku VAT,<\/li>\n\n\n\n<li>inne wydatki zwi\u0105zane z codziennym funkcjonowaniem firmy.<\/li>\n<\/ul>\n\n\n\n<p>To rozwi\u0105zanie idealne dla firm, kt\u00f3re potrzebuj\u0105 wsparcia w utrzymaniu p\u0142ynno\u015bci finansowej lub chc\u0105 inwestowa\u0107 w rozw\u00f3j bez konieczno\u015bci si\u0119gania po kosztowne kredyty komercyjne.<\/p>\n\n\n\n<h4 class=\"wp-block-heading\">Atrakcyjne warunki finansowe<\/h4>\n\n\n\n<p>Regionalna Po\u017cyczka Obrotowa oferowana jest na bardzo preferencyjnych warunkach:<\/p>\n\n\n\n<ul class=\"wp-block-list\">\n<li><strong>maksymalna kwota po\u017cyczki: 1 000 000 z\u0142<\/strong>,<\/li>\n\n\n\n<li><strong>okres sp\u0142aty: do 5 lat<\/strong>,<\/li>\n\n\n\n<li><strong>karencja w sp\u0142acie kapita\u0142u: do 6 miesi\u0119cy<\/strong>,<\/li>\n\n\n\n<li><strong>oprocentowanie: tylko 3,78%<\/strong>.<\/li>\n<\/ul>\n\n\n\n<p>To realna pomoc dla przedsi\u0119biorc\u00f3w, kt\u00f3rzy mierz\u0105 si\u0119 z wyzwaniami prowadzenia firmy w obecnych czasach.<\/p>\n\n\n\n<h4 class=\"wp-block-heading\">Gdzie z\u0142o\u017cy\u0107 wniosek?<\/h4>\n\n\n\n<p>Wniosek o udzielenie po\u017cyczki sk\u0142ada si\u0119 w Departamencie Po\u017cyczek i Por\u0119cze\u0144 \u0141ARR S.A. (DPiP), w siedzibie \u0141ARR S.A. w \u0141odzi, przy ul. Narutowicza 34, w chwili wp\u0142ywu podlega on rejestracji. Wniosek mo\u017cna z\u0142o\u017cy\u0107 r\u00f3wnie\u017c listownie na wy\u017cej wskazany adres.\u00a0<\/p>\n\n\n\n<p>Wszystkie szczeg\u00f3\u0142y dotycz\u0105ce po\u017cyczki znajd\u0105 Pa\u0144stwo pod zamieszczonym linkiem.                                                                                                                      <a href=\"https:\/\/www.larr.pl\/regionalna-pozyczka-obrotowa-2025\">https:\/\/www.larr.pl\/regionalna-pozyczka-obrotowa-2025<\/a><\/p>\n\n\n\n<p><\/p>\n\n\n\n<p>M\u0141<\/p>\n\n\n\n<p><\/p>\n","protected":false},"excerpt":{"rendered":"<p>Ma\u0142e i \u015brednie firmy z naszego regionu maj\u0105 now\u0105 szans\u0119 na finansowe wsparcie! Urz\u0105d Marsza\u0142kowski Wojew\u00f3dztwa \u0141\u00f3dzkiego uruchomi\u0142 Regionaln\u0105 Po\u017cyczk\u0119 [&#8230;]<\/p>\n<p><a class=\"btn btn-secondary understrap-read-more-link\" href=\"https:\/\/uniejow.pl\/ucop\/aktualnosci\/regionalna-pozyczka-obrotowa\/\">Czytaj dalej\u2026<span class=\"screen-reader-text\"> from Regionalna Po\u017cyczka Obrotowa<\/span><\/a><\/p>\n","protected":false},"author":5,"featured_media":2107,"comment_status":"closed","ping_status":"closed","sticky":false,"template":"","format":"standard","meta":{"_acf_changed":false,"footnotes":""},"categories":[4],"tags":[],"class_list":["post-2105","post","type-post","status-publish","format-standard","has-post-thumbnail","hentry","category-aktualnosci"],"acf":[],"_links":{"self":[{"href":"https:\/\/uniejow.pl\/ucop\/wp-json\/wp\/v2\/posts\/2105","targetHints":{"allow":["GET"]}}],"collection":[{"href":"https:\/\/uniejow.pl\/ucop\/wp-json\/wp\/v2\/posts"}],"about":[{"href":"https:\/\/uniejow.pl\/ucop\/wp-json\/wp\/v2\/types\/post"}],"author":[{"embeddable":true,"href":"https:\/\/uniejow.pl\/ucop\/wp-json\/wp\/v2\/users\/5"}],"replies":[{"embeddable":true,"href":"https:\/\/uniejow.pl\/ucop\/wp-json\/wp\/v2\/comments?post=2105"}],"version-history":[{"count":2,"href":"https:\/\/uniejow.pl\/ucop\/wp-json\/wp\/v2\/posts\/2105\/revisions"}],"predecessor-version":[{"id":2110,"href":"https:\/\/uniejow.pl\/ucop\/wp-json\/wp\/v2\/posts\/2105\/revisions\/2110"}],"wp:featuredmedia":[{"embeddable":true,"href":"https:\/\/uniejow.pl\/ucop\/wp-json\/wp\/v2\/media\/2107"}],"wp:attachment":[{"href":"https:\/\/uniejow.pl\/ucop\/wp-json\/wp\/v2\/media?parent=2105"}],"wp:term":[{"taxonomy":"category","embeddable":true,"href":"https:\/\/uniejow.pl\/ucop\/wp-json\/wp\/v2\/categories?post=2105"},{"taxonomy":"post_tag","embeddable":true,"href":"https:\/\/uniejow.pl\/ucop\/wp-json\/wp\/v2\/tags?post=2105"}],"curies":[{"name":"wp","href":"https:\/\/api.w.org\/{rel}","templated":true}]}}