{"id":2111,"date":"2025-10-07T15:10:05","date_gmt":"2025-10-07T14:10:05","guid":{"rendered":"https:\/\/uniejow.pl\/ucop\/?p=2111"},"modified":"2025-10-07T15:14:17","modified_gmt":"2025-10-07T14:14:17","slug":"seminarium-mozliwosci-finansowania-inwestycji-ze-srodkow-unii-europejskiej-przez-bank-gospodarstwa-krajowego","status":"publish","type":"post","link":"https:\/\/uniejow.pl\/ucop\/aktualnosci\/seminarium-mozliwosci-finansowania-inwestycji-ze-srodkow-unii-europejskiej-przez-bank-gospodarstwa-krajowego\/","title":{"rendered":"Seminarium \u201eMo\u017cliwo\u015bci finansowania inwestycji ze \u015brodk\u00f3w Unii Europejskiej przez Bank Gospodarstwa Krajowego\u201d"},"content":{"rendered":"\n<p>Fundacja Rozwoju Przedsi\u0119biorczo\u015bci im. Prof. Jerzego Dietla oraz BGK &#8211; Bank Gospodarstwa Krajowego &#8211; Region<strong> <\/strong>\u0141\u00f3dzki zapraszaj\u0105 na seminarium:<br>pn.: <strong>\u201eMo\u017cliwo\u015bci finansowania inwestycji ze \u015brodk\u00f3w Unii Europejskiej przez Bank Gospodarstwa Krajowego\u201d<\/strong>, kt\u00f3re odb\u0119dzie si\u0119 9 pa\u017adziernika 2025r. o godz: 10:00 w sali konferencyjnej hotelu City Center Rooms przy ul. Piotrkowskiej 91 w \u0141odzi<\/p>\n\n\n\n<p><\/p>\n\n\n\n<p>W programie m.in.:<br>\u2022 oferta Banku Gospodarstwa Krajowego dla firm,<br>\u2022 finansowanie inwestycji zwi\u0119kszaj\u0105cych efektywno\u015b\u0107 energetyczn\u0105 (kredyt ekologiczny),<br>\u2022 wsparcie w ramach programu FENG 2021\u20132027,<br>\u2022 przygotowanie projektu i procedura oceny,<br>\u2022 ESG \u2013 \u015bwiadomy biznes w praktyce,<br>\u2022 mo\u017cliwo\u015bci wsparcia dla M\u015aP oferowane przez sie\u0107 <a href=\"https:\/\/www.facebook.com\/EnterpriseEuropeNetworkEU?__cft__[0]=AZXblpVUQcQqrMjXa7tGh_ED2F6ChjK436uqQyvaKTAWJSiaIyL6XQ5Xeor7TZDWbg4RtwDMsnlS9Gaho6C1fCzOU11mk4TkQVQRXbIPttWZh41i_J_24rqhrwwfqbPFPo6SzUe3Qdd85aWfEH-5ybw_CsniBRFDCmCVKInLrXgiNhQfHRcZa3WjM4GX9NColuM&amp;__tn__=-]K*F\">Enterprise Europe Network<\/a>,<br>\u2022 sesja pyta\u0144 i odpowiedzi.<\/p>\n\n\n\n<p>Spotkanie zako\u0144czy si\u0119 networkingiem przy kawie i pocz\u0119stunku, a dodatkow\u0105 atrakcj\u0105 b\u0119dzie wystawa prac malarskich Katarzyny Niewiadomskiej.<\/p>\n\n\n\n<p>Rejestracja (obowi\u0105zkowa, liczba miejsc ograniczona): Formularz zg\u0142oszeniowy:<br><a href=\"https:\/\/l.facebook.com\/l.php?u=https%3A%2F%2Fdocs.google.com%2Fforms%2Fd%2Fe%2F1FAIpQLSfxABZo7Gtug011K_LYzAcVjPcchrzQqUzvPXyfKHZu2ZyFwA%2Fviewform%3Ffbclid%3DIwZXh0bgNhZW0CMTAAYnJpZBEwclpaclc4bk9jUk1LaTJOYgEe7lLoWOswZQathqb4QKLK8p2K5avWA5H_rWZa5h9viPupChiQhdRtCh8-NBo_aem_hRJwEQxpJlmmFm9Xg3AHog&amp;h=AT3pOe8Go1QFcVHiIVVT5SeqtL3ztWRqsccBQ--pN8cnt0WRovjY5zorfC94DoA0uz5cXAQxa4pIavj4IcXGhMwvTo5P_ma-oCO2NRwWgA64TWn_-nc2Q7HyTyawywrkybkvI3FZKrRoDC7M&amp;__tn__=-UK*F&amp;c[0]=AT3xgDMJBioMvvAcLdmT33TgmSQQCmPQjnCtHffAM3q0ilfESQOSXyOWqpiAdK_tPF0pmIl_vY1mvGVJcAlNvhAuGTS2H8oUcxhIYhYn2kxrPbH972XpiC7-x_6qlkjGmUxFUtukN53RwOEPPEOxW0wfamdP-UW3zwUd48dmS17GJQNAdhKCDPKtSx5hIAN39gQTFEDg5z0t7Gw7JxIDegTK2w\" rel=\"noreferrer noopener\" target=\"_blank\">https:\/\/docs.google.com\/&#8230;\/1FAIpQLSfxABZo7Gtug0&#8230;\/viewform<\/a><\/p>\n\n\n\n<p><\/p>\n\n\n\n<figure class=\"wp-block-image size-large\"><img loading=\"lazy\" decoding=\"async\" width=\"724\" height=\"1024\" src=\"https:\/\/uniejow.pl\/ucop\/wp-content\/uploads\/2025\/10\/558951841_1107323331561530_4659869849065520451_n-724x1024.jpg\" alt=\"\" class=\"wp-image-2112\" srcset=\"https:\/\/uniejow.pl\/ucop\/wp-content\/uploads\/2025\/10\/558951841_1107323331561530_4659869849065520451_n-724x1024.jpg 724w, https:\/\/uniejow.pl\/ucop\/wp-content\/uploads\/2025\/10\/558951841_1107323331561530_4659869849065520451_n-212x300.jpg 212w, https:\/\/uniejow.pl\/ucop\/wp-content\/uploads\/2025\/10\/558951841_1107323331561530_4659869849065520451_n-768x1086.jpg 768w, https:\/\/uniejow.pl\/ucop\/wp-content\/uploads\/2025\/10\/558951841_1107323331561530_4659869849065520451_n-1086x1536.jpg 1086w, https:\/\/uniejow.pl\/ucop\/wp-content\/uploads\/2025\/10\/558951841_1107323331561530_4659869849065520451_n.jpg 1414w\" sizes=\"auto, (max-width: 724px) 100vw, 724px\" \/><\/figure>\n\n\n\n<p>M\u0141<\/p>\n\n\n\n<p><\/p>\n","protected":false},"excerpt":{"rendered":"<p>Fundacja Rozwoju Przedsi\u0119biorczo\u015bci im. Prof. Jerzego Dietla oraz BGK &#8211; Bank Gospodarstwa Krajowego &#8211; Region \u0141\u00f3dzki zapraszaj\u0105 na seminarium:pn.: \u201eMo\u017cliwo\u015bci [&#8230;]<\/p>\n<p><a class=\"btn btn-secondary understrap-read-more-link\" href=\"https:\/\/uniejow.pl\/ucop\/aktualnosci\/seminarium-mozliwosci-finansowania-inwestycji-ze-srodkow-unii-europejskiej-przez-bank-gospodarstwa-krajowego\/\">Czytaj dalej\u2026<span class=\"screen-reader-text\"> from Seminarium \u201eMo\u017cliwo\u015bci finansowania inwestycji ze \u015brodk\u00f3w Unii Europejskiej przez Bank Gospodarstwa Krajowego\u201d<\/span><\/a><\/p>\n","protected":false},"author":5,"featured_media":1588,"comment_status":"closed","ping_status":"closed","sticky":false,"template":"","format":"standard","meta":{"_acf_changed":false,"footnotes":""},"categories":[4],"tags":[],"class_list":["post-2111","post","type-post","status-publish","format-standard","has-post-thumbnail","hentry","category-aktualnosci"],"acf":[],"_links":{"self":[{"href":"https:\/\/uniejow.pl\/ucop\/wp-json\/wp\/v2\/posts\/2111","targetHints":{"allow":["GET"]}}],"collection":[{"href":"https:\/\/uniejow.pl\/ucop\/wp-json\/wp\/v2\/posts"}],"about":[{"href":"https:\/\/uniejow.pl\/ucop\/wp-json\/wp\/v2\/types\/post"}],"author":[{"embeddable":true,"href":"https:\/\/uniejow.pl\/ucop\/wp-json\/wp\/v2\/users\/5"}],"replies":[{"embeddable":true,"href":"https:\/\/uniejow.pl\/ucop\/wp-json\/wp\/v2\/comments?post=2111"}],"version-history":[{"count":2,"href":"https:\/\/uniejow.pl\/ucop\/wp-json\/wp\/v2\/posts\/2111\/revisions"}],"predecessor-version":[{"id":2115,"href":"https:\/\/uniejow.pl\/ucop\/wp-json\/wp\/v2\/posts\/2111\/revisions\/2115"}],"wp:featuredmedia":[{"embeddable":true,"href":"https:\/\/uniejow.pl\/ucop\/wp-json\/wp\/v2\/media\/1588"}],"wp:attachment":[{"href":"https:\/\/uniejow.pl\/ucop\/wp-json\/wp\/v2\/media?parent=2111"}],"wp:term":[{"taxonomy":"category","embeddable":true,"href":"https:\/\/uniejow.pl\/ucop\/wp-json\/wp\/v2\/categories?post=2111"},{"taxonomy":"post_tag","embeddable":true,"href":"https:\/\/uniejow.pl\/ucop\/wp-json\/wp\/v2\/tags?post=2111"}],"curies":[{"name":"wp","href":"https:\/\/api.w.org\/{rel}","templated":true}]}}