{"id":2149,"date":"2025-10-21T12:26:52","date_gmt":"2025-10-21T11:26:52","guid":{"rendered":"https:\/\/uniejow.pl\/ucop\/?p=2149"},"modified":"2025-10-21T12:40:34","modified_gmt":"2025-10-21T11:40:34","slug":"nabor-dobry-kurs-na-przyszlosc-2","status":"publish","type":"post","link":"https:\/\/uniejow.pl\/ucop\/aktualnosci\/nabor-dobry-kurs-na-przyszlosc-2\/","title":{"rendered":"Nab\u00f3r &#8222;Dobry kurs na przysz\u0142o\u015b\u0107 2&#8221;"},"content":{"rendered":"\n<p><\/p>\n\n\n\n<p>Ju\u017c 29 pa\u017adziernika \u0141\u00f3dzka Agencja Rozwoju Regionalnego S. A. rozpocznie nab\u00f3r wniosk\u00f3w do naboru pn. &#8222;Dobry kurs na przysz\u0142o\u015b\u0107 2&#8221; <\/p>\n\n\n\n<p><strong>,,Dobry kurs na przysz\u0142o\u015b\u0107 2\u2019\u2019 to projekt realizowany dzi\u0119ki Funduszom Europejskim dla wojew\u00f3dztwa \u0142\u00f3dzkiego na lata 2021\u20132027, kt\u00f3ry wspiera osoby z problemami na rynku pracy<\/strong>.&nbsp;Jego g\u0142\u00f3wnym celem jest zwi\u0119kszenie aktywno\u015bci zawodowej u 45 os\u00f3b (23 kobiet, 22 m\u0119\u017cczyzn) z wojew\u00f3dztwa, kt\u00f3re utraci\u0142y zatrudnienie lub s\u0105 zagro\u017cone utrat\u0105 zatrudnienia w wyniku negatywnych skutk\u00f3w zmian gospodarczych.Zadania:<\/p>\n\n\n\n<p><strong>Do realizacji tego celu zosta\u0142 przewidziany zestaw instrument\u00f3w gwarantuj\u0105cych szybk\u0105 reakcj\u0119 na potrzeby uczestnik\u00f3w:&nbsp;<\/strong><\/p>\n\n\n\n<p>&#8211; Doradztwo zawodowe, po\u0142\u0105czone z przygotowanie Indywidualnego Planu Dzia\u0142ania (\u0142\u0105czna warto\u015b\u0107 zadania: 14.200,00 z\u0142)&nbsp;<\/p>\n\n\n\n<p>&#8211; Sta\u017ce przygotowuj\u0105ce do podj\u0119cia pracy w nowym zawodzie (\u0142\u0105czna warto\u015b\u0107 zadania: 38.349,45 z\u0142)&nbsp;<\/p>\n\n\n\n<p>&#8211; Dofinansowanie zatrudnienia uczestnika u nowego pracodawcy (\u0142\u0105czna warto\u015b\u0107 zadania: 150.000,00 z\u0142)&nbsp;<\/p>\n\n\n\n<p>&#8211; Bezzwrotne wsparcie finansowe dla os\u00f3b zamierzaj\u0105cych podj\u0105\u0107 dzia\u0142alno\u015b\u0107 gospodarcz\u0105 (\u0142\u0105czna warto\u015b\u0107 zadania: 1.512.130,00 z\u0142)<\/p>\n\n\n\n<p><strong>Ca\u0142kowita warto\u015b\u0107 projektu:&nbsp;<\/strong> 2.057.615, 34 z\u0142 (w tym dofinansowanie z UE: 1 851 853,45 z\u0142)&nbsp;<\/p>\n\n\n\n<p><strong>Okres realizacji:&nbsp;<\/strong> maj 2025 \u2013 grudzie\u0144 2026&nbsp;<\/p>\n\n\n\n<p>Szczeg\u00f3\u0142owe informacje na temat naboru znajduj\u0105 si\u0119 w poni\u017cszym linku::<\/p>\n\n\n\n<p><a href=\"https:\/\/larr.pl\/dobry-kurs-na-przyszlosc-2?fbclid=IwZXh0bgNhZW0CMTAAYnJpZBEwclpaclc4bk9jUk1LaTJOYgEeeaqdI2eJXjaVMZn1eQW0y4bg_p-hRJiol4cPiseU245IMQ_GCAaIP8Xo3tk_aem_vZCIyvD0fIHshZfqLk20PA\">https:\/\/larr.pl\/dobry-kurs-na-przyszlosc-2?fbclid=IwZXh0bgNhZW0CMTAAYnJpZBEwclpaclc4bk9jUk1LaTJOYgEeeaqdI2eJXjaVMZn1eQW0y4bg_p-hRJiol4cPiseU245IMQ_GCAaIP8Xo3tk_aem_vZCIyvD0fIHshZfqLk20PA<\/a><\/p>\n\n\n\n<p>M\u0141<\/p>\n","protected":false},"excerpt":{"rendered":"<p>Ju\u017c 29 pa\u017adziernika \u0141\u00f3dzka Agencja Rozwoju Regionalnego S. A. rozpocznie nab\u00f3r wniosk\u00f3w do naboru pn. &#8222;Dobry kurs na przysz\u0142o\u015b\u0107 2&#8221; [&#8230;]<\/p>\n<p><a class=\"btn btn-secondary understrap-read-more-link\" href=\"https:\/\/uniejow.pl\/ucop\/aktualnosci\/nabor-dobry-kurs-na-przyszlosc-2\/\">Czytaj dalej\u2026<span class=\"screen-reader-text\"> from Nab\u00f3r &#8222;Dobry kurs na przysz\u0142o\u015b\u0107 2&#8221;<\/span><\/a><\/p>\n","protected":false},"author":5,"featured_media":2150,"comment_status":"closed","ping_status":"closed","sticky":false,"template":"","format":"standard","meta":{"_acf_changed":false,"footnotes":""},"categories":[4],"tags":[],"class_list":["post-2149","post","type-post","status-publish","format-standard","has-post-thumbnail","hentry","category-aktualnosci"],"acf":[],"_links":{"self":[{"href":"https:\/\/uniejow.pl\/ucop\/wp-json\/wp\/v2\/posts\/2149","targetHints":{"allow":["GET"]}}],"collection":[{"href":"https:\/\/uniejow.pl\/ucop\/wp-json\/wp\/v2\/posts"}],"about":[{"href":"https:\/\/uniejow.pl\/ucop\/wp-json\/wp\/v2\/types\/post"}],"author":[{"embeddable":true,"href":"https:\/\/uniejow.pl\/ucop\/wp-json\/wp\/v2\/users\/5"}],"replies":[{"embeddable":true,"href":"https:\/\/uniejow.pl\/ucop\/wp-json\/wp\/v2\/comments?post=2149"}],"version-history":[{"count":2,"href":"https:\/\/uniejow.pl\/ucop\/wp-json\/wp\/v2\/posts\/2149\/revisions"}],"predecessor-version":[{"id":2152,"href":"https:\/\/uniejow.pl\/ucop\/wp-json\/wp\/v2\/posts\/2149\/revisions\/2152"}],"wp:featuredmedia":[{"embeddable":true,"href":"https:\/\/uniejow.pl\/ucop\/wp-json\/wp\/v2\/media\/2150"}],"wp:attachment":[{"href":"https:\/\/uniejow.pl\/ucop\/wp-json\/wp\/v2\/media?parent=2149"}],"wp:term":[{"taxonomy":"category","embeddable":true,"href":"https:\/\/uniejow.pl\/ucop\/wp-json\/wp\/v2\/categories?post=2149"},{"taxonomy":"post_tag","embeddable":true,"href":"https:\/\/uniejow.pl\/ucop\/wp-json\/wp\/v2\/tags?post=2149"}],"curies":[{"name":"wp","href":"https:\/\/api.w.org\/{rel}","templated":true}]}}