{"id":2158,"date":"2025-10-29T14:03:02","date_gmt":"2025-10-29T13:03:02","guid":{"rendered":"https:\/\/uniejow.pl\/ucop\/?p=2158"},"modified":"2025-10-29T14:03:03","modified_gmt":"2025-10-29T13:03:03","slug":"rekrutacja-na-udzial-w-misji-gospodarczej-na-miedzynarodowe-targi-branzy-rolniczej-grune-woche-2026","status":"publish","type":"post","link":"https:\/\/uniejow.pl\/ucop\/aktualnosci\/rekrutacja-na-udzial-w-misji-gospodarczej-na-miedzynarodowe-targi-branzy-rolniczej-grune-woche-2026\/","title":{"rendered":"Rekrutacja na udzia\u0142 w misji gospodarczej na mi\u0119dzynarodowe targi bran\u017cy rolniczej Gr\u00fcne Woche 2026"},"content":{"rendered":"\n<p><strong>Reprezentujesz mikro, ma\u0142e lub \u015brednie przedsi\u0119biorstwo z bran\u017cy rolno-spo\u017cywczej z&nbsp;wojew\u00f3dztwa \u0142\u00f3dzkiego? Chcesz zaprezentowa\u0107 swoje produkty na jednym z najwi\u0119kszych wydarze\u0144 bran\u017cowych w&nbsp;Europie i nawi\u0105za\u0107 nowe kontakty biznesowe z partnerami z ca\u0142ego \u015bwiata?<\/strong><\/p>\n\n\n\n<p><strong>Wojew\u00f3dztwo \u0141\u00f3dzkie<\/strong> zaprasza przedsi\u0119biorc\u00f3w z sektora rolno-spo\u017cywczego do udzia\u0142u w <strong>misji gospodarczej na mi\u0119dzynarodowe targi bran\u017cy rolniczej Gr\u00fcne Woche 2026<\/strong>, kt\u00f3re odb\u0119d\u0105 si\u0119 w&nbsp;terminie <strong>16-25 stycznia 2026 r. w Berlinie (Niemcy).<\/strong><\/p>\n\n\n\n<p>Targi Gr\u00fcne Woche to jedno z najbardziej presti\u017cowych i rozpoznawalnych wydarze\u0144 bran\u017cy rolno-spo\u017cywczej na \u015bwiecie. Co roku uczestniczy w nim ponad 1 400 wystawc\u00f3w z kilkudziesi\u0119ciu kraj\u00f3w oraz setki tysi\u0119cy odwiedzaj\u0105cych \u2013 przedstawicieli handlu, importer\u00f3w, producent\u00f3w i instytucji bran\u017cowych.<\/p>\n\n\n\n<p><strong><u>Udzia\u0142 w wydarzeniu to niepowtarzalna okazja, aby:<\/u><\/strong><\/p>\n\n\n\n<ul class=\"wp-block-list\">\n<li>zaprezentowa\u0107 swoje produkty na wsp\u00f3lnym stoisku Wojew\u00f3dztwa \u0141\u00f3dzkiego,<\/li>\n\n\n\n<li>nawi\u0105za\u0107 nowe kontakty biznesowe z partnerami z Europy i \u015bwiata,<\/li>\n\n\n\n<li>pozna\u0107 aktualne trendy w bran\u017cy \u017cywno\u015bci, rolnictwa i zr\u00f3wnowa\u017conej produkcji.<\/li>\n<\/ul>\n\n\n\n<p><\/p>\n\n\n\n<p><strong>W ramach dofinansowania udzia\u0142u w misji gospodarczej na mi\u0119dzynarodowe targi bran\u017cy rolniczej Gr\u00fcne Woche 2026, Wojew\u00f3dztwo \u0141\u00f3dzkie pokryje nast\u0119puj\u0105ce koszty zwi\u0105zane z&nbsp;organizacj\u0105 wydarzenia:<\/strong><\/p>\n\n\n\n<ul class=\"wp-block-list\">\n<li>wst\u0119p na targi Gr\u00fcne Woche 2026,<\/li>\n\n\n\n<li>organizacja i wyposa\u017cenie stanowiska promocyjnego w ramach stoiska Wojew\u00f3dztwa \u0141\u00f3dzkiego,<\/li>\n\n\n\n<li>zakwaterowanie dla maksymalnie <strong>2 przedstawicieli<\/strong> z jednego przedsi\u0119biorstwa,<\/li>\n\n\n\n<li>obs\u0142ug\u0119 t\u0142umaczeniow\u0105 podczas wydarzenia.<\/li>\n<\/ul>\n\n\n\n<p>Przedsi\u0119biorca pokrywa we w\u0142asnym zakresie pozosta\u0142e koszty, takie jak transport, w tym transport produkt\u00f3w i parking, wy\u017cywienie i wydatki osobiste.<\/p>\n\n\n\n<p><strong>W misji gospodarczej na mi\u0119dzynarodowe targi bran\u017cy rolniczej Gr\u00fcne Woche 2026 mog\u0105 wzi\u0105\u0107 udzia\u0142 <u>wy\u0142\u0105cznie<\/u> przedsi\u0119biorcy posiadaj\u0105cy stosowne pozwolenie do <\/strong>prowadzenia sprzeda\u017cy detalicznej na terenie Niemiec oraz dodatkowo koncesji w przypadku sprzeda\u017cy alkoholi, a&nbsp;tak\u017ce spe\u0142niaj\u0105cy warunki sprzeda\u017cy produkt\u00f3w podczas Wydarzenia, okre\u015blone w \u00a7 4 Regulaminu rekrutacji.<\/p>\n\n\n\n<p>Do udzia\u0142u zapraszamy <strong>mikro, ma\u0142e i \u015brednie przedsi\u0119biorstwa<\/strong> z terenu <strong>wojew\u00f3dztwa \u0142\u00f3dzkiego<\/strong>, prowadz\u0105ce dzia\u0142alno\u015b\u0107 gospodarcz\u0105 w ramach bran\u017cy: Innowacyjne Rolnictwo i Przetw\u00f3rstwo Rolno-Spo\u017cywcze.<\/p>\n\n\n\n<p>W rekrutacji zostanie wy\u0142onionych <strong>maksymalnie 10 przedsi\u0119biorstw (po 2 firmy z ka\u017cdej kategorii: nabia\u0142, wyroby mi\u0119sne, napoje, miody i inne dot. bran\u017cy rolniczej)<\/strong>, kt\u00f3re b\u0119d\u0105 mog\u0142y zaprezentowa\u0107 si\u0119 na wsp\u00f3lnym stoisku Wojew\u00f3dztwa \u0141\u00f3dzkiego.<\/p>\n\n\n\n<p>Z ka\u017cdej firmy w misji mo\u017ce uczestniczy\u0107 <strong>maksymalnie 2 przedstawicieli.<\/strong><\/p>\n\n\n\n<p><strong><u>Termin i zasady rekrutacji<\/u><\/strong><\/p>\n\n\n\n<p>W celu dokonania zg\u0142oszenia nale\u017cy wype\u0142ni\u0107 wszystkie pola Formularza zg\u0142oszeniowego oraz Za\u0142\u0105cznik nr 2 do Regulaminu rekrutacji (\u201eFormularz informacji przedstawionych przy ubieganiu si\u0119 o&nbsp;pomoc <em>de minimis<\/em>\u201d).<\/p>\n\n\n\n<p>Skany dokument\u00f3w wype\u0142nionych i podpisanych odr\u0119cznie przez osob\u0119\/y upowa\u017cnion\u0105\/e do reprezentacji lub wype\u0142nionych i podpisanych elektronicznie (podpis kwalifikowany lub zaufany) przez osob\u0119\/y upowa\u017cnione do reprezentacji, nale\u017cy przes\u0142a\u0107 na adres <a href=\"mailto:projekty.miedzynarodowe@lodzkie.pl\">projekty.miedzynarodowe@lodzkie.pl<\/a> <strong>do 12 listopada 2025 r. do<\/strong> <strong>godz. 12:00<\/strong><strong>. <\/strong>Formularze niekompletne, przekazane po terminie oraz zg\u0142oszenia w innej formie, ni\u017c&nbsp;z&nbsp;wykorzystaniem za\u0142\u0105czonych do pobrania Formularzy nie b\u0119d\u0105 brane pod uwag\u0119.<\/p>\n\n\n\n<p>Szczeg\u00f3\u0142owe informacje mo\u017cna uzyska\u0107 w poni\u017cszym linku:<\/p>\n\n\n\n<div class=\"wp-block-group\"><div class=\"wp-block-group__inner-container is-layout-constrained wp-block-group-is-layout-constrained\">\n<p><a href=\"https:\/\/tiny.pl\/x66yznpy\">Rekrutacja na targi Gr\u00fcne Woche 2026<\/a><\/p>\n<\/div><\/div>\n\n\n\n<p>M\u0141<\/p>\n\n\n\n<p><\/p>\n","protected":false},"excerpt":{"rendered":"<p>Reprezentujesz mikro, ma\u0142e lub \u015brednie przedsi\u0119biorstwo z bran\u017cy rolno-spo\u017cywczej z&nbsp;wojew\u00f3dztwa \u0142\u00f3dzkiego? Chcesz zaprezentowa\u0107 swoje produkty na jednym z najwi\u0119kszych wydarze\u0144 [&#8230;]<\/p>\n<p><a class=\"btn btn-secondary understrap-read-more-link\" href=\"https:\/\/uniejow.pl\/ucop\/aktualnosci\/rekrutacja-na-udzial-w-misji-gospodarczej-na-miedzynarodowe-targi-branzy-rolniczej-grune-woche-2026\/\">Czytaj dalej\u2026<span class=\"screen-reader-text\"> from Rekrutacja na udzia\u0142 w misji gospodarczej na mi\u0119dzynarodowe targi bran\u017cy rolniczej Gr\u00fcne Woche 2026<\/span><\/a><\/p>\n","protected":false},"author":5,"featured_media":2159,"comment_status":"closed","ping_status":"closed","sticky":false,"template":"","format":"standard","meta":{"_acf_changed":false,"footnotes":""},"categories":[4],"tags":[],"class_list":["post-2158","post","type-post","status-publish","format-standard","has-post-thumbnail","hentry","category-aktualnosci"],"acf":[],"_links":{"self":[{"href":"https:\/\/uniejow.pl\/ucop\/wp-json\/wp\/v2\/posts\/2158","targetHints":{"allow":["GET"]}}],"collection":[{"href":"https:\/\/uniejow.pl\/ucop\/wp-json\/wp\/v2\/posts"}],"about":[{"href":"https:\/\/uniejow.pl\/ucop\/wp-json\/wp\/v2\/types\/post"}],"author":[{"embeddable":true,"href":"https:\/\/uniejow.pl\/ucop\/wp-json\/wp\/v2\/users\/5"}],"replies":[{"embeddable":true,"href":"https:\/\/uniejow.pl\/ucop\/wp-json\/wp\/v2\/comments?post=2158"}],"version-history":[{"count":2,"href":"https:\/\/uniejow.pl\/ucop\/wp-json\/wp\/v2\/posts\/2158\/revisions"}],"predecessor-version":[{"id":2161,"href":"https:\/\/uniejow.pl\/ucop\/wp-json\/wp\/v2\/posts\/2158\/revisions\/2161"}],"wp:featuredmedia":[{"embeddable":true,"href":"https:\/\/uniejow.pl\/ucop\/wp-json\/wp\/v2\/media\/2159"}],"wp:attachment":[{"href":"https:\/\/uniejow.pl\/ucop\/wp-json\/wp\/v2\/media?parent=2158"}],"wp:term":[{"taxonomy":"category","embeddable":true,"href":"https:\/\/uniejow.pl\/ucop\/wp-json\/wp\/v2\/categories?post=2158"},{"taxonomy":"post_tag","embeddable":true,"href":"https:\/\/uniejow.pl\/ucop\/wp-json\/wp\/v2\/tags?post=2158"}],"curies":[{"name":"wp","href":"https:\/\/api.w.org\/{rel}","templated":true}]}}