{"id":2163,"date":"2025-11-05T15:22:35","date_gmt":"2025-11-05T14:22:35","guid":{"rendered":"https:\/\/uniejow.pl\/ucop\/?p=2163"},"modified":"2025-11-05T15:22:36","modified_gmt":"2025-11-05T14:22:36","slug":"ruszyl-nabor-programu-promocja-marki-innowacyjnych-msp","status":"publish","type":"post","link":"https:\/\/uniejow.pl\/ucop\/aktualnosci\/ruszyl-nabor-programu-promocja-marki-innowacyjnych-msp\/","title":{"rendered":"Ruszy\u0142 nab\u00f3r programu &#8222;Promocja marki innowacyjnych M\u015aP&#8221;"},"content":{"rendered":"\n<p><\/p>\n\n\n\n<p><strong>Od dzi\u015b mo\u017cna ubiega\u0107 si\u0119 o dofinansowanie w ramach konkursu prowadzonego przez Polsk\u0105 Agencj\u0119 Rozwoju Przedsi\u0119biorczo\u015bci (PARP) \u201ePromocja marki innowacyjnych M\u015aP\u201d. Do rozdysponowania jest 100 mln z\u0142 na wsparcie przedsi\u0119biorstw planuj\u0105cych rozwijanie ekspansji zagranicznej.&nbsp;\u015arodki pochodz\u0105 z Funduszy Europejskich dla Nowoczesnej Gospodarki 2021\u20132027. Wnioski mo\u017cna sk\u0142ada\u0107 do 8 stycznia 2026 r.<\/strong><\/p>\n\n\n\n<p>G\u0142\u00f3wnym celem naboru \u201ePromocja marki innowacyjnych M\u015aP\u201d jest <strong>rozwijanie dzia\u0142alno\u015bci eksportowej firm <\/strong>poprzez budowanie relacji biznesowych i pozyskiwanie nowych partner\u00f3w handlowych. W ramach dzia\u0142ania innowacyjne mikro, ma\u0142e i \u015brednie przedsi\u0119biorstwa mog\u0105 uzyska\u0107 <strong>wsparcie finansowe na promocj\u0119 swojej marki za granic\u0105<\/strong> poprzez uczestnictwo w targach oraz misjach gospodarczych.<\/p>\n\n\n\n<p>Polskie firmy wchodz\u0105 w now\u0105 faz\u0119 ekspansji \u2013 nie tylko sprzedaj\u0105, ale inwestuj\u0105, tworz\u0105 oddzia\u0142y i buduj\u0105 swoj\u0105 obecno\u015b\u0107 na \u015bwiecie. To naturalny proces dojrzewania gospodarki, dlatego rozpoczynamy kolejny etap wsparcia dla polskich przedsi\u0119biorc\u00f3w, kt\u00f3rzy my\u015bl\u0105 globalnie. Chcemy, by innowacyjne firmy z sektora M\u015aP mog\u0142y skutecznie promowa\u0107 swoje us\u0142ugi i produkty poza granicami kraju.<\/p>\n\n\n\n<h2 class=\"wp-block-heading\"><strong>Dla kogo wsparcie?<\/strong><\/h2>\n\n\n\n<p>Dofinansowanie mog\u0105 otrzyma\u0107 przedsi\u0119biorcy planuj\u0105cy <strong>udzia\u0142 w charakterze wystawcy w co najmniej jednych targach<\/strong> uj\u0119tych na li\u015bcie wydarze\u0144 dost\u0119pnej na stronie internetowej Ministerstwa Rozwoju i Technologii (<a href=\"https:\/\/www.gov.pl\/web\/rozwoj-technologia\/promocja-eksportu\">https:\/\/www.gov.pl\/web\/rozwoj-technologia\/promocja-eksportu<\/a>) oraz na innych wybranych przez siebie wydarzeniach bran\u017cowych. Wsparciem obj\u0119te s\u0105 r\u00f3wnie\u017c <strong>wyjazdowe misje gospodarcze po\u0142\u0105czone ze spotkaniami z kontrahentami<\/strong> oraz udzia\u0142em w wydarzeniach targowych w charakterze zwiedzaj\u0105cego.<\/p>\n\n\n\n<p>Nab\u00f3r kierowany jest do mikro, ma\u0142ych i \u015brednich przedsi\u0119biorstw prowadz\u0105cych dzia\u0142alno\u015b\u0107 gospodarcz\u0105 w Polsce. <strong>Program obejmuje kluczowe sektory polskiej gospodarki<\/strong>, m.in. medyczny i farmaceutyczny, zielonych technologii, IT\/ICT, przemys\u0142 kreatywny, kosmetyczny, maszynowy, meblarski, motoryzacyjny, lotniczo-kosmiczny oraz spo\u017cywczy.<\/p>\n\n\n\n<h2 class=\"wp-block-heading\"><strong>Dofinansowanie \u2013 na co mo\u017cna przeznaczy\u0107?<\/strong><\/h2>\n\n\n\n<p>Dofinansowanie obejmuje dzia\u0142ania promocyjne zwi\u0105zane ze zwi\u0119kszaniem obecno\u015bci marki na rynkach zagranicznych.&nbsp;<strong>Bud\u017cet naboru to 100 mln z\u0142<\/strong>.<\/p>\n\n\n\n<p>Poziom wsparcia wynosi <strong>do 85% w przypadku koszt\u00f3w podr\u00f3\u017cy s\u0142u\u017cbowych<\/strong> oraz <strong>do 50% dla pozosta\u0142ych koszt\u00f3w kwalifikowanych<\/strong>. W naborze nie okre\u015blono minimalnej ani maksymalnej warto\u015bci koszt\u00f3w kwalifikowanych.<\/p>\n\n\n\n<p>Program obejmuje szereg wydatk\u00f3w, kt\u00f3re mog\u0105 by\u0107 dofinansowane z funduszy unijnych. Przedsi\u0119biorcy uzyskuj\u0105 wsparcie na wynajem, budow\u0119 i obs\u0142ug\u0119 stoiska targowego podczas udzia\u0142u w wydarzeniach w charakterze wystawcy. Sfinansowane mog\u0105 by\u0107 tak\u017ce koszty rezerwacji powierzchni wystawienniczej, koszty przygotowania i realizacji kampanii promocyjnych, pokrycia koszt\u00f3w podr\u00f3\u017cy s\u0142u\u017cbowych pracownik\u00f3w uczestnicz\u0105cych w targach lub misjach wyjazdowych.<\/p>\n\n\n\n<p>W bie\u017c\u0105cym naborze <strong>do wniosku o dofinansowanie nale\u017cy<\/strong> <strong>obowi\u0105zkowo za\u0142\u0105czy\u0107 dokumenty potwierdzaj\u0105ce pozyskanie \u015brodk\u00f3w na finansowanie wk\u0142adu w\u0142asnego<\/strong>. Szczeg\u00f3\u0142y znajduj\u0105 si\u0119 w instrukcji przygotowania wniosku.<\/p>\n\n\n\n<h2 class=\"wp-block-heading\"><strong>Jak aplikowa\u0107?<\/strong><\/h2>\n\n\n\n<p>Wnioski o dofinansowanie nale\u017cy sk\u0142ada\u0107 wy\u0142\u0105cznie online poprzez <strong>Lokalny System Informatyczny<\/strong> dost\u0119pny na stronie internetowej PARP. Nab\u00f3r potrwa do 8 stycznia 2026 r. (do godz. 16:00).<\/p>\n\n\n\n<p><strong>Wi\u0119cej informacji o naborze \u201ePromocja marki innowacyjnych M\u015aP\u201d znajduje si\u0119 na stronie<a href=\"https:\/\/www.parp.gov.pl\/\"> PARP<\/a>.<\/strong><\/p>\n\n\n\n<p>M\u0141<\/p>\n","protected":false},"excerpt":{"rendered":"<p>Od dzi\u015b mo\u017cna ubiega\u0107 si\u0119 o dofinansowanie w ramach konkursu prowadzonego przez Polsk\u0105 Agencj\u0119 Rozwoju Przedsi\u0119biorczo\u015bci (PARP) \u201ePromocja marki innowacyjnych [&#8230;]<\/p>\n<p><a class=\"btn btn-secondary understrap-read-more-link\" href=\"https:\/\/uniejow.pl\/ucop\/aktualnosci\/ruszyl-nabor-programu-promocja-marki-innowacyjnych-msp\/\">Czytaj dalej\u2026<span class=\"screen-reader-text\"> from Ruszy\u0142 nab\u00f3r programu &#8222;Promocja marki innowacyjnych M\u015aP&#8221;<\/span><\/a><\/p>\n","protected":false},"author":5,"featured_media":2164,"comment_status":"closed","ping_status":"closed","sticky":false,"template":"","format":"standard","meta":{"_acf_changed":false,"footnotes":""},"categories":[4],"tags":[],"class_list":["post-2163","post","type-post","status-publish","format-standard","has-post-thumbnail","hentry","category-aktualnosci"],"acf":[],"_links":{"self":[{"href":"https:\/\/uniejow.pl\/ucop\/wp-json\/wp\/v2\/posts\/2163","targetHints":{"allow":["GET"]}}],"collection":[{"href":"https:\/\/uniejow.pl\/ucop\/wp-json\/wp\/v2\/posts"}],"about":[{"href":"https:\/\/uniejow.pl\/ucop\/wp-json\/wp\/v2\/types\/post"}],"author":[{"embeddable":true,"href":"https:\/\/uniejow.pl\/ucop\/wp-json\/wp\/v2\/users\/5"}],"replies":[{"embeddable":true,"href":"https:\/\/uniejow.pl\/ucop\/wp-json\/wp\/v2\/comments?post=2163"}],"version-history":[{"count":1,"href":"https:\/\/uniejow.pl\/ucop\/wp-json\/wp\/v2\/posts\/2163\/revisions"}],"predecessor-version":[{"id":2165,"href":"https:\/\/uniejow.pl\/ucop\/wp-json\/wp\/v2\/posts\/2163\/revisions\/2165"}],"wp:featuredmedia":[{"embeddable":true,"href":"https:\/\/uniejow.pl\/ucop\/wp-json\/wp\/v2\/media\/2164"}],"wp:attachment":[{"href":"https:\/\/uniejow.pl\/ucop\/wp-json\/wp\/v2\/media?parent=2163"}],"wp:term":[{"taxonomy":"category","embeddable":true,"href":"https:\/\/uniejow.pl\/ucop\/wp-json\/wp\/v2\/categories?post=2163"},{"taxonomy":"post_tag","embeddable":true,"href":"https:\/\/uniejow.pl\/ucop\/wp-json\/wp\/v2\/tags?post=2163"}],"curies":[{"name":"wp","href":"https:\/\/api.w.org\/{rel}","templated":true}]}}