{"id":2174,"date":"2025-11-17T14:16:22","date_gmt":"2025-11-17T13:16:22","guid":{"rendered":"https:\/\/uniejow.pl\/ucop\/?p=2174"},"modified":"2025-12-01T14:47:50","modified_gmt":"2025-12-01T13:47:50","slug":"ii-polsko-japonskie-forum-gospodarcze-w-lodzi","status":"publish","type":"post","link":"https:\/\/uniejow.pl\/ucop\/aktualnosci\/ii-polsko-japonskie-forum-gospodarcze-w-lodzi\/","title":{"rendered":"II Polsko &#8211; Japo\u0144skie Forum Gospodarcze w \u0141odzi"},"content":{"rendered":"\n<p><\/p>\n\n\n\n<p>Invest in Lodz (Central Poland) oraz F\/K LEGAL  zapraszaj\u0105 do udzia\u0142u w drugiej edycji Forum, kt\u00f3re odb\u0119dzie si\u0119 <strong>25 listopada 2025 roku<\/strong> w Vienna House Andel\u2019s \u0141\u00f3d\u017a przy ul. Ogrodowej 17 w \u0141odzi.<\/p>\n\n\n\n<p>Forum stanowi wyj\u0105tkow\u0105 platform\u0119 dialogu pomi\u0119dzy polskimi i japo\u0144skimi przedsi\u0119biorcami, samorz\u0105dami oraz instytucjami wspieraj\u0105cymi rozw\u00f3j gospodarczy. <\/p>\n\n\n\n<p>Dyskusje po\u015bwi\u0119cone b\u0119d\u0105 mi\u0119dzy innymi obecno\u015bci kapita\u0142u japo\u0144skiego w Polsce &#8211; ze szczeg\u00f3lnym uwzgl\u0119dnieniem regionu \u0142\u00f3dzkiego &#8211; oraz potencjalnym obszarom dalszej wsp\u00f3\u0142pracy pomi\u0119dzy przedsi\u0119biorstwami z obu kraj\u00f3w.<br><\/p>\n\n\n\n<p>W programie m.in.:<\/p>\n\n\n\n<ul class=\"wp-block-list\">\n<li>obecno\u015b\u0107 kapita\u0142u japo\u0144skiego w regionie \u0142\u00f3dzkim, <\/li>\n\n\n\n<li>mo\u017cliwe obszary wsp\u00f3\u0142pracy mi\u0119dzy firmami z Polski i Japonii,<\/li>\n\n\n\n<li>budowanie trwa\u0142ych relacji biznesowych i inwestycyjnych.<\/li>\n<\/ul>\n\n\n\n<p>Forum kierowane jest do:<\/p>\n\n\n\n<ul class=\"wp-block-list\">\n<li>przedsi\u0119biorc\u00f3w zainteresowanych wsp\u00f3\u0142prac\u0105 z Japonii \/ z Japo\u0144czykami,<\/li>\n\n\n\n<li>instytucji wspieraj\u0105cych inwestycje zagraniczne,<\/li>\n\n\n\n<li>samorz\u0105d\u00f3w i przedstawicieli regionu \u0142\u00f3dzkiego chc\u0105cych przyci\u0105ga\u0107 kapita\u0142 japo\u0144ski.<\/li>\n<\/ul>\n\n\n\n<p>Forum zaszczyc\u0105 swoj\u0105 obecno\u015bci\u0105 m.in. \u2013 Prezydent Miasta \u0141odzi Hanna Zdanowska, przedstawiciele Urz\u0119du Marsza\u0142kowskiego, Urz\u0119du Miasta \u0141odzi, Politechniki \u0141\u00f3dzkiej oraz Ambasady Japonii w Polsce.<\/p>\n\n\n\n<p><\/p>\n\n\n\n<p>Udzia\u0142 w wydarzeniu jest <strong>bezp\u0142atny<\/strong>. Po zapisie otrzymasz potwierdzenie udzia\u0142u drog\u0105 e-mailow\u0105. <br><a href=\"http:\/\/pjfg.pl\">Rejestracja dost\u0119pna online.<\/a><\/p>\n\n\n\n<p>M\u0141<\/p>\n","protected":false},"excerpt":{"rendered":"<p>Invest in Lodz (Central Poland) oraz F\/K LEGAL zapraszaj\u0105 do udzia\u0142u w drugiej edycji Forum, kt\u00f3re odb\u0119dzie si\u0119 25 listopada [&#8230;]<\/p>\n<p><a class=\"btn btn-secondary understrap-read-more-link\" href=\"https:\/\/uniejow.pl\/ucop\/aktualnosci\/ii-polsko-japonskie-forum-gospodarcze-w-lodzi\/\">Czytaj dalej\u2026<span class=\"screen-reader-text\"> from II Polsko &#8211; Japo\u0144skie Forum Gospodarcze w \u0141odzi<\/span><\/a><\/p>\n","protected":false},"author":5,"featured_media":2175,"comment_status":"closed","ping_status":"closed","sticky":false,"template":"","format":"standard","meta":{"_acf_changed":false,"footnotes":""},"categories":[4],"tags":[],"class_list":["post-2174","post","type-post","status-publish","format-standard","has-post-thumbnail","hentry","category-aktualnosci"],"acf":[],"_links":{"self":[{"href":"https:\/\/uniejow.pl\/ucop\/wp-json\/wp\/v2\/posts\/2174","targetHints":{"allow":["GET"]}}],"collection":[{"href":"https:\/\/uniejow.pl\/ucop\/wp-json\/wp\/v2\/posts"}],"about":[{"href":"https:\/\/uniejow.pl\/ucop\/wp-json\/wp\/v2\/types\/post"}],"author":[{"embeddable":true,"href":"https:\/\/uniejow.pl\/ucop\/wp-json\/wp\/v2\/users\/5"}],"replies":[{"embeddable":true,"href":"https:\/\/uniejow.pl\/ucop\/wp-json\/wp\/v2\/comments?post=2174"}],"version-history":[{"count":3,"href":"https:\/\/uniejow.pl\/ucop\/wp-json\/wp\/v2\/posts\/2174\/revisions"}],"predecessor-version":[{"id":2179,"href":"https:\/\/uniejow.pl\/ucop\/wp-json\/wp\/v2\/posts\/2174\/revisions\/2179"}],"wp:featuredmedia":[{"embeddable":true,"href":"https:\/\/uniejow.pl\/ucop\/wp-json\/wp\/v2\/media\/2175"}],"wp:attachment":[{"href":"https:\/\/uniejow.pl\/ucop\/wp-json\/wp\/v2\/media?parent=2174"}],"wp:term":[{"taxonomy":"category","embeddable":true,"href":"https:\/\/uniejow.pl\/ucop\/wp-json\/wp\/v2\/categories?post=2174"},{"taxonomy":"post_tag","embeddable":true,"href":"https:\/\/uniejow.pl\/ucop\/wp-json\/wp\/v2\/tags?post=2174"}],"curies":[{"name":"wp","href":"https:\/\/api.w.org\/{rel}","templated":true}]}}