{"id":2181,"date":"2025-11-24T13:30:30","date_gmt":"2025-11-24T12:30:30","guid":{"rendered":"https:\/\/uniejow.pl\/ucop\/?p=2181"},"modified":"2025-12-01T14:47:35","modified_gmt":"2025-12-01T13:47:35","slug":"seminarium-o-budowaniu-marki-polskich-produktow-na-rynku-niemieckim","status":"publish","type":"post","link":"https:\/\/uniejow.pl\/ucop\/aktualnosci\/seminarium-o-budowaniu-marki-polskich-produktow-na-rynku-niemieckim\/","title":{"rendered":"Seminarium o budowaniu marki polskich produkt\u00f3w na rynku niemieckim"},"content":{"rendered":"\n<p><\/p>\n\n\n\n<p>Ju\u017c 26 listopada 2025 r. w \u0142\u00f3dzkim Hotelu PURO odb\u0119dzie si\u0119 seminarium skierowane do przedsi\u0119biorc\u00f3w, kt\u00f3rzy chc\u0105 budowa\u0107 siln\u0105 pozycj\u0119 swojej marki na rynku niemieckim oraz skutecznie rozwija\u0107 dzia\u0142ania eksportowe. Wydarzenie b\u0119dzie okazj\u0105 do zdobycia praktycznej wiedzy z zakresu komunikacji, budowania relacji biznesowych oraz prezentacji firmy w kontaktach mi\u0119dzynarodowych.<\/p>\n\n\n\n<h3 class=\"wp-block-heading\">Tematyka seminarium<\/h3>\n\n\n\n<p>Podczas spotkania eksperci przedstawi\u0105 kluczowe zagadnienia zwi\u0105zane z komunikacj\u0105 marki oraz promocj\u0105 na rynku niemieckim. Uczestnicy dowiedz\u0105 si\u0119 mi\u0119dzy innymi:<\/p>\n\n\n\n<ul class=\"wp-block-list\">\n<li>jak skutecznie m\u00f3wi\u0107 do niemieckich odbiorc\u00f3w w kana\u0142ach online i offline,<\/li>\n\n\n\n<li>jak zaplanowa\u0107 komunikacj\u0119 firmy przed targami, w trakcie wydarze\u0144 oraz po ich zako\u0144czeniu,<\/li>\n\n\n\n<li>jak budowa\u0107 relacje biznesowe, kt\u00f3re prowadz\u0105 do realnych kontrakt\u00f3w,<\/li>\n\n\n\n<li>jak w pierwszych dziesi\u0119ciu sekundach rozmowy przyci\u0105gn\u0105\u0107 uwag\u0119 potencjalnego partnera,<\/li>\n\n\n\n<li>jak tworzy\u0107 mark\u0119 opart\u0105 na autentyczno\u015bci i emocjach,<\/li>\n\n\n\n<li>w jaki spos\u00f3b wsp\u00f3lnie promowa\u0107 region \u0142\u00f3dzki jako mark\u0119 jako\u015bci na rynku niemieckim.<\/li>\n<\/ul>\n\n\n\n<h3 class=\"wp-block-heading\">Termin i miejsce<\/h3>\n\n\n\n<p><strong>Data:<\/strong> 26 listopada 2025 r.<br><strong>Godzina:<\/strong> 10:00\u201314:00<br><strong>Miejsce:<\/strong> Hotel PURO, ul. Ogrodowa 16, \u0141\u00f3d\u017a<\/p>\n\n\n\n<h3 class=\"wp-block-heading\">Rejestracja<\/h3>\n\n\n\n<p>Aby wzi\u0105\u0107 udzia\u0142 w wydarzeniu, nale\u017cy wype\u0142ni\u0107 formularz zg\u0142oszeniowy dost\u0119pny pod adresem:<br><strong><a href=\"https:\/\/elodzkie.pl\/...\/formularz-zgloszeniowy-seminarium\">https:\/\/elodzkie.pl\/&#8230;\/formularz-zgloszeniowy-seminarium<\/a><\/strong><\/p>\n\n\n\n<h3 class=\"wp-block-heading\">Partnerzy<\/h3>\n\n\n\n<p>Partnerami seminarium s\u0105: Polska Agencja Inwestycji i Handlu (PAIH), Die Besten 99, Rabenn Polska oraz Ebury.<\/p>\n\n\n\n<p><\/p>\n\n\n\n<p>Seminarium dla przedsi\u0119biorc\u00f3w z wojew\u00f3dztwa \u0142\u00f3dzkiego na temat specyfiki rynku niemieckiego pn. \u201eEksport zaczyna si\u0119 od rozmowy &#8211; Seminarium o skutecznej komunikacji i budowaniu marki polskich produkt\u00f3w na rynku niemieckim\u201d, organizowane jest w&nbsp;ramach projektu \u201eInterEuropa \u2013 umi\u0119dzynarodowienie dzia\u0142alno\u015bci przedsi\u0119biorstw z wojew\u00f3dztwa \u0142\u00f3dzkiego poprzez udzia\u0142 w&nbsp;wydarzeniach targowych i ekspansj\u0119 na rynki europejskie\u201d, wsp\u00f3\u0142finansowanego w&nbsp;ramach programu regionalnego Fundusze Europejskie dla \u0141\u00f3dzkiego 2021-2027.<\/p>\n\n\n\n<p><\/p>\n\n\n\n<figure class=\"wp-block-image size-large\"><img loading=\"lazy\" decoding=\"async\" width=\"576\" height=\"1024\" src=\"https:\/\/uniejow.pl\/ucop\/wp-content\/uploads\/2025\/11\/agenda-251113-1-pdf-576x1024.jpg\" alt=\"\" class=\"wp-image-2183\"\/><\/figure>\n\n\n\n<p><\/p>\n\n\n\n<p>M\u0141<\/p>\n","protected":false},"excerpt":{"rendered":"<p>Ju\u017c 26 listopada 2025 r. w \u0142\u00f3dzkim Hotelu PURO odb\u0119dzie si\u0119 seminarium skierowane do przedsi\u0119biorc\u00f3w, kt\u00f3rzy chc\u0105 budowa\u0107 siln\u0105 pozycj\u0119 [&#8230;]<\/p>\n<p><a class=\"btn btn-secondary understrap-read-more-link\" href=\"https:\/\/uniejow.pl\/ucop\/aktualnosci\/seminarium-o-budowaniu-marki-polskich-produktow-na-rynku-niemieckim\/\">Czytaj dalej\u2026<span class=\"screen-reader-text\"> from Seminarium o budowaniu marki polskich produkt\u00f3w na rynku niemieckim<\/span><\/a><\/p>\n","protected":false},"author":5,"featured_media":2182,"comment_status":"closed","ping_status":"closed","sticky":false,"template":"","format":"standard","meta":{"_acf_changed":false,"footnotes":""},"categories":[4],"tags":[],"class_list":["post-2181","post","type-post","status-publish","format-standard","has-post-thumbnail","hentry","category-aktualnosci"],"acf":[],"_links":{"self":[{"href":"https:\/\/uniejow.pl\/ucop\/wp-json\/wp\/v2\/posts\/2181","targetHints":{"allow":["GET"]}}],"collection":[{"href":"https:\/\/uniejow.pl\/ucop\/wp-json\/wp\/v2\/posts"}],"about":[{"href":"https:\/\/uniejow.pl\/ucop\/wp-json\/wp\/v2\/types\/post"}],"author":[{"embeddable":true,"href":"https:\/\/uniejow.pl\/ucop\/wp-json\/wp\/v2\/users\/5"}],"replies":[{"embeddable":true,"href":"https:\/\/uniejow.pl\/ucop\/wp-json\/wp\/v2\/comments?post=2181"}],"version-history":[{"count":2,"href":"https:\/\/uniejow.pl\/ucop\/wp-json\/wp\/v2\/posts\/2181\/revisions"}],"predecessor-version":[{"id":2194,"href":"https:\/\/uniejow.pl\/ucop\/wp-json\/wp\/v2\/posts\/2181\/revisions\/2194"}],"wp:featuredmedia":[{"embeddable":true,"href":"https:\/\/uniejow.pl\/ucop\/wp-json\/wp\/v2\/media\/2182"}],"wp:attachment":[{"href":"https:\/\/uniejow.pl\/ucop\/wp-json\/wp\/v2\/media?parent=2181"}],"wp:term":[{"taxonomy":"category","embeddable":true,"href":"https:\/\/uniejow.pl\/ucop\/wp-json\/wp\/v2\/categories?post=2181"},{"taxonomy":"post_tag","embeddable":true,"href":"https:\/\/uniejow.pl\/ucop\/wp-json\/wp\/v2\/tags?post=2181"}],"curies":[{"name":"wp","href":"https:\/\/api.w.org\/{rel}","templated":true}]}}