{"id":2185,"date":"2025-11-25T15:14:14","date_gmt":"2025-11-25T14:14:14","guid":{"rendered":"https:\/\/uniejow.pl\/ucop\/?p=2185"},"modified":"2025-12-01T14:47:18","modified_gmt":"2025-12-01T13:47:18","slug":"akademia-beneficjenta-2025-cykl-szkolen-stacjonarnych","status":"publish","type":"post","link":"https:\/\/uniejow.pl\/ucop\/aktualnosci\/akademia-beneficjenta-2025-cykl-szkolen-stacjonarnych\/","title":{"rendered":"Akademia Beneficjenta 2025 \u2013 cykl szkole\u0144 stacjonarnych."},"content":{"rendered":"\n<p><\/p>\n\n\n\n<p>Akademia Beneficjenta to cykl specjalistycznych szkole\u0144 wsp\u00f3\u0142finansowanych z Funduszy Europejskich, skierowany do os\u00f3b i instytucji realizuj\u0105cych projekty unijne. Warsztaty prowadzone s\u0105 przez do\u015bwiadczonych praktyk\u00f3w i ekspert\u00f3w.<\/p>\n\n\n\n<p>Oferta skierowana jest w g\u0142\u00f3wnej mierze do&nbsp;<strong>przedsi\u0119biorstw sektora M\u015aP<\/strong>, oraz&nbsp;du\u017cych przedsi\u0119biorstw, uczelni, jednostek badawczych, jednostek samorz\u0105du terytorialnego, klastr\u00f3w, izb gospodarczych, instytucji otoczenia biznesu, o\u015brodk\u00f3w innowacji.<\/p>\n\n\n\n<p>W dniach <strong>od 1 do 19 grudnia<\/strong> odb\u0119dzie si\u0119 kolejna edycja Akademii Beneficjenta \u2013 cyklu specjalistycznych szkole\u0144 po\u015bwi\u0119conych realizacji projekt\u00f3w wsp\u00f3\u0142finansowanych ze \u015brodk\u00f3w Unii Europejskiej. Szkolenia poprowadz\u0105 do\u015bwiadczeni eksperci, a ka\u017cdy uczestnik po zako\u0144czeniu zaj\u0119\u0107 otrzyma certyfikat oraz komplet materia\u0142\u00f3w szkoleniowych.<\/p>\n\n\n\n<p>Spotkania organizowane b\u0119d\u0105 w sali konferencyjnej Centrum Obs\u0142ugi Przedsi\u0119biorcy w \u0141odzi, przy ul. Moniuszki 7\/9.<\/p>\n\n\n\n<p><\/p>\n\n\n\n<h2 class=\"wp-block-heading\">Daty szkole\u0144<\/h2>\n\n\n\n<ul class=\"wp-block-list\">\n<li><strong>1 grudnia \u2013 poniedzia\u0142ek \u2013 godzina do 9:00 do 15:00<\/strong><br>Wy\u0142anianie wykonawc\u00f3w \u2013 zasada konkurencyjno\u015bci<\/li>\n\n\n\n<li><strong>4 grudnia \u2013 czwartek \u2013 godzina do 9:00 do 15:00<\/strong><br>Realizacja projekt\u00f3w<\/li>\n\n\n\n<li><strong>8 grudnia \u2013 poniedzia\u0142ek \u2013 godzina do 9:00 do 15:00<\/strong><br>Ksi\u0119gowo\u015b\u0107 w projektach unijnych<\/li>\n\n\n\n<li><strong>11 grudnia \u2013 czwartek \u2013 godzina do 9:00 do 15:00<\/strong><br>Zamykanie projektu i okres trwa\u0142o\u015bci<\/li>\n\n\n\n<li><strong>15 grudnia \u2013 poniedzia\u0142ek \u2013 godzina do 9:00 do 15:00<\/strong><br>Obs\u0142uga systemu CST2021<\/li>\n<\/ul>\n\n\n\n<ol class=\"wp-block-list\">\n<li>Aby wzi\u0105\u0107 udzia\u0142 w szkoleniu, musisz si\u0119 na nie zapisa\u0107 poprzez specjalny formularz. Zapisy trwaj\u0105 do odwo\u0142ania lub do wyczerpania miejsc. Ilo\u015b\u0107 uczestnik\u00f3w na ka\u017cdym ze szkole\u0144 jest ograniczona.&nbsp;<\/li>\n\n\n\n<li>Po uzupe\u0142nieniu formularza zapisu otrzymacie Pa\u0144stwo wiadomo\u015b\u0107 e-mail potwierdzaj\u0105c\u0105 rejestracj\u0119.<\/li>\n\n\n\n<li>Osoby z niepe\u0142nosprawno\u015bciami prosimy o przes\u0142anie zakresu koniecznych udogodnie\u0144, kt\u00f3re ewentualnie mogliby\u015bmy zapewni\u0107, na adres mailowy <a href=\"mailto:promocja@cop.lodzkie.pl\">promocja@cop.lodzkie.pl<\/a><\/li>\n\n\n\n<li>Szkolenie b\u0119dzie mog\u0142o si\u0119 odby\u0107 we wskazanym terminie, je\u015bli zapisze si\u0119 na nie min. 12 os\u00f3b.<\/li>\n<\/ol>\n\n\n\n<p><a href=\"https:\/\/forms.office.com\/e\/rHJQkuayiF\" target=\"_blank\" rel=\"noreferrer noopener\">ZAREJESTRUJ SI\u0118<\/a><\/p>\n\n\n\n<p><\/p>\n\n\n\n<h2 class=\"wp-block-heading\">Agenda szkole\u0144<\/h2>\n\n\n\n<ul class=\"wp-block-list\">\n<li>8:30 \u2013 9:00 \u2013 rejestracja \u2013 serwis kawowy<\/li>\n\n\n\n<li><strong>10:40 \u2013 12:00 \u2013 wyk\u0142ad cz. I<\/strong><\/li>\n\n\n\n<li>10:30 \u2013 10:40 \u2013 przerwa \u2013 serwis kawowy<\/li>\n\n\n\n<li><strong>10:40 \u2013 12:00 \u2013 wyk\u0142ad cz. II<\/strong><\/li>\n\n\n\n<li>12:00 \u2013 12:10 \u2013 przerwa \u2013 serwis kawowy<\/li>\n\n\n\n<li><strong>12:10 \u2013 13:40 \u2013 wyk\u0142ad cz. III<\/strong><\/li>\n\n\n\n<li>13:40 \u2013 14:00 \u2013 przerwa obiadowa \u2013 ciep\u0142y posi\u0142ek<\/li>\n\n\n\n<li><strong>14:00 \u2013 15:00 \u2013 Sesja pyta\u0144 i odpowiedzi<\/strong><\/li>\n\n\n\n<li>15:00 \u2013 15:15 \u2013 serwis kawowy<\/li>\n<\/ul>\n\n\n\n<p><\/p>\n\n\n\n<h3 class=\"wp-block-heading\">Kontakt:<\/h3>\n\n\n\n<p><strong>Szymon Malinowski \u2013 Zesp\u00f3\u0142 Komunikacji i Promocji<\/strong><br>+48 42 230 15 88<br>s.malinowski@cop.lodzkie.pl<br><br><strong>Sekretariat<\/strong><br>+48 42 230 15 50<\/p>\n\n\n\n<p><\/p>\n\n\n\n<p>M\u0141<\/p>\n","protected":false},"excerpt":{"rendered":"<p>Akademia Beneficjenta to cykl specjalistycznych szkole\u0144 wsp\u00f3\u0142finansowanych z Funduszy Europejskich, skierowany do os\u00f3b i instytucji realizuj\u0105cych projekty unijne. Warsztaty prowadzone [&#8230;]<\/p>\n<p><a class=\"btn btn-secondary understrap-read-more-link\" href=\"https:\/\/uniejow.pl\/ucop\/aktualnosci\/akademia-beneficjenta-2025-cykl-szkolen-stacjonarnych\/\">Czytaj dalej\u2026<span class=\"screen-reader-text\"> from Akademia Beneficjenta 2025 \u2013 cykl szkole\u0144 stacjonarnych.<\/span><\/a><\/p>\n","protected":false},"author":5,"featured_media":2186,"comment_status":"closed","ping_status":"closed","sticky":false,"template":"","format":"standard","meta":{"_acf_changed":false,"footnotes":""},"categories":[4],"tags":[],"class_list":["post-2185","post","type-post","status-publish","format-standard","has-post-thumbnail","hentry","category-aktualnosci"],"acf":[],"_links":{"self":[{"href":"https:\/\/uniejow.pl\/ucop\/wp-json\/wp\/v2\/posts\/2185","targetHints":{"allow":["GET"]}}],"collection":[{"href":"https:\/\/uniejow.pl\/ucop\/wp-json\/wp\/v2\/posts"}],"about":[{"href":"https:\/\/uniejow.pl\/ucop\/wp-json\/wp\/v2\/types\/post"}],"author":[{"embeddable":true,"href":"https:\/\/uniejow.pl\/ucop\/wp-json\/wp\/v2\/users\/5"}],"replies":[{"embeddable":true,"href":"https:\/\/uniejow.pl\/ucop\/wp-json\/wp\/v2\/comments?post=2185"}],"version-history":[{"count":2,"href":"https:\/\/uniejow.pl\/ucop\/wp-json\/wp\/v2\/posts\/2185\/revisions"}],"predecessor-version":[{"id":2193,"href":"https:\/\/uniejow.pl\/ucop\/wp-json\/wp\/v2\/posts\/2185\/revisions\/2193"}],"wp:featuredmedia":[{"embeddable":true,"href":"https:\/\/uniejow.pl\/ucop\/wp-json\/wp\/v2\/media\/2186"}],"wp:attachment":[{"href":"https:\/\/uniejow.pl\/ucop\/wp-json\/wp\/v2\/media?parent=2185"}],"wp:term":[{"taxonomy":"category","embeddable":true,"href":"https:\/\/uniejow.pl\/ucop\/wp-json\/wp\/v2\/categories?post=2185"},{"taxonomy":"post_tag","embeddable":true,"href":"https:\/\/uniejow.pl\/ucop\/wp-json\/wp\/v2\/tags?post=2185"}],"curies":[{"name":"wp","href":"https:\/\/api.w.org\/{rel}","templated":true}]}}