{"id":2188,"date":"2025-12-01T14:45:28","date_gmt":"2025-12-01T13:45:28","guid":{"rendered":"https:\/\/uniejow.pl\/ucop\/?p=2188"},"modified":"2025-12-01T14:46:47","modified_gmt":"2025-12-01T13:46:47","slug":"spotkanie-informacyjne-dotyczace-bonow-szkoleniowych-w-lodzkim-domu-biznesu","status":"publish","type":"post","link":"https:\/\/uniejow.pl\/ucop\/aktualnosci\/spotkanie-informacyjne-dotyczace-bonow-szkoleniowych-w-lodzkim-domu-biznesu\/","title":{"rendered":"Spotkanie informacyjne dotycz\u0105ce bon\u00f3w szkoleniowych w \u0141\u00f3dzkim Domu Biznesu"},"content":{"rendered":"\n<p><\/p>\n\n\n\n<p>Na pocz\u0105tku grudnia odb\u0119dzie si\u0119 spotkanie informacyjne po\u015bwi\u0119cone mo\u017cliwo\u015bci skorzystania z dofinansowania do szkole\u0144 w formie bon\u00f3w szkoleniowych skierowanych do przedsi\u0119biorc\u00f3w, pracownik\u00f3w oraz os\u00f3b fizycznych z wojew\u00f3dztwa \u0142\u00f3dzkiego. Wydarzenie odb\u0119dzie si\u0119 <strong>12 grudnia 2025 r.<\/strong> w <strong>Iness Hotel<\/strong>, ul. Wr\u00f3blewskiego 19\/23                                w \u0141odzi.<\/p>\n\n\n\n<p>Program spotkania obejmie przedstawienie aktualnie realizowanych projekt\u00f3w szkoleniowych oraz om\u00f3wienie zasad aplikowania o bony szkoleniowe dost\u0119pne dla mieszka\u0144c\u00f3w regionu. \u0141\u0105czna warto\u015b\u0107 dost\u0119pnego dofinansowania         w projektach wynosi <strong>55 mln z\u0142<\/strong>, a z dofinansowanych us\u0142ug rozwojowych mo\u017ce skorzysta\u0107 ok. <strong>5 500 os\u00f3b<\/strong>.<\/p>\n\n\n\n<p>W trakcie spotkania uczestnicy otrzymaj\u0105 informacje o:<\/p>\n\n\n\n<ul class=\"wp-block-list\">\n<li>maksymalnych poziomach dofinansowania (m.in. do 11 000 z\u0142 dla os\u00f3b fizycznych, przy wk\u0142adzie w\u0142asnym 7%; do 85% dla mikro i ma\u0142ych firm; do 93% dla okre\u015blonych grup),<\/li>\n\n\n\n<li>zasadach udzia\u0142u w projektach dla os\u00f3b fizycznych, przedsi\u0119biorc\u00f3w, pracownik\u00f3w organizacji pozarz\u0105dowych oraz podmiot\u00f3w publicznych,<\/li>\n\n\n\n<li>mo\u017cliwo\u015bciach korzystania ze szkole\u0144, kurs\u00f3w, doradztwa i studi\u00f3w podyplomowych dost\u0119pnych w Bazie Us\u0142ug Rozwojowych,<\/li>\n\n\n\n<li>aktualnych trendach szkoleniowych i obszarach, kt\u00f3re warto rozwija\u0107 z perspektywy pracownik\u00f3w i firm.<\/li>\n<\/ul>\n\n\n\n<p>Podczas wydarzenia dzia\u0142a\u0107 b\u0119dzie r\u00f3wnie\u017c <strong>punkt konsultacyjny<\/strong>, w kt\u00f3rym uczestnicy b\u0119d\u0105 mogli uzyska\u0107 odpowiedzi na pytania dotycz\u0105ce procedury aplikowania i zasad kwalifikacji.<\/p>\n\n\n\n<p><\/p>\n\n\n\n<h2 class=\"wp-block-heading\">Program spotkania<\/h2>\n\n\n\n<p><strong>Termin:<\/strong> 12.12.2025 (pi\u0105tek)<br><strong>Miejsce:<\/strong> Iness Hotel, ul. Wr\u00f3blewskiego 19\/23 \u2013 sala C (parter)<br><strong>Godzina:<\/strong> 10:30\u201314:00<\/p>\n\n\n\n<p><strong>10:30<\/strong> \u2013 Rejestracja uczestnik\u00f3w<br><strong>11:00<\/strong> \u2013 Powitanie, przedstawienie programu<br><strong>11:10<\/strong> \u2013 Zasady aplikowania w projekcie \u201eMennica Us\u0142ug Szkoleniowych 2\u201d<\/p>\n\n\n\n<h3 class=\"wp-block-heading\">Strefa mo\u017cliwo\u015bci szkoleniowych \u2013 cz\u0119\u015b\u0107 1<\/h3>\n\n\n\n<p><strong>11:30<\/strong> \u2013 Ma\u0142gorzata Podk\u00f3wka-Wawrzonek (Centrum J\u0119zyk\u00f3w Obcych Foster): <em>Jak znajomo\u015b\u0107 j\u0119zyk\u00f3w otwiera nowe rynki i klient\u00f3w dla firmy<\/em><br><strong>11:40<\/strong> \u2013 Oskar Jankowiak (Oskar&amp;Co): <em>O mechanizmach psychologicznych i nowym spojrzeniu na sprzeda\u017c<\/em><br><strong>11:50<\/strong> \u2013 Przerwa kawowa<br><strong>12:10<\/strong> \u2013 Zasady aplikowania przez osoby fizyczne w projekcie \u201eMennica Us\u0142ug Szkoleniowych dla Mieszka\u0144c\u00f3w Obszaru Transformacji\u201d<\/p>\n\n\n\n<h3 class=\"wp-block-heading\">Strefa mo\u017cliwo\u015bci szkoleniowych \u2013 cz\u0119\u015b\u0107 2<\/h3>\n\n\n\n<p><strong>12:30<\/strong> \u2013 Katarzyna Radziejewska: <em>Twoja moc komunikacji \u2013 jak odkry\u0107 w\u0142asny potencja\u0142 i przeku\u0107 go w wyniki<\/em><br><strong>12:40<\/strong> \u2013 Pawe\u0142 Wielkopolan: <em>Marka, kt\u00f3ra inspiruje \u2013 jak wykorzysta\u0107 potencja\u0142 ludzi i relacji do rozwoju firmy<\/em><br><strong>12:50<\/strong> \u2013 Zasady aplikowania przez osoby fizyczne w projekcie \u201eMennica Us\u0142ug Szkoleniowych 3\u201d<\/p>\n\n\n\n<p><strong>13:10<\/strong> \u2013 Sesja pyta\u0144 i odpowiedzi oraz networking przy kawie<\/p>\n\n\n\n<p><\/p>\n\n\n\n<p><strong>Udzia\u0142 w wydarzeniu jest bezp\u0142atny. Warunkiem uczestnictwa jest wcze\u015bniejsza rejestracja poprzez                       <a href=\"https:\/\/lodzkidombiznesu.pl\/kontakt\/\">formularz kontaktowy.<\/a><\/strong><\/p>\n\n\n\n<p>M\u0141<\/p>\n","protected":false},"excerpt":{"rendered":"<p>Na pocz\u0105tku grudnia odb\u0119dzie si\u0119 spotkanie informacyjne po\u015bwi\u0119cone mo\u017cliwo\u015bci skorzystania z dofinansowania do szkole\u0144 w formie bon\u00f3w szkoleniowych skierowanych do [&#8230;]<\/p>\n<p><a class=\"btn btn-secondary understrap-read-more-link\" href=\"https:\/\/uniejow.pl\/ucop\/aktualnosci\/spotkanie-informacyjne-dotyczace-bonow-szkoleniowych-w-lodzkim-domu-biznesu\/\">Czytaj dalej\u2026<span class=\"screen-reader-text\"> from Spotkanie informacyjne dotycz\u0105ce bon\u00f3w szkoleniowych w \u0141\u00f3dzkim Domu Biznesu<\/span><\/a><\/p>\n","protected":false},"author":5,"featured_media":2189,"comment_status":"closed","ping_status":"closed","sticky":false,"template":"","format":"standard","meta":{"_acf_changed":false,"footnotes":""},"categories":[4],"tags":[],"class_list":["post-2188","post","type-post","status-publish","format-standard","has-post-thumbnail","hentry","category-aktualnosci"],"acf":[],"_links":{"self":[{"href":"https:\/\/uniejow.pl\/ucop\/wp-json\/wp\/v2\/posts\/2188","targetHints":{"allow":["GET"]}}],"collection":[{"href":"https:\/\/uniejow.pl\/ucop\/wp-json\/wp\/v2\/posts"}],"about":[{"href":"https:\/\/uniejow.pl\/ucop\/wp-json\/wp\/v2\/types\/post"}],"author":[{"embeddable":true,"href":"https:\/\/uniejow.pl\/ucop\/wp-json\/wp\/v2\/users\/5"}],"replies":[{"embeddable":true,"href":"https:\/\/uniejow.pl\/ucop\/wp-json\/wp\/v2\/comments?post=2188"}],"version-history":[{"count":3,"href":"https:\/\/uniejow.pl\/ucop\/wp-json\/wp\/v2\/posts\/2188\/revisions"}],"predecessor-version":[{"id":2192,"href":"https:\/\/uniejow.pl\/ucop\/wp-json\/wp\/v2\/posts\/2188\/revisions\/2192"}],"wp:featuredmedia":[{"embeddable":true,"href":"https:\/\/uniejow.pl\/ucop\/wp-json\/wp\/v2\/media\/2189"}],"wp:attachment":[{"href":"https:\/\/uniejow.pl\/ucop\/wp-json\/wp\/v2\/media?parent=2188"}],"wp:term":[{"taxonomy":"category","embeddable":true,"href":"https:\/\/uniejow.pl\/ucop\/wp-json\/wp\/v2\/categories?post=2188"},{"taxonomy":"post_tag","embeddable":true,"href":"https:\/\/uniejow.pl\/ucop\/wp-json\/wp\/v2\/tags?post=2188"}],"curies":[{"name":"wp","href":"https:\/\/api.w.org\/{rel}","templated":true}]}}