{"id":2228,"date":"2025-12-08T15:04:18","date_gmt":"2025-12-08T14:04:18","guid":{"rendered":"https:\/\/uniejow.pl\/ucop\/?p=2228"},"modified":"2025-12-08T15:04:19","modified_gmt":"2025-12-08T14:04:19","slug":"lodzkie-dla-przedsiebiorcow-kalendarz-targowy-na-2026-rok","status":"publish","type":"post","link":"https:\/\/uniejow.pl\/ucop\/aktualnosci\/lodzkie-dla-przedsiebiorcow-kalendarz-targowy-na-2026-rok\/","title":{"rendered":"\u0141\u00f3dzkie dla przedsi\u0119biorc\u00f3w. Kalendarz targowy na 2026 rok"},"content":{"rendered":"\n<p><\/p>\n\n\n\n<p>Urz\u0105d Marsza\u0142kowski Wojew\u00f3dztwa \u0141\u00f3dzkiego zaprezentowa\u0142 kalendarz targ\u00f3w i misji gospodarczych na przysz\u0142y rok i ju\u017c dzi\u015b zach\u0119ca przedsi\u0119biorc\u00f3w do zg\u0142aszania si\u0119 na wyjazdy. To kolejny etap dzia\u0142a\u0144 wspieraj\u0105cych promocj\u0119 firm z regionu \u2013 zar\u00f3wno w kraju, jak i na najwa\u017cniejszych wydarzeniach bran\u017cowych na \u015bwiecie.<\/p>\n\n\n\n<p>\u2013 <strong>Region \u0142\u00f3dzki to miejsce ludzi innowacyjnych i odwa\u017cnych, gotowych zdobywa\u0107 globalne rynki<\/strong> \u2013 podkre\u015bla marsza\u0142ek Joanna Skrzydlewska. \u2013 <strong>Nasz\u0105 rol\u0105 jest wspiera\u0107 ich rozw\u00f3j i ekspansj\u0119 mi\u0119dzynarodow\u0105.<\/strong><\/p>\n\n\n\n<p>Podczas konferencji w Muzeum Sztuki MS2 zaprezentowa\u0142y si\u0119 firmy, kt\u00f3re w ostatnich latach uczestniczy\u0142y w misjach i targach dzi\u0119ki wsparciu Urz\u0119du, m.in. Olejvita, Pasieka Jaros, Lucky Handmade, VegeLIO, Piekarnia DANA, MPR Labs, LOVISH, studio projektowe Agaty Wojtkiewicz, Afterburn, DVD Unicorns czy Liki Mobile Solutions.<\/p>\n\n\n\n<p>Przedsi\u0119biorcy podkre\u015blaj\u0105, \u017ce udzia\u0142 w mi\u0119dzynarodowych wydarzeniach to <strong>skuteczny spos\u00f3b budowania marki, wiarygodno\u015bci oraz relacji biznesowych<\/strong>. \u2013 Wyjazdy pozwalaj\u0105 pokazywa\u0107 innowacje, zdobywa\u0107 kontrakty i wzmacnia\u0107 rozpoznawalno\u015b\u0107 \u2013 m\u00f3wi Jan Ekiel z Liki Mobile Solutions. \u2013 To realna szansa na rozw\u00f3j na \u015bwiatowych rynkach \u2013 dodaje Gabriela \u017burawska z Olejvita.<\/p>\n\n\n\n<p>W 2026 roku zaplanowano liczne wyjazdy, m.in. do Berlina, Barcelony, Bolonii, Londynu i Bangkoku. Ju\u017c w grudniu rusza rekrutacja na targi <strong>Fruit Logistica<\/strong>.<\/p>\n\n\n\n<p>Udzia\u0142 firm w misjach i targach mo\u017cliwy jest dzi\u0119ki projektom unijnym <strong>InterEuropa<\/strong> oraz <strong>Kierunek Azja<\/strong>, wsp\u00f3\u0142finansowanym z Funduszy Europejskich dla \u0141\u00f3dzkiego 2021\u20132027 oraz bud\u017cetu wojew\u00f3dztwa.<\/p>\n\n\n\n<p>Pe\u0142ny harmonogram wydarze\u0144 dost\u0119pny jest w poni\u017cszej tabeli, a bie\u017c\u0105ce nabory publikowane b\u0119d\u0105 na stronie <strong>\u0141\u00f3dzkie dla Biznesu<\/strong>.<\/p>\n\n\n\n<div data-wp-interactive=\"core\/file\" class=\"wp-block-file\"><object data-wp-bind--hidden=\"!state.hasPdfPreview\" hidden class=\"wp-block-file__embed\" data=\"https:\/\/uniejow.pl\/ucop\/wp-content\/uploads\/2025\/12\/targi_2026-2.pdf\" type=\"application\/pdf\" style=\"width:100%;height:600px\" aria-label=\"Osadzone z targi_2026-2.\"><\/object><a id=\"wp-block-file--media-00d44acd-d81f-4629-8e07-25babb38ce45\" href=\"https:\/\/uniejow.pl\/ucop\/wp-content\/uploads\/2025\/12\/targi_2026-2.pdf\">targi_2026-2<\/a><a href=\"https:\/\/uniejow.pl\/ucop\/wp-content\/uploads\/2025\/12\/targi_2026-2.pdf\" class=\"wp-block-file__button wp-element-button\" download aria-describedby=\"wp-block-file--media-00d44acd-d81f-4629-8e07-25babb38ce45\">Pobierz<\/a><\/div>\n\n\n\n<p><\/p>\n\n\n\n<p><\/p>\n\n\n\n<p>M\u0141<\/p>\n","protected":false},"excerpt":{"rendered":"<p>Urz\u0105d Marsza\u0142kowski Wojew\u00f3dztwa \u0141\u00f3dzkiego zaprezentowa\u0142 kalendarz targ\u00f3w i misji gospodarczych na przysz\u0142y rok i ju\u017c dzi\u015b zach\u0119ca przedsi\u0119biorc\u00f3w do zg\u0142aszania [&#8230;]<\/p>\n<p><a class=\"btn btn-secondary understrap-read-more-link\" href=\"https:\/\/uniejow.pl\/ucop\/aktualnosci\/lodzkie-dla-przedsiebiorcow-kalendarz-targowy-na-2026-rok\/\">Czytaj dalej\u2026<span class=\"screen-reader-text\"> from \u0141\u00f3dzkie dla przedsi\u0119biorc\u00f3w. Kalendarz targowy na 2026 rok<\/span><\/a><\/p>\n","protected":false},"author":5,"featured_media":2230,"comment_status":"closed","ping_status":"closed","sticky":false,"template":"","format":"standard","meta":{"_acf_changed":false,"footnotes":""},"categories":[4],"tags":[],"class_list":["post-2228","post","type-post","status-publish","format-standard","has-post-thumbnail","hentry","category-aktualnosci"],"acf":[],"_links":{"self":[{"href":"https:\/\/uniejow.pl\/ucop\/wp-json\/wp\/v2\/posts\/2228","targetHints":{"allow":["GET"]}}],"collection":[{"href":"https:\/\/uniejow.pl\/ucop\/wp-json\/wp\/v2\/posts"}],"about":[{"href":"https:\/\/uniejow.pl\/ucop\/wp-json\/wp\/v2\/types\/post"}],"author":[{"embeddable":true,"href":"https:\/\/uniejow.pl\/ucop\/wp-json\/wp\/v2\/users\/5"}],"replies":[{"embeddable":true,"href":"https:\/\/uniejow.pl\/ucop\/wp-json\/wp\/v2\/comments?post=2228"}],"version-history":[{"count":1,"href":"https:\/\/uniejow.pl\/ucop\/wp-json\/wp\/v2\/posts\/2228\/revisions"}],"predecessor-version":[{"id":2231,"href":"https:\/\/uniejow.pl\/ucop\/wp-json\/wp\/v2\/posts\/2228\/revisions\/2231"}],"wp:featuredmedia":[{"embeddable":true,"href":"https:\/\/uniejow.pl\/ucop\/wp-json\/wp\/v2\/media\/2230"}],"wp:attachment":[{"href":"https:\/\/uniejow.pl\/ucop\/wp-json\/wp\/v2\/media?parent=2228"}],"wp:term":[{"taxonomy":"category","embeddable":true,"href":"https:\/\/uniejow.pl\/ucop\/wp-json\/wp\/v2\/categories?post=2228"},{"taxonomy":"post_tag","embeddable":true,"href":"https:\/\/uniejow.pl\/ucop\/wp-json\/wp\/v2\/tags?post=2228"}],"curies":[{"name":"wp","href":"https:\/\/api.w.org\/{rel}","templated":true}]}}